{"id":71183,"date":"2020-02-10T09:56:15","date_gmt":"2020-02-10T07:56:15","guid":{"rendered":"http:\/\/giurgiu-net.ro\/?p=71183"},"modified":"2020-02-10T09:56:15","modified_gmt":"2020-02-10T07:56:15","slug":"sedinta-la-cj-giurgiu-ce-proiecte-de-hotarare-sunt-pe-ordinea-de-zi-citeste-aici","status":"publish","type":"post","link":"https:\/\/giurgiu-net.ro\/index.php\/2020\/02\/10\/sedinta-la-cj-giurgiu-ce-proiecte-de-hotarare-sunt-pe-ordinea-de-zi-citeste-aici\/","title":{"rendered":"\u015eedin\u0163\u0103 la CJ Giurgiu! Ce proiecte de hot\u0103r\u00e2re sunt pe ordinea de zi? CITE\u015eTE AICI!"},"content":{"rendered":"\n<p>Consilierii jude\u0163eni giurgiuveni se vor reuni vineri, 14 februarie, \u00een \u015fedin\u0163\u0103 ordinar\u0103. Sunt 8 proiecte pe ordinea de zi, dup\u0103 cum urmeaz\u0103:<\/p>\n\n\n\n<p>1. Aprobarea procesului verbal al \u015fedin\u0163ei extraordinare publice din data de 15 ianuarie 2020 a Consiliului Jude\u021bean<br \/>2.Proiect de hot\u0103r\u00e2re privind constatarea \u00eencet\u0103rii de drept \u00eenainte de expirarea duratei normale a mandatului a calit\u0103\u021bii de consilier jude\u021bean a domnului Vasile Must\u0103\u021bea \u0219i vacantarea locului de consilier jude\u021bean ocupat de acesta<br \/>3. Proiect de hot\u0103r\u00e2re privind aprobarea bugetului propriu de venituri \u015fi cheltuieli al jude\u0163ului Giurgiu, \u0219i a bugetului de venituri \u015fi cheltuieli al institu\u0163iilor publice finan\u0163ate integral sau par\u0163ial din venituri proprii \u0219i subven\u021bii, pe anul 2020<br \/>4. Proiect de hot\u0103r\u00e2re privind repartizarea pe unit\u0103\u021bi administrativ-teritoriale a fondului constituit la dispozi\u021bia Consiliului Jude\u021bean, conform prevederilor Legii bugetului de stat pe anul 2020, nr.5\/2020, art.6 alin.(6) \u0219i repartizarea pe unit\u0103\u021bi administrativ-teritoriale a sumelor defalcate din unele venituri ale bugetului de stat pentru echilibrarea bugetelor locale, conform art.33 alin.(3) lit.b) din Legea nr.273\/2006, estim\u0103ri 2021-2023<br \/>5. Proiect de hot\u0103r\u00e2re privind aprobarea actualiz\u0103rii indicatorilor tehnico-economici la faza D.A.L.I. pentru obiectivul de investi\u021bii \u201eReabilitare DJ 401A Bolintin Vale\u2013Palanca, km 46+765 \u2013 km 50+000; 3,235 km\u201d<\/p>\n\n\n\n<p>6. Proiect de hot\u0103r\u00e2re privind aprobarea revizuirii documenta\u021biei tehnico-economice la faza P.T. pentru obiectivul de investi\u021bii \u201eReabilitare DJ 401A Bolintin Vale\u2013Palanca, km 46+765 \u2013 km 50+000; 3,235 km\u201d<br \/>7. Proiect de hot\u0103r\u00e2re pentru modificarea Anexei la Hot\u0103r\u00e2rea nr.141 din 25 octombrie 2019 a Consiliului Jude\u021bean Giurgiu privind completarea inventarului bunurilor care apar\u021bin domeniului public al Jude\u021bului Giurgiu pentru drumul jude\u021bean DJ 505 \u0219i obiectivele aferente acestuia (poduri-pode\u021be)<br \/>8. Proiect de hot\u0103r\u00e2re privind trecerea din domeniul public \u00een domeniul privat al Jude\u021bului Giurgiu a construc\u021biei C2 \u2013 garaj, situat\u0103 \u00een Municipiul Giurgiu, Str. Baciului, nr.26 aflat\u0103 \u00een administrarea Direc\u021biei Generale de Asisten\u021b\u0103 Social\u0103 \u0219i Protec\u021bia Copilului Giurgiu, \u00een scopul desfiin\u021b\u0103rii\u201d<\/p>\n\n\n\n<p>Proiectele pot fi studiate AICI:&nbsp;<a href=\"https:\/\/www.cjgiurgiu.ro\/portal\/giurgiu\/cj\/portal.nsf\/AllByUNID?OpenView&amp;GetPage=%2Fportal%2Fgiurgiu%2Fcj%2FStiri.nsf%2FvwStiri%2F66E8D9802E594090C22585070039A60B%3FOpenDocument%7CTipDocument%3DSedinte&amp;fbclid=IwAR2ci1PjdFWmthSXYcPorin8WZLJFDc93P5GMKJrNYCpeY0IsrOrELm9oIY\" target=\"_blank\" rel=\"noreferrer noopener\">https:\/\/www.cjgiurgiu.ro\/por\u2026\/giurgiu\/\u2026\/portal.nsf\/AllByUNID\u2026<\/a><\/p>\n","protected":false},"excerpt":{"rendered":"<p>Consilierii jude\u0163eni giurgiuveni se vor reuni vineri, 14 februarie, \u00een \u015fedin\u0163\u0103 ordinar\u0103. Sunt 8 proiecte pe ordinea de zi, dup\u0103 cum urmeaz\u0103: 1. Aprobarea procesului verbal al \u015fedin\u0163ei extraordinare publice din data de 15 ianuarie 2020 a Consiliului Jude\u021bean2.Proiect de hot\u0103r\u00e2re privind constatarea \u00eencet\u0103rii de drept \u00eenainte de expirarea duratei normale a mandatului a calit\u0103\u021bii [&hellip;]<\/p>\n","protected":false},"author":1,"featured_media":68049,"comment_status":"open","ping_status":"open","sticky":false,"template":"","format":"standard","meta":{"slim_seo":{"title":"\u015eedin\u0163\u0103 la CJ Giurgiu! Ce proiecte de hot\u0103r\u00e2re sunt pe ordinea de zi? CITE\u015eTE AICI! - GIURGIU NET","description":"Consilierii jude\u0163eni giurgiuveni se vor reuni vineri, 14 februarie, \u00een \u015fedin\u0163\u0103 ordinar\u0103. Sunt 8 proiecte pe ordinea de zi, dup\u0103 cum urmeaz\u0103: 1. Aprobarea proces"},"footnotes":""},"categories":[18,19,28],"tags":[606],"class_list":{"0":"post-71183","1":"post","2":"type-post","3":"status-publish","4":"format-standard","5":"has-post-thumbnail","7":"category-actual","8":"category-adm","9":"category-uo","10":"tag-cj-giurgiu"},"_links":{"self":[{"href":"https:\/\/giurgiu-net.ro\/index.php\/wp-json\/wp\/v2\/posts\/71183","targetHints":{"allow":["GET"]}}],"collection":[{"href":"https:\/\/giurgiu-net.ro\/index.php\/wp-json\/wp\/v2\/posts"}],"about":[{"href":"https:\/\/giurgiu-net.ro\/index.php\/wp-json\/wp\/v2\/types\/post"}],"author":[{"embeddable":true,"href":"https:\/\/giurgiu-net.ro\/index.php\/wp-json\/wp\/v2\/users\/1"}],"replies":[{"embeddable":true,"href":"https:\/\/giurgiu-net.ro\/index.php\/wp-json\/wp\/v2\/comments?post=71183"}],"version-history":[{"count":0,"href":"https:\/\/giurgiu-net.ro\/index.php\/wp-json\/wp\/v2\/posts\/71183\/revisions"}],"wp:featuredmedia":[{"embeddable":true,"href":"https:\/\/giurgiu-net.ro\/index.php\/wp-json\/wp\/v2\/media\/68049"}],"wp:attachment":[{"href":"https:\/\/giurgiu-net.ro\/index.php\/wp-json\/wp\/v2\/media?parent=71183"}],"wp:term":[{"taxonomy":"category","embeddable":true,"href":"https:\/\/giurgiu-net.ro\/index.php\/wp-json\/wp\/v2\/categories?post=71183"},{"taxonomy":"post_tag","embeddable":true,"href":"https:\/\/giurgiu-net.ro\/index.php\/wp-json\/wp\/v2\/tags?post=71183"}],"curies":[{"name":"wp","href":"https:\/\/api.w.org\/{rel}","templated":true}]}}