{"id":71179,"date":"2020-02-10T07:48:29","date_gmt":"2020-02-10T05:48:29","guid":{"rendered":"http:\/\/giurgiu-net.ro\/?p=71179"},"modified":"2020-02-10T07:48:29","modified_gmt":"2020-02-10T05:48:29","slug":"temperaturi-pozitive-si-la-giurgiu-saptamana-aceasta","status":"publish","type":"post","link":"https:\/\/giurgiu-net.ro\/index.php\/2020\/02\/10\/temperaturi-pozitive-si-la-giurgiu-saptamana-aceasta\/","title":{"rendered":"Temperaturi pozitive, \u015fi la Giurgiu, s\u0103pt\u0103m\u00e2na aceasta"},"content":{"rendered":"\n<p>Vremea se \u00eenc\u0103lze\u015fte \u015fi la Giurgiu, astfel c\u0103, potrivit site-urilor de specialitate, maximele vor urca chiar p\u00e2n\u0103 la 10 grade celsius, la finalul acestei s\u0103pt\u0103m\u00e2ni.<\/p>\n\n\n\n<p>Ast\u0103zi, temperaturile maxime nu vor dep\u0103\u015fi 3 grade, \u00een timp ce mar\u0163i, 11 februarie, sunt a\u015fteptate ploi, cu o temperatur\u0103 de 7  grade celsius, la amiaz\u0103.<\/p>\n\n\n\n<p>De miercuri, vremea se va \u00eenc\u0103lzi treptat, nu vor mai fi ploi, iar maximele se vor \u00eencadra \u00eentre 8 \u015fi 10 grade Celsius.<\/p>\n\n\n\n<figure class=\"wp-block-image size-full\"><img loading=\"lazy\" decoding=\"async\" width=\"675\" height=\"509\" src=\"https:\/\/giurgiu-net.ro\/wp-content\/uploads\/2020\/02\/vrem.jpg\" alt=\"\" class=\"wp-image-71180\" srcset=\"https:\/\/giurgiu-net.ro\/wp-content\/uploads\/2020\/02\/vrem.jpg 675w, https:\/\/giurgiu-net.ro\/wp-content\/uploads\/2020\/02\/vrem-300x226.jpg 300w\" sizes=\"auto, (max-width: 675px) 100vw, 675px\" \/><\/figure>\n","protected":false},"excerpt":{"rendered":"<p>Vremea se \u00eenc\u0103lze\u015fte \u015fi la Giurgiu, astfel c\u0103, potrivit site-urilor de specialitate, maximele vor urca chiar p\u00e2n\u0103 la 10 grade celsius, la finalul acestei s\u0103pt\u0103m\u00e2ni. Ast\u0103zi, temperaturile maxime nu vor dep\u0103\u015fi 3 grade, \u00een timp ce mar\u0163i, 11 februarie, sunt a\u015fteptate ploi, cu o temperatur\u0103 de 7 grade celsius, la amiaz\u0103. De miercuri, vremea se [&hellip;]<\/p>\n","protected":false},"author":1,"featured_media":66412,"comment_status":"open","ping_status":"open","sticky":false,"template":"","format":"standard","meta":{"slim_seo":{"title":"Temperaturi pozitive, \u015fi la Giurgiu, s\u0103pt\u0103m\u00e2na aceasta - GIURGIU NET","description":"Vremea se \u00eenc\u0103lze\u015fte \u015fi la Giurgiu, astfel c\u0103, potrivit site-urilor de specialitate, maximele vor urca chiar p\u00e2n\u0103 la 10 grade celsius, la finalul acestei s\u0103pt\u0103m"},"footnotes":""},"categories":[18,26,28],"tags":[],"class_list":{"0":"post-71179","1":"post","2":"type-post","3":"status-publish","4":"format-standard","5":"has-post-thumbnail","7":"category-actual","8":"category-soc","9":"category-uo"},"_links":{"self":[{"href":"https:\/\/giurgiu-net.ro\/index.php\/wp-json\/wp\/v2\/posts\/71179","targetHints":{"allow":["GET"]}}],"collection":[{"href":"https:\/\/giurgiu-net.ro\/index.php\/wp-json\/wp\/v2\/posts"}],"about":[{"href":"https:\/\/giurgiu-net.ro\/index.php\/wp-json\/wp\/v2\/types\/post"}],"author":[{"embeddable":true,"href":"https:\/\/giurgiu-net.ro\/index.php\/wp-json\/wp\/v2\/users\/1"}],"replies":[{"embeddable":true,"href":"https:\/\/giurgiu-net.ro\/index.php\/wp-json\/wp\/v2\/comments?post=71179"}],"version-history":[{"count":0,"href":"https:\/\/giurgiu-net.ro\/index.php\/wp-json\/wp\/v2\/posts\/71179\/revisions"}],"wp:featuredmedia":[{"embeddable":true,"href":"https:\/\/giurgiu-net.ro\/index.php\/wp-json\/wp\/v2\/media\/66412"}],"wp:attachment":[{"href":"https:\/\/giurgiu-net.ro\/index.php\/wp-json\/wp\/v2\/media?parent=71179"}],"wp:term":[{"taxonomy":"category","embeddable":true,"href":"https:\/\/giurgiu-net.ro\/index.php\/wp-json\/wp\/v2\/categories?post=71179"},{"taxonomy":"post_tag","embeddable":true,"href":"https:\/\/giurgiu-net.ro\/index.php\/wp-json\/wp\/v2\/tags?post=71179"}],"curies":[{"name":"wp","href":"https:\/\/api.w.org\/{rel}","templated":true}]}}