{"id":71176,"date":"2020-02-10T07:44:07","date_gmt":"2020-02-10T05:44:07","guid":{"rendered":"http:\/\/giurgiu-net.ro\/?p=71176"},"modified":"2020-02-10T07:44:07","modified_gmt":"2020-02-10T05:44:07","slug":"un-barbat-din-bolintin-ars-in-incendiul-care-i-a-cuprins-casa","status":"publish","type":"post","link":"https:\/\/giurgiu-net.ro\/index.php\/2020\/02\/10\/un-barbat-din-bolintin-ars-in-incendiul-care-i-a-cuprins-casa\/","title":{"rendered":"Un b\u0103rbat din Bolintin, ars \u00een incendiul care i-a cuprins casa"},"content":{"rendered":"\n<p>Duminic\u0103 seara, \u00een jurul orei 19:25, pompierii din cadrul Deta\u0219amentului Bolintin Deal au intervenit pentru stingerea unui incendiu izbucnit la o cas\u0103 din ora\u0219ul Bolintin Vale.<br \/>&#8222;La fa\u021ba locului s-au deplasat dou\u0103 autospeciale de stingere cu ap\u0103 \u0219i spum\u0103, un echipaj SMURD \u0219i o ambulan\u021b\u0103 SAJ.<br \/> <\/p>\n\n\n\n<p>Echipajele de pompieri au constatat faptul c\u0103 incendiul se manifesta generalizat la nivelul acoperi\u0219ului \u0219i \u00een interiorul locuin\u021bei.<br \/> <\/p>\n\n\n\n<p>\u00cen imobil a fost g\u0103sit un b\u0103rbat, \u00een v\u00e2rst\u0103 de 58 de ani, care prezenta arsuri pe aproximativ 50% din suprafa\u021ba corpului, motiv pentru care a fost necesar\u0103 \u0219i prezen\u021ba unui echipaj de terapie intensiv\u0103 mobil\u0103 din cadrul ISU BIF. Dup\u0103 acordarea primului ajutor, b\u0103rbatul a fost transportat de urgen\u021b\u0103 la Spitalul Universitar din Bucure\u0219ti&#8221;, anun\u0163\u0103 pompierii giurgiuveni. <\/p>\n\n\n\n<p>Potrivit sursei citate, \u00een urma incendiului au ars acoperi\u0219ul pe o suprafa\u021b\u0103 de aproximativ 100 mp, 3 u\u0219i din lemn, mobiler \u0219i articole vestimentare. <br \/> <\/p>\n\n\n\n<p>Cauza probabil\u0103 a producerii incendiului a fost efectul termic (sob\u0103 cu acumulare de c\u0103ldur\u0103; cantitate mare de material combustibil).<\/p>\n","protected":false},"excerpt":{"rendered":"<p>Duminic\u0103 seara, \u00een jurul orei 19:25, pompierii din cadrul Deta\u0219amentului Bolintin Deal au intervenit pentru stingerea unui incendiu izbucnit la o cas\u0103 din ora\u0219ul Bolintin Vale.&#8222;La fa\u021ba locului s-au deplasat dou\u0103 autospeciale de stingere cu ap\u0103 \u0219i spum\u0103, un echipaj SMURD \u0219i o ambulan\u021b\u0103 SAJ. Echipajele de pompieri au constatat faptul c\u0103 incendiul se manifesta [&hellip;]<\/p>\n","protected":false},"author":1,"featured_media":71177,"comment_status":"open","ping_status":"open","sticky":false,"template":"","format":"standard","meta":{"slim_seo":{"title":"Un b\u0103rbat din Bolintin, ars \u00een incendiul care i-a cuprins casa - GIURGIU NET","description":"Duminic\u0103 seara, \u00een jurul orei 19:25, pompierii din cadrul Deta\u0219amentului Bolintin Deal au intervenit pentru stingerea unui incendiu izbucnit la o cas\u0103 din ora\u0219u"},"footnotes":""},"categories":[18,26,28],"tags":[1452],"class_list":{"0":"post-71176","1":"post","2":"type-post","3":"status-publish","4":"format-standard","5":"has-post-thumbnail","7":"category-actual","8":"category-soc","9":"category-uo","10":"tag-isu-giurgiu"},"_links":{"self":[{"href":"https:\/\/giurgiu-net.ro\/index.php\/wp-json\/wp\/v2\/posts\/71176","targetHints":{"allow":["GET"]}}],"collection":[{"href":"https:\/\/giurgiu-net.ro\/index.php\/wp-json\/wp\/v2\/posts"}],"about":[{"href":"https:\/\/giurgiu-net.ro\/index.php\/wp-json\/wp\/v2\/types\/post"}],"author":[{"embeddable":true,"href":"https:\/\/giurgiu-net.ro\/index.php\/wp-json\/wp\/v2\/users\/1"}],"replies":[{"embeddable":true,"href":"https:\/\/giurgiu-net.ro\/index.php\/wp-json\/wp\/v2\/comments?post=71176"}],"version-history":[{"count":0,"href":"https:\/\/giurgiu-net.ro\/index.php\/wp-json\/wp\/v2\/posts\/71176\/revisions"}],"wp:featuredmedia":[{"embeddable":true,"href":"https:\/\/giurgiu-net.ro\/index.php\/wp-json\/wp\/v2\/media\/71177"}],"wp:attachment":[{"href":"https:\/\/giurgiu-net.ro\/index.php\/wp-json\/wp\/v2\/media?parent=71176"}],"wp:term":[{"taxonomy":"category","embeddable":true,"href":"https:\/\/giurgiu-net.ro\/index.php\/wp-json\/wp\/v2\/categories?post=71176"},{"taxonomy":"post_tag","embeddable":true,"href":"https:\/\/giurgiu-net.ro\/index.php\/wp-json\/wp\/v2\/tags?post=71176"}],"curies":[{"name":"wp","href":"https:\/\/api.w.org\/{rel}","templated":true}]}}