{"id":71170,"date":"2020-02-08T06:23:00","date_gmt":"2020-02-08T04:23:00","guid":{"rendered":"http:\/\/giurgiu-net.ro\/?p=71170"},"modified":"2020-02-08T06:23:00","modified_gmt":"2020-02-08T04:23:00","slug":"manastirea-comana-gazda-adunarii-eparhiale-a-episcopiei-giurgiului","status":"publish","type":"post","link":"https:\/\/giurgiu-net.ro\/index.php\/2020\/02\/08\/manastirea-comana-gazda-adunarii-eparhiale-a-episcopiei-giurgiului\/","title":{"rendered":"M\u0103n\u0103stirea Comana, gazda Adun\u0103rii Eparhiale a Episcopiei Giurgiului"},"content":{"rendered":"\n<p>Deputatul PSD de Giurgiu Cristina Elena Dinu a postat pe pagina sa de Facebook mai multe informa\u0163ii despre evenimentul ce a avut loc vineri, 7 februarie.<\/p>\n\n\n\n<p>&#8222;Am participat, la M\u0103n\u0103stirea Comana, la \u015fedinta anual\u0103 de lucru a Adun\u0103rii Eparhiale a Episcopiei Giurgiului, \u00een prezen\u021ba Preasfintitului Ambrozie, Episcopul Giurgiului.<\/p>\n\n\n\n<p>Evenimentul a debutat cu\u00a0Sf\u00e2nta\u00a0Liturghie, dup\u0103 care a fost oficiat\u0103 o slujb\u0103 de pomenire pentru p\u0103rintele Patriarh\u00a0Teoctist, la finalul c\u0103reia \u00cent\u00e2ist\u0103t\u0103torul eparhiei noastre a evocat personalitatea marcant\u0103 a celui de al V-lea patriarh al Bisericii Ortodoxe Rom\u00e2ne, la \u00eemplinirea a 105 ani de la\u00a0na\u0219terea sa.<br \/><\/p>\n\n\n\n<p>Au fost prezentate, \u00eentr-o retrospectiv\u0103 sintetic\u0103, cele mai importante realiz\u0103ri administrative, cultural-pastorale, sociale \u0219i economice ale eparhiei care au marcat anul 2019 \u201eAnul omagial al satului rom\u00e2nesc, al preo\u021bilor, \u00eenv\u0103\u021b\u0103torilor \u0219i primarilor gospodari&#8221; \u0219i ,,An comemorativ al Patriarhilor Nicodim Munteanu \u0219i Iustin Moisescu \u0219i al traduc\u0103torilor de c\u0103r\u021bi biserice\u0219ti&#8221;. De asemenea, Preasfin\u021bia Sa Ambrozie a creionat c\u00e2teva dintre coordonatele pe care se vor axa activit\u0103\u021bile eparhiale din anul 2020, \u00een lumina programului- cadru elaborat de c\u0103tre Sf\u00e2ntul Sinod al Bisericii Ortodoxe Rom\u00e2ne&#8221;, a scris Elena Dinu, pe Facebook.<\/p>\n","protected":false},"excerpt":{"rendered":"<p>Deputatul PSD de Giurgiu Cristina Elena Dinu a postat pe pagina sa de Facebook mai multe informa\u0163ii despre evenimentul ce a avut loc vineri, 7 februarie. &#8222;Am participat, la M\u0103n\u0103stirea Comana, la \u015fedinta anual\u0103 de lucru a Adun\u0103rii Eparhiale a Episcopiei Giurgiului, \u00een prezen\u021ba Preasfintitului Ambrozie, Episcopul Giurgiului. Evenimentul a debutat cu\u00a0Sf\u00e2nta\u00a0Liturghie, dup\u0103 care a [&hellip;]<\/p>\n","protected":false},"author":1,"featured_media":71171,"comment_status":"open","ping_status":"open","sticky":false,"template":"","format":"standard","meta":{"slim_seo":{"title":"M\u0103n\u0103stirea Comana, gazda Adun\u0103rii Eparhiale a Episcopiei Giurgiului - GIURGIU NET","description":"Deputatul PSD de Giurgiu Cristina Elena Dinu a postat pe pagina sa de Facebook mai multe informa\u0163ii despre evenimentul ce a avut loc vineri, 7 februarie. \"Am pa"},"footnotes":""},"categories":[18,29,26,28],"tags":[1025],"class_list":{"0":"post-71170","1":"post","2":"type-post","3":"status-publish","4":"format-standard","5":"has-post-thumbnail","7":"category-actual","8":"category-educatie-si-cultura","9":"category-soc","10":"category-uo","11":"tag-elena-dinu"},"_links":{"self":[{"href":"https:\/\/giurgiu-net.ro\/index.php\/wp-json\/wp\/v2\/posts\/71170","targetHints":{"allow":["GET"]}}],"collection":[{"href":"https:\/\/giurgiu-net.ro\/index.php\/wp-json\/wp\/v2\/posts"}],"about":[{"href":"https:\/\/giurgiu-net.ro\/index.php\/wp-json\/wp\/v2\/types\/post"}],"author":[{"embeddable":true,"href":"https:\/\/giurgiu-net.ro\/index.php\/wp-json\/wp\/v2\/users\/1"}],"replies":[{"embeddable":true,"href":"https:\/\/giurgiu-net.ro\/index.php\/wp-json\/wp\/v2\/comments?post=71170"}],"version-history":[{"count":0,"href":"https:\/\/giurgiu-net.ro\/index.php\/wp-json\/wp\/v2\/posts\/71170\/revisions"}],"wp:featuredmedia":[{"embeddable":true,"href":"https:\/\/giurgiu-net.ro\/index.php\/wp-json\/wp\/v2\/media\/71171"}],"wp:attachment":[{"href":"https:\/\/giurgiu-net.ro\/index.php\/wp-json\/wp\/v2\/media?parent=71170"}],"wp:term":[{"taxonomy":"category","embeddable":true,"href":"https:\/\/giurgiu-net.ro\/index.php\/wp-json\/wp\/v2\/categories?post=71170"},{"taxonomy":"post_tag","embeddable":true,"href":"https:\/\/giurgiu-net.ro\/index.php\/wp-json\/wp\/v2\/tags?post=71170"}],"curies":[{"name":"wp","href":"https:\/\/api.w.org\/{rel}","templated":true}]}}