{"id":71153,"date":"2020-02-06T09:34:11","date_gmt":"2020-02-06T07:34:11","guid":{"rendered":"http:\/\/giurgiu-net.ro\/?p=71153"},"modified":"2020-02-06T09:34:11","modified_gmt":"2020-02-06T07:34:11","slug":"presedintele-cj-giurgiu-niciun-drum-judetean-din-giurgiu-nu-este-blocat-sau-inchis-la-aceasta-ora-le-multumesc-tuturor-angajatilor-directiei-judetene-de-transport-si-celor-care-i-au-coordonat-pentr","status":"publish","type":"post","link":"https:\/\/giurgiu-net.ro\/index.php\/2020\/02\/06\/presedintele-cj-giurgiu-niciun-drum-judetean-din-giurgiu-nu-este-blocat-sau-inchis-la-aceasta-ora-le-multumesc-tuturor-angajatilor-directiei-judetene-de-transport-si-celor-care-i-au-coordonat-pentr\/","title":{"rendered":"Pre\u015fedintele CJ Giurgiu: Niciun drum jude\u0163ean din Giurgiu nu este blocat sau \u00eenchis, la aceast\u0103 or\u0103. Le mul\u0163umesc tuturor angaja\u0163ilor Direc\u0163iei Jude\u0163ene de Transport \u015fi celor care i-au coordonat pentru eforturile depuse!"},"content":{"rendered":"\n<p>Pre\u015fedintele Consiliului Jude\u0163ean Giurgiu, Marian Mina, a postat pe pagina sa de Facebook un mesaj \u00een care anun\u0163\u0103 c\u0103 la aceast\u0103 or\u0103, toate drumurile jude\u0163ene sunt deschise circula\u0163iei rutiere, \u00eens\u0103 traficul se desf\u0103\u015foar\u0103 \u00een condi\u0163ii de iarn\u0103.<\/p>\n\n\n\n<figure class=\"wp-block-image size-full\"><img loading=\"lazy\" decoding=\"async\" width=\"800\" height=\"728\" src=\"https:\/\/giurgiu-net.ro\/wp-content\/uploads\/2019\/10\/cj-2-Mina.jpg\" alt=\"\" class=\"wp-image-69762\" srcset=\"https:\/\/giurgiu-net.ro\/wp-content\/uploads\/2019\/10\/cj-2-Mina.jpg 800w, https:\/\/giurgiu-net.ro\/wp-content\/uploads\/2019\/10\/cj-2-Mina-300x273.jpg 300w, https:\/\/giurgiu-net.ro\/wp-content\/uploads\/2019\/10\/cj-2-Mina-768x699.jpg 768w, https:\/\/giurgiu-net.ro\/wp-content\/uploads\/2019\/10\/cj-2-Mina-696x633.jpg 696w\" sizes=\"auto, (max-width: 800px) 100vw, 800px\" \/><\/figure>\n\n\n\n<p>&#8222;Niciun drum jude\u0163ean din Giurgiu nu este blocat sau \u00eenchis, la aceast\u0103 or\u0103, de\u015fi am fost sub Cod Portocaliu de ninsori \u015fi v\u00e2nt puternic, de ieri, de la ora 17.00.<\/p>\n\n\n\n<p>Echipele \u015fi utilajele Direc\u0163iei Jude\u0163ene de Transport, Administrarea Drumurilor \u015fi Control Trafic din subordinea Consiliului Jude\u0163ean Giurgiu au ac\u0163ionat continuu pentru desz\u0103pezire!<\/p>\n\n\n\n<p>Vreau s\u0103 le mul\u0163umesc tuturor angaja\u0163ilor \u015fi celor care i-au coordonat pentru eforturile depuse, pentru c\u0103 nu au avut timp de odihn\u0103&nbsp;\u015fi pentru c\u0103, iat\u0103, datorit\u0103 lor traficul este deschis, la aceast\u0103 or\u0103, pe toate drumurile jude\u0163ene.<br \/>Se circul\u0103, \u00eens\u0103, \u00een condi\u0163ii de iarn\u0103!&#8221;, a scris Marian Mina, pe Facebook.<\/p>\n","protected":false},"excerpt":{"rendered":"<p>Pre\u015fedintele Consiliului Jude\u0163ean Giurgiu, Marian Mina, a postat pe pagina sa de Facebook un mesaj \u00een care anun\u0163\u0103 c\u0103 la aceast\u0103 or\u0103, toate drumurile jude\u0163ene sunt deschise circula\u0163iei rutiere, \u00eens\u0103 traficul se desf\u0103\u015foar\u0103 \u00een condi\u0163ii de iarn\u0103. &#8222;Niciun drum jude\u0163ean din Giurgiu nu este blocat sau \u00eenchis, la aceast\u0103 or\u0103, de\u015fi am fost sub Cod [&hellip;]<\/p>\n","protected":false},"author":1,"featured_media":71154,"comment_status":"open","ping_status":"open","sticky":false,"template":"","format":"standard","meta":{"slim_seo":{"title":"Pre\u015fedintele CJ Giurgiu: Niciun drum jude\u0163ean din Giurgiu nu este blocat sau \u00eenchis, la aceast\u0103 or\u0103. Le mul\u0163umesc tuturor angaja\u0163ilor Direc\u0163iei Jude\u0163ene de Transport \u015fi celor care i-au coordonat pentru eforturile depuse! - GIURGIU NET","description":"Pre\u015fedintele Consiliului Jude\u0163ean Giurgiu, Marian Mina, a postat pe pagina sa de Facebook un mesaj \u00een care anun\u0163\u0103 c\u0103 la aceast\u0103 or\u0103, toate drumurile jude\u0163ene su"},"footnotes":""},"categories":[18,19,26,28],"tags":[1626],"class_list":{"0":"post-71153","1":"post","2":"type-post","3":"status-publish","4":"format-standard","5":"has-post-thumbnail","7":"category-actual","8":"category-adm","9":"category-soc","10":"category-uo","11":"tag-marian-mina"},"_links":{"self":[{"href":"https:\/\/giurgiu-net.ro\/index.php\/wp-json\/wp\/v2\/posts\/71153","targetHints":{"allow":["GET"]}}],"collection":[{"href":"https:\/\/giurgiu-net.ro\/index.php\/wp-json\/wp\/v2\/posts"}],"about":[{"href":"https:\/\/giurgiu-net.ro\/index.php\/wp-json\/wp\/v2\/types\/post"}],"author":[{"embeddable":true,"href":"https:\/\/giurgiu-net.ro\/index.php\/wp-json\/wp\/v2\/users\/1"}],"replies":[{"embeddable":true,"href":"https:\/\/giurgiu-net.ro\/index.php\/wp-json\/wp\/v2\/comments?post=71153"}],"version-history":[{"count":0,"href":"https:\/\/giurgiu-net.ro\/index.php\/wp-json\/wp\/v2\/posts\/71153\/revisions"}],"wp:featuredmedia":[{"embeddable":true,"href":"https:\/\/giurgiu-net.ro\/index.php\/wp-json\/wp\/v2\/media\/71154"}],"wp:attachment":[{"href":"https:\/\/giurgiu-net.ro\/index.php\/wp-json\/wp\/v2\/media?parent=71153"}],"wp:term":[{"taxonomy":"category","embeddable":true,"href":"https:\/\/giurgiu-net.ro\/index.php\/wp-json\/wp\/v2\/categories?post=71153"},{"taxonomy":"post_tag","embeddable":true,"href":"https:\/\/giurgiu-net.ro\/index.php\/wp-json\/wp\/v2\/tags?post=71153"}],"curies":[{"name":"wp","href":"https:\/\/api.w.org\/{rel}","templated":true}]}}