{"id":71123,"date":"2020-02-05T15:44:45","date_gmt":"2020-02-05T13:44:45","guid":{"rendered":"http:\/\/giurgiu-net.ro\/?p=71123"},"modified":"2022-10-14T16:44:33","modified_gmt":"2022-10-14T16:44:33","slug":"incredibil-la-mihailesti-a-rasarit-o-alta-groapa-de-gunoi-o-noua-bomba-ecologica-pune-in-pericol-sanatatea-oamenilor","status":"publish","type":"post","link":"https:\/\/giurgiu-net.ro\/index.php\/2020\/02\/05\/incredibil-la-mihailesti-a-rasarit-o-alta-groapa-de-gunoi-o-noua-bomba-ecologica-pune-in-pericol-sanatatea-oamenilor\/","title":{"rendered":"INCREDIBIL: La Mih\u0103ile\u015fti, a \u201er\u0103s\u0103rit\u201d o ALT\u0102 groap\u0103 de gunoi! O nou\u0103 bomb\u0103 ecologic\u0103 pune \u00een pericol s\u0103n\u0103tatea oamenilor!"},"content":{"rendered":"\n<p class=\"has-text-align-center\"><strong><em>S-a demonstrat, o dat\u0103 \u00een plus: atunci c\u00e2nd am spus c\u0103 ora\u015ful giurgiuvean Mih\u0103ile\u015fti a devenit groapa de gunoi a Capitalei \u015fi a jude\u0163ului Ilfov, nu am exagerat deloc! Mai nou, la circa 2 kilometri de Mih\u0103ile\u015fti, zac \u00een acest moment, alte tone de de\u015feuri menajere pe locul unde urmeaz\u0103 s\u0103 fie amenajat\u0103 o sta\u0163ie de sortare a gunoiului. De\u015feurile sunt puse la gr\u0103mad\u0103 \u015fi formeaz\u0103 adev\u0103ra\u0163i mun\u0163i, iar mirosul a ajuns deja \u00een ora\u015f!<\/em><\/strong><\/p>\n\n\n\n<p>Interesant este c\u0103 sta\u0163ia de sortare- <strong>pe care oamenii din Mih\u0103ile\u015fti se pare c\u0103 nu o doresc \u015fi vor oprirea proiectului<\/strong>-, ar trebui s\u0103 fie gata \u00een 2021. Deci, ce caut\u0103 mun\u0163ii de de\u015feuri acolo, cu un an \u00eenainte, direct pe p\u0103m\u00e2nt, f\u0103r\u0103 s\u0103 fie amenajate platforme speciale pentru depozitare?<\/p>\n\n\n\n<figure class=\"wp-block-gallery has-nested-images columns-2 is-cropped wp-block-gallery-1 is-layout-flex wp-block-gallery-is-layout-flex\">\n<figure class=\"wp-block-image size-large\"><a href=\"https:\/\/giurgiu-net.ro\/wp-content\/uploads\/2020\/02\/statie-sortare-1.jpeg\"><img loading=\"lazy\" decoding=\"async\" width=\"300\" height=\"240\" data-id=\"71124\" src=\"https:\/\/giurgiu-net.ro\/wp-content\/uploads\/2020\/02\/statie-sortare-1-300x240.jpeg\" alt=\"\" class=\"wp-image-71124\" srcset=\"https:\/\/giurgiu-net.ro\/wp-content\/uploads\/2020\/02\/statie-sortare-1-300x240.jpeg 300w, https:\/\/giurgiu-net.ro\/wp-content\/uploads\/2020\/02\/statie-sortare-1-696x558.jpeg 696w, https:\/\/giurgiu-net.ro\/wp-content\/uploads\/2020\/02\/statie-sortare-1.jpeg 759w\" sizes=\"auto, (max-width: 300px) 100vw, 300px\" \/><\/a><\/figure>\n\n\n\n<figure class=\"wp-block-image size-large\"><a href=\"https:\/\/giurgiu-net.ro\/wp-content\/uploads\/2020\/02\/statie-sortare-2.jpeg\"><img loading=\"lazy\" decoding=\"async\" width=\"250\" height=\"300\" data-id=\"71125\" src=\"https:\/\/giurgiu-net.ro\/wp-content\/uploads\/2020\/02\/statie-sortare-2-250x300.jpeg\" alt=\"\" class=\"wp-image-71125\" srcset=\"https:\/\/giurgiu-net.ro\/wp-content\/uploads\/2020\/02\/statie-sortare-2-250x300.jpeg 250w, https:\/\/giurgiu-net.ro\/wp-content\/uploads\/2020\/02\/statie-sortare-2-768x922.jpeg 768w, https:\/\/giurgiu-net.ro\/wp-content\/uploads\/2020\/02\/statie-sortare-2-696x836.jpeg 696w, https:\/\/giurgiu-net.ro\/wp-content\/uploads\/2020\/02\/statie-sortare-2.jpeg 778w\" sizes=\"auto, (max-width: 250px) 100vw, 250px\" \/><\/a><\/figure>\n\n\n\n<figure class=\"wp-block-image size-large\"><a href=\"https:\/\/giurgiu-net.ro\/wp-content\/uploads\/2020\/02\/statie-sortare-3.jpeg\"><img loading=\"lazy\" decoding=\"async\" width=\"252\" height=\"300\" data-id=\"71126\" src=\"https:\/\/giurgiu-net.ro\/wp-content\/uploads\/2020\/02\/statie-sortare-3-252x300.jpeg\" alt=\"\" class=\"wp-image-71126\" srcset=\"https:\/\/giurgiu-net.ro\/wp-content\/uploads\/2020\/02\/statie-sortare-3-252x300.jpeg 252w, https:\/\/giurgiu-net.ro\/wp-content\/uploads\/2020\/02\/statie-sortare-3-768x914.jpeg 768w, https:\/\/giurgiu-net.ro\/wp-content\/uploads\/2020\/02\/statie-sortare-3-696x828.jpeg 696w, https:\/\/giurgiu-net.ro\/wp-content\/uploads\/2020\/02\/statie-sortare-3.jpeg 775w\" sizes=\"auto, (max-width: 252px) 100vw, 252px\" \/><\/a><\/figure>\n\n\n\n<figure class=\"wp-block-image size-large\"><a href=\"https:\/\/giurgiu-net.ro\/wp-content\/uploads\/2020\/02\/statie-sortare-4.jpeg\"><img loading=\"lazy\" decoding=\"async\" width=\"274\" height=\"300\" data-id=\"71127\" src=\"https:\/\/giurgiu-net.ro\/wp-content\/uploads\/2020\/02\/statie-sortare-4-274x300.jpeg\" alt=\"\" class=\"wp-image-71127\" srcset=\"https:\/\/giurgiu-net.ro\/wp-content\/uploads\/2020\/02\/statie-sortare-4-274x300.jpeg 274w, https:\/\/giurgiu-net.ro\/wp-content\/uploads\/2020\/02\/statie-sortare-4-696x762.jpeg 696w, https:\/\/giurgiu-net.ro\/wp-content\/uploads\/2020\/02\/statie-sortare-4.jpeg 765w\" sizes=\"auto, (max-width: 274px) 100vw, 274px\" \/><\/a><\/figure>\n<\/figure>\n\n\n\n<p><em><strong>Ast\u0103zi, la Mih\u0103ile\u015fti, a avut loc o dezbatere public\u0103 pe tema sta\u0163iei de sortare.<\/strong><\/em> Despre \u00eent\u00e2lnire, se pare c\u0103 nu \u015ftia mult\u0103 lume. \u00cens\u0103, mai mul\u0163i oameni din ora\u015f \u015fi satele arondate au aflat despre \u015fedin\u0163a cu pricina \u015fi au mers \u00eempreun\u0103 pentru a cere l\u0103muriri.<\/p>\n\n\n\n<p>Am aflat, pe surse, c\u0103 primarul Mihai Dobre, c\u0103ruia i-am putea spune, metaforic vorbind, \u201eprietenul gunoaielor\u201d sau m\u0103car \u201ecuno\u015ftin\u0163a\u201d lor(pentru c\u0103 se pare c\u0103 \u015ftie unde \u015fi de ce sunt acolo), nu a fost prezent. A trimis al\u0163i reprezentan\u0163i ai Prim\u0103riei \u015fi a venit \u015fi \u015feful firmei \u201eAgronomica SRL\u201d, cea care urmeaz\u0103 s\u0103 construiasc\u0103 sta\u0163ia de sortare.<\/p>\n\n\n\n<p><strong><em>Oamenii i-au cerut socoteal\u0103 patronului cu privire la depozitarea de\u015feurilor \u00een zon\u0103.<\/em><\/strong> <em>Ini\u0163ial, acesta ar fi negat faptul c\u0103 pe locul respectiv ar fi mun\u0163ii de gunoaie. Dup\u0103 ce i s-a spus c\u0103 exist\u0103 fotografii \u015fi film\u0103ri, el ar fi cedat \u015fi ar fi spus c\u0103 de\u015feurile sunt acolo ca s\u0103 fie testat nu \u015ftim ce utilaj de sortare. Totu\u015fi, utilajul respectiv, de fapt, nu ar fi la sta\u0163ie. <\/em><\/p>\n\n\n\n<p>\u015eedin\u0163a s-a l\u0103sat cu sc\u00e2ntei. <strong><em>Oamenii au spus c\u0103 ei nu sunt de acord cu sta\u0163ia de sortare acolo, la 2 kilometri de ora\u015f, \u015fi au atras aten\u0163ia c\u0103 nu este normal nici ce se petrece pe terenul respectiv, cu un an \u00eenainte de finalizarea investi\u0163iei! <\/em><\/strong>Patronul firmei care face sta\u0163ia ar fi dat asigur\u0103ri c\u0103 de\u015feurile vor fi ridicate de acolo \u00een 2 s\u0103pt\u0103m\u00e2ni. Adic\u0103, vor fi <strong>cel pu\u0163in<\/strong> \u00eenc\u0103 2 s\u0103pt\u0103m\u00e2ni de miros \u015fi de risc ca p\u00e2nza freatic\u0103 s\u0103 fie afectat\u0103 de mizerie! Oamenii spun c\u0103, la ce cantitate s-a str\u00e2ns, nici \u00een 2 luni nu vor disp\u0103rea de\u015feurile respective!<\/p>\n\n\n\n<p>Este normal, oamenii din Mih\u0103ile\u015fti nu mai au \u00eencredere. N<em>ici m\u0103car \u00een autorit\u0103\u0163i, av\u00e2nd \u00een vedere c\u0103, nici p\u00e2n\u0103 la aceast\u0103 dat\u0103, cu toate sesiz\u0103rile f\u0103cute la Garda Na\u0163ional\u0103 de Mediu, tonele de de\u015feuri de pe terenul Prim\u0103riei, acolo unde trebuiau s\u0103 fie bazine piscicole, NU au fost \u00eenc\u0103 ridicate. Este vorba despre cazul prezentat de noi \u00een luna ianuarie.<\/em><\/p>\n\n\n\n<p>RECITE\u015eTE AICI:  <a href=\"https:\/\/giurgiu-net.ro\/archives\/70783\">https:\/\/giurgiu-net.ro\/archives\/70783<\/a> <strong><em>ALERT\u0102! BOMB\u0102 ECOLOGIC\u0102 la Mih\u0103ile\u015fti! Ora\u015ful giurgiuvean, groapa de gunoi a Capitalei \u015fi a jude\u0163ului Ilfov? Primarul Dobre, de\u015fi informat de cet\u0103\u0163eni, a l\u0103sat, luni bune, TONE de de\u015feuri acolo unde trebuiau s\u0103 fie bazine piscicole!<\/em><\/strong><\/p>\n\n\n\n<p>Mai mult, cel care a f\u0103cut sesizarea oficial\u0103 c\u0103tre Garda de Mediu ne-a spus c\u0103 nu a primit nici p\u00e2n\u0103 acum r\u0103spuns de la institu\u0163ie. <em><strong>Nu se \u015ftie ce m\u0103suri s-au luat, dac\u0103 a fost sau va fi cineva amendat \u00een cazul prezentat de noi, s\u0103pt\u0103m\u00e2nile trecute. \u015ei, a\u015fa cum am precizat, cet\u0103\u0163enii ne-au transmis c\u0103 gunoaiele aduse noaptea, de ma\u015fini ale unei firme de care primarul Dobre nu ar fi str\u0103in, sunt \u00eenc\u0103 acolo.<\/strong><\/em><\/p>\n\n\n\n<p>Este incredibil cum interese, ambi\u0163ii \u015fi probabil \u201einterven\u0163ii\u201d ajung s\u0103 aib\u0103 drept efect punerea \u00een pericol a s\u0103n\u0103t\u0103\u0163ii locuitorilor unui ora\u015f care, dup\u0103 declara\u0163iile primarului Mihai Dobre, ar fi trebuit s\u0103 fie \u201eeuropean\u201d. Din p\u0103cate, o vede toat\u0103 lumea, Mih\u0103ile\u015fti numai european nu este, nici a ora\u015f nu prea arat\u0103 \u015fi, iat\u0103, este \u015fi plin de mun\u0163i de gunoaie!<\/p>\n","protected":false},"excerpt":{"rendered":"<p>S-a demonstrat, o dat\u0103 \u00een plus: atunci c\u00e2nd am spus c\u0103 ora\u015ful giurgiuvean Mih\u0103ile\u015fti a devenit groapa de gunoi a Capitalei \u015fi a jude\u0163ului Ilfov, nu am exagerat deloc! Mai nou, la circa 2 kilometri de Mih\u0103ile\u015fti, zac \u00een acest moment, alte tone de de\u015feuri menajere pe locul unde urmeaz\u0103 s\u0103 fie amenajat\u0103 o sta\u0163ie [&hellip;]<\/p>\n","protected":false},"author":1,"featured_media":71128,"comment_status":"open","ping_status":"open","sticky":false,"template":"","format":"standard","meta":{"slim_seo":{"title":"INCREDIBIL: La Mih\u0103ile\u015fti, a \u201er\u0103s\u0103rit\u201d o ALT\u0102 groap\u0103 de gunoi! O nou\u0103 bomb\u0103 ecologic\u0103 pune \u00een pericol s\u0103n\u0103tatea oamenilor! - GIURGIU NET","description":"S-a demonstrat, o dat\u0103 \u00een plus: atunci c\u00e2nd am spus c\u0103 ora\u015ful giurgiuvean Mih\u0103ile\u015fti a devenit groapa de gunoi a Capitalei \u015fi a jude\u0163ului Ilfov, nu am exagerat"},"footnotes":""},"categories":[18,19,2877,26,28],"tags":[1715],"class_list":{"0":"post-71123","1":"post","2":"type-post","3":"status-publish","4":"format-standard","5":"has-post-thumbnail","7":"category-actual","8":"category-adm","9":"category-sanatate","10":"category-soc","11":"category-uo","12":"tag-mihailesti"},"_links":{"self":[{"href":"https:\/\/giurgiu-net.ro\/index.php\/wp-json\/wp\/v2\/posts\/71123","targetHints":{"allow":["GET"]}}],"collection":[{"href":"https:\/\/giurgiu-net.ro\/index.php\/wp-json\/wp\/v2\/posts"}],"about":[{"href":"https:\/\/giurgiu-net.ro\/index.php\/wp-json\/wp\/v2\/types\/post"}],"author":[{"embeddable":true,"href":"https:\/\/giurgiu-net.ro\/index.php\/wp-json\/wp\/v2\/users\/1"}],"replies":[{"embeddable":true,"href":"https:\/\/giurgiu-net.ro\/index.php\/wp-json\/wp\/v2\/comments?post=71123"}],"version-history":[{"count":0,"href":"https:\/\/giurgiu-net.ro\/index.php\/wp-json\/wp\/v2\/posts\/71123\/revisions"}],"wp:featuredmedia":[{"embeddable":true,"href":"https:\/\/giurgiu-net.ro\/index.php\/wp-json\/wp\/v2\/media\/71128"}],"wp:attachment":[{"href":"https:\/\/giurgiu-net.ro\/index.php\/wp-json\/wp\/v2\/media?parent=71123"}],"wp:term":[{"taxonomy":"category","embeddable":true,"href":"https:\/\/giurgiu-net.ro\/index.php\/wp-json\/wp\/v2\/categories?post=71123"},{"taxonomy":"post_tag","embeddable":true,"href":"https:\/\/giurgiu-net.ro\/index.php\/wp-json\/wp\/v2\/tags?post=71123"}],"curies":[{"name":"wp","href":"https:\/\/api.w.org\/{rel}","templated":true}]}}