{"id":71114,"date":"2020-02-04T14:34:28","date_gmt":"2020-02-04T12:34:28","guid":{"rendered":"http:\/\/giurgiu-net.ro\/?p=71114"},"modified":"2020-02-04T14:34:28","modified_gmt":"2020-02-04T12:34:28","slug":"cod-galben-de-ninsori-viscolite-si-la-giurgiu","status":"publish","type":"post","link":"https:\/\/giurgiu-net.ro\/index.php\/2020\/02\/04\/cod-galben-de-ninsori-viscolite-si-la-giurgiu\/","title":{"rendered":"Cod Galben de ninsori viscolite, \u015fi la Giurgiu"},"content":{"rendered":"\n<p>Administra\u021bia Na\u021bional\u0103 de Meteorologie a emis un Cod Galben de intensific\u0103ri ale v\u00e2ntului \u0219i, local, ninsori viscolite, valabil pentru jude\u021bul Giurgiu \u00een intervalul 05 februarie, ora 08:00 &#8211; 06 februarie, ora 10:00.<\/p>\n\n\n\n<p>ISU Giurgiu transmite: &#8222;Pentru protec\u021bia dumneavoastr\u0103, evita\u021bi deplas\u0103rile pe distan\u021be lungi. Dac\u0103 acest lucru nu este posibil, interesa\u021bi-v\u0103 asupra condi\u021biilor de drum, asigura\u021bi-v\u0103 c\u0103 ave\u021bi ma\u0219inile echipate corespunz\u0103tor pentru z\u0103pad\u0103 \u0219i conduce\u021bi prudent.\u203c<\/p>\n\n\n\n<p>Mai multe informa\u021bii privind m\u0103surile preventive \u0219i regulile de comportare pot fi vizualizate acces\u00e2nd aplica\u021bia DSU \u0219i platforma\u00a0<a rel=\"noreferrer noopener\" href=\"https:\/\/l.facebook.com\/l.php?u=http%3A%2F%2Fwww.fiipregatit.ro%2F%3Ffbclid%3DIwAR36nAwV5y0IYkTD4SYa_f9LYMJe-9qFmaDYq7sNr1vGHIu-ySlLZ3q7x40&amp;h=AT2BySUngNFX8OpMXHXQrRbYZgTBDoowzO-qDnjuEsCPCZ0HSZampAOWehFipiAS4X15hXZDUBxMQSLduqU71sGIeqTSMuSSRQXyiD8qYes_ZCNSy73nbuX3sNGxoOWMuzXeK0hYFGvhz0fuG0FGvpRKzDxE1LyFKxrDLxj0glAhi-yx1d4W0nmSqWmImfNnExjyPJVRXxrFD06NsMJTZy5_HC-V4SAF_1Zjfx2wcdSXIZGzLcckVBTMnRafSoS8hGVCBFbDx5MCbXA-MUOmhnZTF9ordH6rwhE3UpqzeEGAEikq9wniu-j-4w5-KQ-k1KXZwHPTnY1wMeP2fzmG5PF9g7nEpuur3a5oTxyRFS-_jySoZ1iIF1BMNKP5VWygQVKFNa87p3FYR3RHHClvLFrqKbqCkl2MakScDf2TvSltlPq5KWMm4fvZcQOOVaasNewK2J0ibdSqfjr9FA2H8jOwUbswlNcphOpUQ2-AmZdhZ9B92KY49Bx6bHgFCB6X7RFiKj6WkOzchHS2BUpmqy6eZLJa57smjDg0fUkNytqueD0TIfUYcQX2AmNkbLxo_2lpPTMjowu9WHyj3_sPp5phITbUSWfClZSsMECOZlMLGjCGcHUEuXfFV-6L1WWi4HHDW4rtVxm8dHJxdm9O2sxAcERslgtMKnHNqXnVeHQ\" target=\"_blank\">www.fiipregatit.ro<\/a>&#8222;<\/p>\n","protected":false},"excerpt":{"rendered":"<p>Administra\u021bia Na\u021bional\u0103 de Meteorologie a emis un Cod Galben de intensific\u0103ri ale v\u00e2ntului \u0219i, local, ninsori viscolite, valabil pentru jude\u021bul Giurgiu \u00een intervalul 05 februarie, ora 08:00 &#8211; 06 februarie, ora 10:00. ISU Giurgiu transmite: &#8222;Pentru protec\u021bia dumneavoastr\u0103, evita\u021bi deplas\u0103rile pe distan\u021be lungi. Dac\u0103 acest lucru nu este posibil, interesa\u021bi-v\u0103 asupra condi\u021biilor de drum, asigura\u021bi-v\u0103 [&hellip;]<\/p>\n","protected":false},"author":1,"featured_media":71115,"comment_status":"open","ping_status":"open","sticky":false,"template":"","format":"standard","meta":{"slim_seo":{"title":"Cod Galben de ninsori viscolite, \u015fi la Giurgiu - GIURGIU NET","description":"Administra\u021bia Na\u021bional\u0103 de Meteorologie a emis un Cod Galben de intensific\u0103ri ale v\u00e2ntului \u0219i, local, ninsori viscolite, valabil pentru jude\u021bul Giurgiu \u00een inter"},"footnotes":""},"categories":[18,26,28],"tags":[],"class_list":{"0":"post-71114","1":"post","2":"type-post","3":"status-publish","4":"format-standard","5":"has-post-thumbnail","7":"category-actual","8":"category-soc","9":"category-uo"},"_links":{"self":[{"href":"https:\/\/giurgiu-net.ro\/index.php\/wp-json\/wp\/v2\/posts\/71114","targetHints":{"allow":["GET"]}}],"collection":[{"href":"https:\/\/giurgiu-net.ro\/index.php\/wp-json\/wp\/v2\/posts"}],"about":[{"href":"https:\/\/giurgiu-net.ro\/index.php\/wp-json\/wp\/v2\/types\/post"}],"author":[{"embeddable":true,"href":"https:\/\/giurgiu-net.ro\/index.php\/wp-json\/wp\/v2\/users\/1"}],"replies":[{"embeddable":true,"href":"https:\/\/giurgiu-net.ro\/index.php\/wp-json\/wp\/v2\/comments?post=71114"}],"version-history":[{"count":0,"href":"https:\/\/giurgiu-net.ro\/index.php\/wp-json\/wp\/v2\/posts\/71114\/revisions"}],"wp:featuredmedia":[{"embeddable":true,"href":"https:\/\/giurgiu-net.ro\/index.php\/wp-json\/wp\/v2\/media\/71115"}],"wp:attachment":[{"href":"https:\/\/giurgiu-net.ro\/index.php\/wp-json\/wp\/v2\/media?parent=71114"}],"wp:term":[{"taxonomy":"category","embeddable":true,"href":"https:\/\/giurgiu-net.ro\/index.php\/wp-json\/wp\/v2\/categories?post=71114"},{"taxonomy":"post_tag","embeddable":true,"href":"https:\/\/giurgiu-net.ro\/index.php\/wp-json\/wp\/v2\/tags?post=71114"}],"curies":[{"name":"wp","href":"https:\/\/api.w.org\/{rel}","templated":true}]}}