{"id":71091,"date":"2020-01-31T11:24:08","date_gmt":"2020-01-31T09:24:08","guid":{"rendered":"http:\/\/giurgiu-net.ro\/?p=71091"},"modified":"2020-01-31T11:24:08","modified_gmt":"2020-01-31T09:24:08","slug":"parlamentarii-social-democrati-giurgiuveni-datorita-a-ceea-ce-ati-realizat-in-comunele-dumneavoastra-pentru-psd-giurgiu-aceste-alegeri-locale-nu-vor-fi-o-problema","status":"publish","type":"post","link":"https:\/\/giurgiu-net.ro\/index.php\/2020\/01\/31\/parlamentarii-social-democrati-giurgiuveni-datorita-a-ceea-ce-ati-realizat-in-comunele-dumneavoastra-pentru-psd-giurgiu-aceste-alegeri-locale-nu-vor-fi-o-problema\/","title":{"rendered":"Parlamentarii social-democra\u0163i giurgiuveni: \u201cDatorit\u0103 a ceea ce a\u0163i realizat \u00een comunele dumneavoastr\u0103, pentru PSD Giurgiu aceste alegeri locale nu vor fi o problem\u0103!\u201d"},"content":{"rendered":"\n<p>La evenimentul de ieri al PSD Giurgiu, au fost prezen\u0163i \u015fi\ndeputatul Cristina Elena Dinu \u015fi senatorul Cristian Marciu.<\/p>\n\n\n\n<p><strong><em>Cristina Elena Dinu- deputat PSD<\/em><\/strong><\/p>\n\n\n\n<figure class=\"wp-block-image size-full\"><img loading=\"lazy\" decoding=\"async\" width=\"800\" height=\"629\" src=\"https:\/\/giurgiu-net.ro\/wp-content\/uploads\/2020\/01\/DSC_3563.jpg\" alt=\"\" class=\"wp-image-71094\" srcset=\"https:\/\/giurgiu-net.ro\/wp-content\/uploads\/2020\/01\/DSC_3563.jpg 800w, https:\/\/giurgiu-net.ro\/wp-content\/uploads\/2020\/01\/DSC_3563-300x236.jpg 300w, https:\/\/giurgiu-net.ro\/wp-content\/uploads\/2020\/01\/DSC_3563-768x604.jpg 768w, https:\/\/giurgiu-net.ro\/wp-content\/uploads\/2020\/01\/DSC_3563-696x547.jpg 696w\" sizes=\"auto, (max-width: 800px) 100vw, 800px\" \/><\/figure>\n\n\n\n<p><em>\u201cM\u0103 bucur s\u0103 v\u0103 v\u0103d, m\u0103 bucur c\u0103 marea echip\u0103 a PSD Giurgiu s-a reunit acum, aici, pentru c\u0103 suntem \u00eenaintea a dou\u0103 b\u0103t\u0103lii electorale importante, alegerile locale \u015fi cele parlamentare. <\/em><\/p>\n\n\n\n<p><em>Presiunile sunt mari nu numai asupra noastr\u0103, a celor din Parlamentul Rom\u00e2niei- unde ne batem pentru a anula abera\u0163iile pe care acest guvern al PNL vrea s\u0103 le introduc\u0103. Presiunile sunt mari \u015fi asupra dumneavoastr\u0103 \u015fi \u015ftim cu to\u0163ii c\u0103 a\u015fa este! \u00cens\u0103, faptele noastre vorbesc pentru noi. <\/em><\/p>\n\n\n\n<p><em>Faptele dumneavoastr\u0103 \u015fi transformarea comunelor \u015fi ora\u015felor dumneavoastr\u0103, \u00een aceast\u0103 perioad\u0103 de 4 ani, \u00een mandatul dumneavoastr\u0103 \u015fi \u00een Guvernarea PSD, nu pot fi negate \u015fi nici ascunse. <\/em><\/p>\n\n\n\n<p><em>Am garan\u0163ia c\u0103, datorit\u0103 a ceea ce a\u0163i realizat \u00een comunele dumneavoastr\u0103, pentru PSD Giurgiu aceste alegeri locale nu vor fi o problem\u0103!\u201d<\/em><\/p>\n\n\n\n<p><strong><em>Cristian Marciu- senator PSD<\/em><\/strong><\/p>\n\n\n\n<figure class=\"wp-block-image size-full\"><img loading=\"lazy\" decoding=\"async\" width=\"711\" height=\"800\" src=\"https:\/\/giurgiu-net.ro\/wp-content\/uploads\/2020\/01\/DSC_3568.jpg\" alt=\"\" class=\"wp-image-71093\" srcset=\"https:\/\/giurgiu-net.ro\/wp-content\/uploads\/2020\/01\/DSC_3568.jpg 711w, https:\/\/giurgiu-net.ro\/wp-content\/uploads\/2020\/01\/DSC_3568-267x300.jpg 267w, https:\/\/giurgiu-net.ro\/wp-content\/uploads\/2020\/01\/DSC_3568-696x783.jpg 696w\" sizes=\"auto, (max-width: 711px) 100vw, 711px\" \/><\/figure>\n\n\n\n<p><em>\u201cIat\u0103, dragi colegi, c\u0103 ne prezent\u0103m \u00een fa\u0163a Organiza\u0163iei PSD central cu rezultate bune, ob\u0163inute \u00een alegerile trecute. <\/em><\/p>\n\n\n\n<p><em>Pentru aceasta, vreau s\u0103 mul\u0163umesc tuturor organiza\u0163iilor locale, primarilor, membrilor, pentru toate str\u0103daniile \u015fi munca dumneavoastr\u0103, ca organiza\u0163ia jude\u0163ean\u0103 PSD Giurgiu s\u0103 aib\u0103 rezultate c\u00e2t mai bune. <\/em><\/p>\n\n\n\n<p><em>Sunt convins c\u0103 munca dumneavoastr\u0103 continu\u0103, de 4 ani, \u00een localit\u0103\u0163ile de unde veni\u0163i este bine apreciat\u0103 de cet\u0103\u0163eni \u015fi rezultatele acesti munci se vor vedea la locale \u015fi parlamentare. <\/em><\/p>\n\n\n\n<p><em>\u00cen continuare, munca noastr\u0103 \u00eempreun\u0103 va da rezultate!\u201d<\/em><\/p>\n","protected":false},"excerpt":{"rendered":"<p>La evenimentul de ieri al PSD Giurgiu, au fost prezen\u0163i \u015fi deputatul Cristina Elena Dinu \u015fi senatorul Cristian Marciu. Cristina Elena Dinu- deputat PSD \u201cM\u0103 bucur s\u0103 v\u0103 v\u0103d, m\u0103 bucur c\u0103 marea echip\u0103 a PSD Giurgiu s-a reunit acum, aici, pentru c\u0103 suntem \u00eenaintea a dou\u0103 b\u0103t\u0103lii electorale importante, alegerile locale \u015fi cele parlamentare. [&hellip;]<\/p>\n","protected":false},"author":1,"featured_media":71095,"comment_status":"open","ping_status":"open","sticky":false,"template":"","format":"standard","meta":{"slim_seo":{"title":"Parlamentarii social-democra\u0163i giurgiuveni: \u201cDatorit\u0103 a ceea ce a\u0163i realizat \u00een comunele dumneavoastr\u0103, pentru PSD Giurgiu aceste alegeri locale nu vor fi o problem\u0103!\u201d - GIURGIU NET","description":"La evenimentul de ieri al PSD Giurgiu, au fost prezen\u0163i \u015fi deputatul Cristina Elena Dinu \u015fi senatorul Cristian Marciu. Cristina Elena Dinu- deputat PSD \u201cM\u0103 bucu"},"footnotes":""},"categories":[18,19,25,28],"tags":[2256],"class_list":{"0":"post-71091","1":"post","2":"type-post","3":"status-publish","4":"format-standard","5":"has-post-thumbnail","7":"category-actual","8":"category-adm","9":"category-pol","10":"category-uo","11":"tag-psd-giurgiu"},"_links":{"self":[{"href":"https:\/\/giurgiu-net.ro\/index.php\/wp-json\/wp\/v2\/posts\/71091","targetHints":{"allow":["GET"]}}],"collection":[{"href":"https:\/\/giurgiu-net.ro\/index.php\/wp-json\/wp\/v2\/posts"}],"about":[{"href":"https:\/\/giurgiu-net.ro\/index.php\/wp-json\/wp\/v2\/types\/post"}],"author":[{"embeddable":true,"href":"https:\/\/giurgiu-net.ro\/index.php\/wp-json\/wp\/v2\/users\/1"}],"replies":[{"embeddable":true,"href":"https:\/\/giurgiu-net.ro\/index.php\/wp-json\/wp\/v2\/comments?post=71091"}],"version-history":[{"count":0,"href":"https:\/\/giurgiu-net.ro\/index.php\/wp-json\/wp\/v2\/posts\/71091\/revisions"}],"wp:featuredmedia":[{"embeddable":true,"href":"https:\/\/giurgiu-net.ro\/index.php\/wp-json\/wp\/v2\/media\/71095"}],"wp:attachment":[{"href":"https:\/\/giurgiu-net.ro\/index.php\/wp-json\/wp\/v2\/media?parent=71091"}],"wp:term":[{"taxonomy":"category","embeddable":true,"href":"https:\/\/giurgiu-net.ro\/index.php\/wp-json\/wp\/v2\/categories?post=71091"},{"taxonomy":"post_tag","embeddable":true,"href":"https:\/\/giurgiu-net.ro\/index.php\/wp-json\/wp\/v2\/tags?post=71091"}],"curies":[{"name":"wp","href":"https:\/\/api.w.org\/{rel}","templated":true}]}}