{"id":71086,"date":"2020-01-31T11:21:47","date_gmt":"2020-01-31T09:21:47","guid":{"rendered":"http:\/\/giurgiu-net.ro\/?p=71086"},"modified":"2020-01-31T11:21:47","modified_gmt":"2020-01-31T09:21:47","slug":"primarii-giurgiuveni-normalitatea-a-fost-in-guvernarea-psd-cand-eram-sprijiniti-in-implementarea-proiectelor-noastre","status":"publish","type":"post","link":"https:\/\/giurgiu-net.ro\/index.php\/2020\/01\/31\/primarii-giurgiuveni-normalitatea-a-fost-in-guvernarea-psd-cand-eram-sprijiniti-in-implementarea-proiectelor-noastre\/","title":{"rendered":"Primarii giurgiuveni: \u201cNORMALITATEA a fost \u00een Guvernarea PSD, c\u00e2nd eram sprijini\u0163i \u00een implementarea proiectelor noastre!\u201d"},"content":{"rendered":"\n<p>\u00cen cadrul Conferin\u0163ei Jude\u0163ene Extraordinare a PSD Giurgiu,\ndesf\u0103\u015furate joi, 30 ianuarie, au luat cuv\u00e2ntul \u015fi doi dintre primarii\ngiurgiuveni.<\/p>\n\n\n\n<p><strong><em>Constantin Ionescu- primarul comunei Toporu:<\/em><\/strong><\/p>\n\n\n\n<figure class=\"wp-block-image size-full\"><img loading=\"lazy\" decoding=\"async\" width=\"662\" height=\"800\" src=\"https:\/\/giurgiu-net.ro\/wp-content\/uploads\/2020\/01\/DSC_3511.jpg\" alt=\"\" class=\"wp-image-71087\" srcset=\"https:\/\/giurgiu-net.ro\/wp-content\/uploads\/2020\/01\/DSC_3511.jpg 662w, https:\/\/giurgiu-net.ro\/wp-content\/uploads\/2020\/01\/DSC_3511-248x300.jpg 248w\" sizes=\"auto, (max-width: 662px) 100vw, 662px\" \/><\/figure>\n\n\n\n<p><em>\u201cFaptul c\u0103 suntem aici cu to\u0163ii ne d\u0103 speran\u0163\u0103 pentru alegerile care bat la u\u015f\u0103, ne d\u0103 speran\u0163\u0103 c\u0103, \u015fi dup\u0103 alegerile locale, vom fi aceia\u015fi \u00een sal\u0103, c\u0103 vom c\u00e2\u015ftiga to\u0163i! <\/em><\/p>\n\n\n\n<p><em>Aceasta, datorit\u0103 a tot ceea ce am f\u0103cut \u00een ace\u015fti 4 ani pentru comunit\u0103\u0163ile noastre, cu sprijnul conducerii Consiliului Jude\u0163ean, cu sprijinul Guvernul PSD \u015fi al \u00eentregii echipe a PSD Giurgiu! \u00cen fiecare localitate se v\u0103d realiz\u0103rile \u015fi numai cine nu a vrut n-a f\u0103cut ceva \u00een comuna sa. C\u00e2nd am preluat conducerea Prim\u0103riei Toporu, practic aceast\u0103 comun\u0103 nu exista. <\/em><\/p>\n\n\n\n<p><em>Dup\u0103 un mandat, s-a v\u0103zut schimbarea radical\u0103 care a fost f\u0103cut\u0103. Prin toate proiectele implementate, datorit\u0103 echipei PSD centrale \u015fi locale, deci a Guvernului, a Consiliului Jude\u0163ean \u015fi a echipei mele de la Prim\u0103rie, comuna Toporu a prins via\u0163\u0103. \u00cemi doresc s\u0103 continu\u0103m \u00eempreun\u0103 ceea ce am \u00eenceput!\u201d<\/em><\/p>\n\n\n\n<p><strong><em>Daniel Tr\u0103istaru- primar ora\u015f Bolintin Vale<\/em><\/strong>:<\/p>\n\n\n\n<figure class=\"wp-block-image size-full\"><img loading=\"lazy\" decoding=\"async\" width=\"800\" height=\"778\" src=\"https:\/\/giurgiu-net.ro\/wp-content\/uploads\/2020\/01\/DSC_3534.jpg\" alt=\"\" class=\"wp-image-71088\" srcset=\"https:\/\/giurgiu-net.ro\/wp-content\/uploads\/2020\/01\/DSC_3534.jpg 800w, https:\/\/giurgiu-net.ro\/wp-content\/uploads\/2020\/01\/DSC_3534-300x292.jpg 300w, https:\/\/giurgiu-net.ro\/wp-content\/uploads\/2020\/01\/DSC_3534-768x747.jpg 768w, https:\/\/giurgiu-net.ro\/wp-content\/uploads\/2020\/01\/DSC_3534-696x677.jpg 696w\" sizes=\"auto, (max-width: 800px) 100vw, 800px\" \/><\/figure>\n\n\n\n<p><em>\u201cSe \u00eemplinesc aproape 6 ani de c\u00e2nd sunt membru PSD. Pentru c\u0103, \u015fi nu spun vorbe mari, mi-am dorit s\u0103 reconstruiesc ora\u015ful Bolintin, am ales acest partid \u00een care am crezut \u015fi \u00een care mi-am pus toat\u0103 \u00eencrederea c\u0103 voi fi sprijinit. Am avut m\u00e2n\u0103 bun\u0103 pentru am ales s\u0103 merg \u00een demersul meu al\u0103turi de PSD! Dragi colegi, trebuie s\u0103 fim uni\u0163i, s\u0103 muncim ca \u015fi p\u00e2n\u0103 acum, ca s\u0103 avem acelea\u015fi rezultate ca \u015fi p\u00e2n\u0103 acum! <\/em><\/p>\n\n\n\n<p><em>Normalitatea eu o v\u0103d \u00een ceea ce s-a \u00eent\u00e2mplat \u00een Guvernarea PSD. Eu \u015ftiu a\u015fa, am avut o viziune, o echip\u0103, un proiect. Am c\u0103utat finan\u0163are, am g\u0103sit \u015fi pe proiecte europene, dar am fost sprijinit \u015fi de Guvernul PSD care m-a ajutat, astfel \u00eenc\u00e2t s\u0103 m\u0103 concentrez pe implementare. <\/em><\/p>\n\n\n\n<p><em>Ce poate s\u0103-\u015fi doreasc\u0103 un primar mai mult dec\u00e2t s\u0103 aib\u0103 stabilitate, normalitate, predictibilitate ca s\u0103 poat\u0103 s\u0103 construiasc\u0103?\u201d<\/em><\/p>\n\n\n\n<p><\/p>\n","protected":false},"excerpt":{"rendered":"<p>\u00cen cadrul Conferin\u0163ei Jude\u0163ene Extraordinare a PSD Giurgiu, desf\u0103\u015furate joi, 30 ianuarie, au luat cuv\u00e2ntul \u015fi doi dintre primarii giurgiuveni. Constantin Ionescu- primarul comunei Toporu: \u201cFaptul c\u0103 suntem aici cu to\u0163ii ne d\u0103 speran\u0163\u0103 pentru alegerile care bat la u\u015f\u0103, ne d\u0103 speran\u0163\u0103 c\u0103, \u015fi dup\u0103 alegerile locale, vom fi aceia\u015fi \u00een sal\u0103, c\u0103 vom [&hellip;]<\/p>\n","protected":false},"author":1,"featured_media":71089,"comment_status":"open","ping_status":"open","sticky":false,"template":"","format":"standard","meta":{"slim_seo":{"title":"Primarii giurgiuveni: \u201cNORMALITATEA a fost \u00een Guvernarea PSD, c\u00e2nd eram sprijini\u0163i \u00een implementarea proiectelor noastre!\u201d - GIURGIU NET","description":"\u00cen cadrul Conferin\u0163ei Jude\u0163ene Extraordinare a PSD Giurgiu, desf\u0103\u015furate joi, 30 ianuarie, au luat cuv\u00e2ntul \u015fi doi dintre primarii giurgiuveni. Constantin Ionesc"},"footnotes":""},"categories":[18,19,25,28],"tags":[2256],"class_list":{"0":"post-71086","1":"post","2":"type-post","3":"status-publish","4":"format-standard","5":"has-post-thumbnail","7":"category-actual","8":"category-adm","9":"category-pol","10":"category-uo","11":"tag-psd-giurgiu"},"_links":{"self":[{"href":"https:\/\/giurgiu-net.ro\/index.php\/wp-json\/wp\/v2\/posts\/71086","targetHints":{"allow":["GET"]}}],"collection":[{"href":"https:\/\/giurgiu-net.ro\/index.php\/wp-json\/wp\/v2\/posts"}],"about":[{"href":"https:\/\/giurgiu-net.ro\/index.php\/wp-json\/wp\/v2\/types\/post"}],"author":[{"embeddable":true,"href":"https:\/\/giurgiu-net.ro\/index.php\/wp-json\/wp\/v2\/users\/1"}],"replies":[{"embeddable":true,"href":"https:\/\/giurgiu-net.ro\/index.php\/wp-json\/wp\/v2\/comments?post=71086"}],"version-history":[{"count":0,"href":"https:\/\/giurgiu-net.ro\/index.php\/wp-json\/wp\/v2\/posts\/71086\/revisions"}],"wp:featuredmedia":[{"embeddable":true,"href":"https:\/\/giurgiu-net.ro\/index.php\/wp-json\/wp\/v2\/media\/71089"}],"wp:attachment":[{"href":"https:\/\/giurgiu-net.ro\/index.php\/wp-json\/wp\/v2\/media?parent=71086"}],"wp:term":[{"taxonomy":"category","embeddable":true,"href":"https:\/\/giurgiu-net.ro\/index.php\/wp-json\/wp\/v2\/categories?post=71086"},{"taxonomy":"post_tag","embeddable":true,"href":"https:\/\/giurgiu-net.ro\/index.php\/wp-json\/wp\/v2\/tags?post=71086"}],"curies":[{"name":"wp","href":"https:\/\/api.w.org\/{rel}","templated":true}]}}