{"id":71062,"date":"2020-01-31T09:49:48","date_gmt":"2020-01-31T07:49:48","guid":{"rendered":"http:\/\/giurgiu-net.ro\/?p=71062"},"modified":"2020-01-31T09:49:48","modified_gmt":"2020-01-31T07:49:48","slug":"mandria-alde-giurgiu-dan-pasat-3-ani-de-inchisoare-pentru-santaj-si-coruptie-cercetat-si-pentru-agresiuni-fizice-si-psihice-fata-de-mai-multi-primari-sau-oameni-de-afaceri-renegat-de-pnl-si-pdl","status":"publish","type":"post","link":"https:\/\/giurgiu-net.ro\/index.php\/2020\/01\/31\/mandria-alde-giurgiu-dan-pasat-3-ani-de-inchisoare-pentru-santaj-si-coruptie-cercetat-si-pentru-agresiuni-fizice-si-psihice-fata-de-mai-multi-primari-sau-oameni-de-afaceri-renegat-de-pnl-si-pdl\/","title":{"rendered":"M\u00e2ndria ALDE Giurgiu! Dan P\u0103sat: 3 ani de \u00ceNCHISOARE pentru \u015fantaj \u015fi corup\u0163ie, cercetat \u015fi pentru agresiuni fizice \u015fi psihice fa\u0163\u0103 de mai mul\u0163i primari sau oameni de afaceri, renegat de PNL \u015fi PDL! \u201eEu vreau bani, m\u0103 frate!\u201d"},"content":{"rendered":"\n<p class=\"has-text-align-center\"><strong><em>STENOGRAME: Dan P\u0103sat- \u201eEu vreau bani, m\u0103 frate! Ce tot comentezi m\u0103 cu mine?\u201d(\u2026) \u201cEu vorbesc de rela\u0163ia mea cu Elena, rela\u0163ia mea cu Vasile Blaga, rela\u0163ia mea cu Videanu \u015fi a\u015fa mai departe, Berceanu&#8230; adic\u0103 asta e via\u0163a!\u201d<\/em><\/strong><\/p>\n\n\n\n<figure class=\"wp-block-image size-full\"><img loading=\"lazy\" decoding=\"async\" width=\"646\" height=\"404\" src=\"https:\/\/giurgiu-net.ro\/wp-content\/uploads\/2020\/01\/p9.jpg\" alt=\"\" class=\"wp-image-71078\" srcset=\"https:\/\/giurgiu-net.ro\/wp-content\/uploads\/2020\/01\/p9.jpg 646w, https:\/\/giurgiu-net.ro\/wp-content\/uploads\/2020\/01\/p9-300x188.jpg 300w\" sizes=\"auto, (max-width: 646px) 100vw, 646px\" \/><\/figure>\n\n\n\n<p><em>Poate chiar cel mai controversat personaj politic pe care l-a avut vreodat\u0103 Giurgiu,  Dan P\u0103sat, dup\u0103 de 3 ani de pu\u015fc\u0103rie, a revenit \u00een for\u0163\u0103 \u00een politica local\u0103, dup\u0103 resuscitarea pe care i-a f\u0103cut-o \u015feful ALDE Giurgiu, Toma Petcu.<\/em><\/p>\n\n\n\n<p><em>De\u015fi Petcu, ini\u0163ial, \u00een 2018, nega \u00een fa\u0163a presei na\u0163ionale \u015fi locale, c\u0103 Dan P\u0103sat ar avea un loc c\u0103ldu\u0163 \u00een ALDE, el i-a f\u0103cut, recent, o reintrare&#8230; triumfat\u0103 \u00een aten\u0163ia publicului, prin scandalul de la Buc\u015fani.<\/em><\/p>\n\n\n\n<p>CITE\u015eTE AICI:  <a rel=\"noreferrer noopener\" aria-label=\"https:\/\/giurgiu-net.ro\/archives\/70826  (se deschide \u00eentr-o fil\u0103 nou\u0103)\" href=\"https:\/\/giurgiu-net.ro\/archives\/70826\" target=\"_blank\">https:\/\/giurgiu-net.ro\/archives\/70826 <\/a> <strong>ULTIMA OR\u0102: Primit \u00een ALDE, fostul pu\u015fc\u0103ria\u015f Dan P\u0103sat face \u201elegea\u201d prin jude\u0163? Scandal mare la Buc\u015fani!<\/strong><\/p>\n\n\n\n<figure class=\"wp-block-image size-full\"><img loading=\"lazy\" decoding=\"async\" width=\"806\" height=\"468\" src=\"https:\/\/giurgiu-net.ro\/wp-content\/uploads\/2020\/01\/petcu-pasat.jpg\" alt=\"\" class=\"wp-image-71063\" srcset=\"https:\/\/giurgiu-net.ro\/wp-content\/uploads\/2020\/01\/petcu-pasat.jpg 806w, https:\/\/giurgiu-net.ro\/wp-content\/uploads\/2020\/01\/petcu-pasat-300x174.jpg 300w, https:\/\/giurgiu-net.ro\/wp-content\/uploads\/2020\/01\/petcu-pasat-768x446.jpg 768w, https:\/\/giurgiu-net.ro\/wp-content\/uploads\/2020\/01\/petcu-pasat-696x404.jpg 696w\" sizes=\"auto, (max-width: 806px) 100vw, 806px\" \/><\/figure>\n\n\n\n<p>Sigur, nu spune nimeni c\u0103, dup\u0103 3 ani de deten\u0163ie, un om nu mai\nare voie s\u0103&#8230; \u201etr\u0103iasc\u0103\u201d, dar, din metodele pe care P\u0103sat le folose\u015fte \u015fi\nacum, se pare c\u0103 \u00eencerc\u0103rile de \u201ereintegrare\u201d a sa n-au func\u0163ionat. Nu \u015ftim la\nce s-a tot g\u00e2ndit P\u0103sat, c\u00e2t a fost \u00eenchis pentru \u015fantaj \u015fi corup\u0163ie, dar nu\npare c\u0103 \u015fi-ar fi \u00eenv\u0103\u0163at lec\u0163ia \u00een privin\u0163a atitudinii sale fa\u0163\u0103 de semeni, atunci\nc\u00e2nd are vreun interes personal sau de partid. Deci, se pare c\u0103 vorba: \u201elupul\n\u00ee\u015fi schimb\u0103 p\u0103rul, dar n\u0103ravul ba!\u201d i se potrive\u015fte de minune! <\/p>\n\n\n\n<p>Cel pu\u0163in, \u00een cazul schimb\u0103rii viceprimarului de la Buc\u015fani,\nP\u0103sat ar fi f\u0103cut ceea ce \u015ftie cel el mai bine, motiv pentru care se va alege\ncu pl\u00e2ngeri penale. <\/p>\n\n\n\n<p>CITE\u015eTE: <a href=\"https:\/\/giurgiu-net.ro\/archives\/70978\" target=\"_blank\" rel=\"noreferrer noopener\" aria-label=\" (se deschide \u00eentr-o fil\u0103 nou\u0103)\">https:\/\/giurgiu-net.ro\/archives\/70978<\/a> <strong>PSD Giurgiu, pl\u00e2ngere penal\u0103 \u00eempotriva lui Dan P\u0103sat- ALDE? Avocatul Crina Stoianovici: \u201cExist\u0103 indicii temeinice privind exercitarea unor presiuni asupra consilierilor locali din Buc\u015fani\u201d<\/strong><\/p>\n\n\n\n<p class=\"has-text-align-center\"><em>Stima\u0163i giurgiuveni- c\u0103rora o s\u0103 v\u0103 cear\u0103 voturile ALDE, cur\u00e2nd, cu un asemenea personaj \u00een fruntea trupei, sub masca \u201esalvatorilor\u201d, \u201emorali\u015ftilor\u201d, celor mai \u201ecumin\u0163i\u201d politicieni, dup\u0103 \u0103ia de la PNL, din lume- haide\u0163i s\u0103 v\u0103 reamintim cu cine ave\u0163i de-a face:<\/em><\/p>\n\n\n\n<figure class=\"wp-block-image size-full\"><img loading=\"lazy\" decoding=\"async\" width=\"314\" height=\"248\" src=\"https:\/\/giurgiu-net.ro\/wp-content\/uploads\/2020\/01\/p6.jpg\" alt=\"\" class=\"wp-image-71064\" srcset=\"https:\/\/giurgiu-net.ro\/wp-content\/uploads\/2020\/01\/p6.jpg 314w, https:\/\/giurgiu-net.ro\/wp-content\/uploads\/2020\/01\/p6-300x237.jpg 300w\" sizes=\"auto, (max-width: 314px) 100vw, 314px\" \/><\/figure>\n\n\n\n<p><strong><em>Dan P\u0103sat este originar\ndin localitatea giurgiuvean\u0103 Ogrezeni. El a fost poli\u0163ist p\u00e2n\u0103 \u00een anul 2000,\ndup\u0103 care a intrat \u00een afaceri cu terenuri \u015fi ulterior \u00een politic\u0103, ca membru\nPDL. A trecut apoi \u00een tab\u0103ra PNL Giurgiu, de\u0163in\u00e2nd pentru scurt timp chiar\nfunc\u0163ia de subprefect al jude\u0163ului. Pe listele acestui partid a fost ales\ndeputat, \u00eens\u0103 ulterior s-a re\u00eentors la PDL. De acolo, direct \u00een pu\u015fc\u0103rie, \u00een\n2013.<\/em><\/strong><\/p>\n\n\n\n<p>\u00cen 2011, conform unei declara\u0163ii de avere, Dan P\u0103sat de\u0163inea 20 de terenuri agricole cu o suprafa\u0163\u0103 cumulat\u0103 de peste 500 de hectare \u00een mai multe localit\u0103\u0163i giurgiuvene. De asemenea, el mai avea cinci ma\u015fini. \u00cen plus, ob\u0163inuse venituri de 5,3 milioane de lei prin v\u00e2nzarea mai multor terenuri \u015fi a dou\u0103 apartamente \u00een Bucure\u015fti.<\/p>\n\n\n\n<figure class=\"wp-block-image size-full\"><img loading=\"lazy\" decoding=\"async\" width=\"800\" height=\"528\" src=\"https:\/\/giurgiu-net.ro\/wp-content\/uploads\/2020\/01\/p4.jpg\" alt=\"\" class=\"wp-image-71077\" srcset=\"https:\/\/giurgiu-net.ro\/wp-content\/uploads\/2020\/01\/p4.jpg 800w, https:\/\/giurgiu-net.ro\/wp-content\/uploads\/2020\/01\/p4-300x198.jpg 300w, https:\/\/giurgiu-net.ro\/wp-content\/uploads\/2020\/01\/p4-768x507.jpg 768w, https:\/\/giurgiu-net.ro\/wp-content\/uploads\/2020\/01\/p4-696x459.jpg 696w\" sizes=\"auto, (max-width: 800px) 100vw, 800px\" \/><\/figure>\n\n\n\n<p>\u00cen presa local\u0103 \u015fi na\u0163ional\u0103, \u00een perioada respectiv\u0103, Dan P\u0103sat\nera acuzat de folosirea unor metode de \u201einterlopi\u201d pentru ob\u0163inerea de foloase\npersonale sau pentru partid(e). Ulterior, prin decizia instan\u0163ei, se poate\nspune c\u0103 jurnali\u015ftii nu exagerau \u00een folosirea termenului respectiv.<\/p>\n\n\n\n<p><strong>Mai \u00eent\u00e2i a fost&#8230;\nDNA<\/strong><\/p>\n\n\n\n<p class=\"has-text-align-center\"><em><strong>\u00cen aprilie 2011, Direc\u0163ia Na\u0163ional\u0103 Anticorup\u0163ie dispunea trimiterea \u00een judecat\u0103 a lui Dan P\u0103sat \u015fi a altor dou\u0103 persoane. <\/strong><\/em><br \/> <br \/> <\/p>\n\n\n\n<figure class=\"wp-block-image size-full\"><img decoding=\"async\" src=\"https:\/\/giurgiu-net.ro\/wp-content\/uploads\/2020\/01\/dna-p\u0103sat-1.jpg\" alt=\"\" class=\"wp-image-71065\"\/><\/figure>\n\n\n\n<figure class=\"wp-block-image size-full\"><img loading=\"lazy\" decoding=\"async\" width=\"872\" height=\"367\" src=\"https:\/\/giurgiu-net.ro\/wp-content\/uploads\/2020\/01\/dna-pasat-2.jpg\" alt=\"\" class=\"wp-image-71066\" srcset=\"https:\/\/giurgiu-net.ro\/wp-content\/uploads\/2020\/01\/dna-pasat-2.jpg 872w, https:\/\/giurgiu-net.ro\/wp-content\/uploads\/2020\/01\/dna-pasat-2-300x126.jpg 300w, https:\/\/giurgiu-net.ro\/wp-content\/uploads\/2020\/01\/dna-pasat-2-768x323.jpg 768w, https:\/\/giurgiu-net.ro\/wp-content\/uploads\/2020\/01\/dna-pasat-2-696x293.jpg 696w\" sizes=\"auto, (max-width: 872px) 100vw, 872px\" \/><\/figure>\n\n\n\n<p>Ini\u0163ial, PDL-i\u015ftii l-au sc\u0103pat, \u00een Camera Deputa\u0163ilor, pe Dan P\u0103sat, dup\u0103 solicitarea DNA privind re\u0163inerea \u015fi arestarea personajului. \u00cencep\u00e2nd cu Traian B\u0103sescu \u015fi sf\u00e2r\u015find cu Raluca Turcan sau Ioan Oltean, ulterior, PDL-i\u015ftii s-au lep\u0103dat pe r\u00e2nd de acuzatul Dan P\u0103sat.<\/p>\n\n\n\n<figure class=\"wp-block-image size-full\"><img loading=\"lazy\" decoding=\"async\" width=\"693\" height=\"640\" src=\"https:\/\/giurgiu-net.ro\/wp-content\/uploads\/2020\/01\/turcan-pasat.jpg\" alt=\"\" class=\"wp-image-71067\" srcset=\"https:\/\/giurgiu-net.ro\/wp-content\/uploads\/2020\/01\/turcan-pasat.jpg 693w, https:\/\/giurgiu-net.ro\/wp-content\/uploads\/2020\/01\/turcan-pasat-300x277.jpg 300w\" sizes=\"auto, (max-width: 693px) 100vw, 693px\" \/><\/figure>\n\n\n\n<p class=\"has-text-align-center\">I<strong><em>nteresant este c\u0103, dac\u0103 informa\u0163iile se confirm\u0103 \u015fi ALDE Giurgiu va fi &#8222;\u00eenghi\u0163it&#8221; de PNL Giurgiu, oare doamna Turcan \u015fi prietenii s\u0103i din PNL o s\u0103-l &#8222;\u00eenghit\u0103&#8221; \u015fi pe DAN P\u0102SAT, din nou?<\/em><\/strong><\/p>\n\n\n\n<p>Revenind, \u00een aceea\u015fi perioad\u0103, deci \u00een februarie 2011, G\u00e2ndul publica un articol incendiar, cu fragmente pe m\u0103sur\u0103 din stenograme \u00een care Dan P\u0103sat o men\u0163iona pe Elena Udrea ca fiind \u201e<strong>o persoan\u0103 cu care se \u00een\u0163elege bine \u015fi fa\u0163\u0103 de care a &#8222;f\u0103cut ni\u015fte gesturi&#8221;.<\/strong><\/p>\n\n\n\n<figure class=\"wp-block-image size-full\"><img loading=\"lazy\" decoding=\"async\" width=\"600\" height=\"338\" src=\"https:\/\/giurgiu-net.ro\/wp-content\/uploads\/2020\/01\/udrea.jpg\" alt=\"\" class=\"wp-image-71076\" srcset=\"https:\/\/giurgiu-net.ro\/wp-content\/uploads\/2020\/01\/udrea.jpg 600w, https:\/\/giurgiu-net.ro\/wp-content\/uploads\/2020\/01\/udrea-300x169.jpg 300w\" sizes=\"auto, (max-width: 600px) 100vw, 600px\" \/><\/figure>\n\n\n\n<p>\u201cDeputatul PDL Dan P\u0103sat,\ncercetat de procurori pentru \u015fantaj \u015fi corup\u0163ie a \u00eencercat s\u0103 ob\u0163in\u0103 fonduri\npentru construirea unui parc de distrac\u0163ii pe propriul s\u0103u teren inten\u0163ion\u00e2nd\ns\u0103 apeleze la ministrul Dezvolt\u0103rii \u015fi Turismului, Elena Udrea.&nbsp;<strong>Cel\npu\u0163in asta i-a spus prin telefon unui prieten \u00een urm\u0103 cu un an, c\u00e2nd P\u0103sat\nvorbea despre Elena Udrea ca despre o persoan\u0103 cu care se \u00een\u0163elege bine \u015fi fa\u0163\u0103\nde care a &#8222;f\u0103cut ni\u015fte gesturi&#8221;.<\/strong>Respectivele informa\u0163ii apar \u00een\nreferatul \u00eentocmit de Direc\u0163ia Na\u0163ional\u0103 Anticorup\u0163ie, document la care\nprocurorii au ata\u015fat \u015fi stenogramele discu\u0163iilor telefonice pe care\nparlamentarul democrat-liberal le-a purtat \u00een ianuarie 2010.<\/p>\n\n\n\n<p><strong>P\u0102SAT \u015eI DISCU\u0162IA IMAGINAR\u0102 CU &#8222;ELENA&#8221;<\/strong><\/p>\n\n\n\n<p><strong>&#8222;Eu vreau s\u0103 m\u0103 duc la ea \u015fi s\u0103 \u00eei spun urm\u0103torul lucru:<br \/> &lt;&lt;B\u0103i, Elena, uite care-i treaba, eu vreau s\u0103 fac acolo. Am un lac mare, e zon\u0103 de interes, e\u015fti la&#8230; e la Giurgiu. Tu \u015ftii c\u0103 ai vrut s\u0103 vii la Giurgiu \u015fi nu ai putut c\u0103 a\u015fa a fost s\u0103 fie.&#8221;&gt;&gt;Noi ne \u00een\u0163elegem a\u015fa bine, eu cu Elena, \u00een\u0163elegi?&#8230; Am f\u0103cut eu ni\u015fte gesturi fa\u0163\u0103 de ea pe aici \u015fi&#8230;i-a pl\u0103cut&#8221;, se arat\u0103 \u00een documentul prezentat de Realitatea tv.<\/strong><\/p>\n\n\n\n<figure class=\"wp-block-image size-full\"><img loading=\"lazy\" decoding=\"async\" width=\"274\" height=\"250\" src=\"https:\/\/giurgiu-net.ro\/wp-content\/uploads\/2020\/01\/p-1.jpg\" alt=\"\" class=\"wp-image-71075\"\/><\/figure>\n\n\n\n<p>\u00cen\nacelea\u015fi \u00eenregistr\u0103ri apare \u015fi o discu\u0163ie \u00eentre P\u0103sat \u015fi omul de afaceri Adrian\nMarian Ionel, cel care, spun procurorii, ar fi fost \u015fantajat de c\u0103tre deputatul\nPDL. Conform DNA, P\u0103sat ar fi f\u0103cut presiuni asupra lui Ionel pentru a primi\nbanii dintr-o lucrare public\u0103 pe care acesta o c\u00e2\u015ftigase \u00een Giurgiu.&nbsp;<strong>\u00cen\nap\u0103rarea sa, Dan P\u0103sat spune c\u0103 banii pe care \u00eei solicitase i se cuveneau\n\u00eentruc\u00e2t lucrarea de la societatea care a c\u00e2\u015ftigat licita\u0163ia a fost preluat\u0103\nprin antrepriz\u0103 de una din firmele sale.<\/strong><\/p>\n\n\n\n<p>(\u2026) <strong>Discu\u0163ie \u00eentre Dan P\u0103sat \u015fi un prieten<\/strong><\/p>\n\n\n\n<figure class=\"wp-block-image size-full\"><img loading=\"lazy\" decoding=\"async\" width=\"901\" height=\"615\" src=\"https:\/\/giurgiu-net.ro\/wp-content\/uploads\/2020\/01\/p2.jpg\" alt=\"\" class=\"wp-image-71082\" srcset=\"https:\/\/giurgiu-net.ro\/wp-content\/uploads\/2020\/01\/p2.jpg 901w, https:\/\/giurgiu-net.ro\/wp-content\/uploads\/2020\/01\/p2-300x205.jpg 300w, https:\/\/giurgiu-net.ro\/wp-content\/uploads\/2020\/01\/p2-768x524.jpg 768w, https:\/\/giurgiu-net.ro\/wp-content\/uploads\/2020\/01\/p2-218x150.jpg 218w, https:\/\/giurgiu-net.ro\/wp-content\/uploads\/2020\/01\/p2-696x475.jpg 696w\" sizes=\"auto, (max-width: 901px) 100vw, 901px\" \/><\/figure>\n\n\n\n<p><strong>(\u2026) P\u0103sat<\/strong>: <strong>Deci eu c\u00e2nd a&nbsp;investit-o Guvernul, m-am dus la ea(Elena Udrea, n.r.), am pupat-o, am felicitat-o \u015fi i-am spus c\u0103 \u00een zona aia, Ogrezeni acolo&#8230;E o balt\u0103 mare, frumoas\u0103, \u015fi c\u0103 e zon\u0103 de interes. \u015ei ea zice: &#8222;Da, da, Comana. Eu \u015ftiam de Comana, nu \u015ftiam nimic de&#8230;&#8221; Deci nu \u015ftia absolut nimic femeia, ca loca\u0163ie m\u0103 refer. Ca proiect poate \u015ftie&#8230;<\/strong><\/p>\n\n\n\n<p><strong>P\u0103sat<\/strong>: Eu vreau s\u0103 m\u0103 duc la ea \u015fi s\u0103 \u00eei spun urm\u0103torul lucru:<br \/> <strong><em>&#8222;B\u0103i, Elena, uite care-i treaba, eu vreau s\u0103 fac acolo. Am un lac mare, e zon\u0103 de interes, e\u015fti la&#8230;e la Giurgiu. Tu \u015ftii c\u0103 ai vrut s\u0103 vii la Giurgiu \u015fi nu ai putut c\u0103 a\u015fa a fost s\u0103 fie.&#8221; Noi ne \u00een\u0163elegem a\u015fa bine, eu cu Elena, \u00een\u0163elegi?&#8230; Am f\u0103cut eu ni\u015fte gesturi fa\u0163\u0103 de ea pe aici \u015fi&#8230;i-a pl\u0103cut.<\/em><\/strong><\/p>\n\n\n\n<p><strong>P\u0103sat<\/strong>: <em><strong>L\u0103s\u00e2nd la o parte c\u0103 sunt eu deputat, nu vorbesc de deputat aici. Eu vorbesc de rela\u0163ia mea cu Elena, rela\u0163ia mea cu Vasile Blaga, rela\u0163ia mea cu Videanu \u015fi a\u015fa mai departe, Berceanu&#8230; adic\u0103 asta e via\u0163a!<\/strong><\/em><\/p>\n\n\n\n<p><strong>Discu\u0163ie \u00eentre deputatul Dan P\u0103sat \u015fi omul de afaceri Adrian Marian\nIonel<\/strong><\/p>\n\n\n\n<p><strong>P\u0103sat<\/strong>: <em><strong>Eu vreau bani, m\u0103 frate! Ce tot comentezi m\u0103 cu mine? Voi v-a\u0163i luat bani b\u0103i. 30 de miliarde, b\u0103i \u015fi i-a\u0163i b\u0103gat \u00een alte&#8230; Ascult\u0103-m\u0103 \u015fi tu acum pe mine! Voi a\u0163i dat din banii publici de stat. B\u0103i, dac\u0103 exist\u0103 m\u00e2ine un control&#8230;Eu vreau doar banii mei \u015fi v\u0103d c\u0103 nu vrei s\u0103 colaborezi.<\/strong><\/em><\/p>\n\n\n\n<figure class=\"wp-block-image size-full\"><img loading=\"lazy\" decoding=\"async\" width=\"600\" height=\"338\" src=\"https:\/\/giurgiu-net.ro\/wp-content\/uploads\/2020\/01\/p3.jpg\" alt=\"\" class=\"wp-image-71074\" srcset=\"https:\/\/giurgiu-net.ro\/wp-content\/uploads\/2020\/01\/p3.jpg 600w, https:\/\/giurgiu-net.ro\/wp-content\/uploads\/2020\/01\/p3-300x169.jpg 300w\" sizes=\"auto, (max-width: 600px) 100vw, 600px\" \/><\/figure>\n\n\n\n<p><strong>(\u2026)<\/strong><\/p>\n\n\n\n<p><strong>P\u0103sat<\/strong>: <em><strong>B\u0103i, eu m\u00e2ine vreau banii. Deci , eu m\u00e2ine vreau bani. Eu nu zic s\u0103-mi dai m\u00e2ine un miliard, dar d\u0103-mi frate din bani\u201d.<\/strong><\/em><\/p>\n\n\n\n<p>TOT ARTICOLUL DIN G\u00c2NDUL, AICI: <a href=\"https:\/\/m.gandul.info\/stiri\/stenograme-discutia-imaginara-a-deputatului-pasat-cu-udrea-bai-elena-uite-care-i-treaba-plus-reactia-ministrului-nicio-zi-fara-mine-7981930\" target=\"_blank\" rel=\"noreferrer noopener\" aria-label=\" (se deschide \u00eentr-o fil\u0103 nou\u0103)\">https:\/\/m.gandul.info\/stiri\/stenograme-discutia-imaginara-a-deputatului-pasat-cu-udrea-bai-elena-uite-care-i-treaba-plus-reactia-ministrului-nicio-zi-fara-mine-7981930<\/a><\/p>\n\n\n\n<p><strong>Dup\u0103 un proces de 2 ani, P\u0103sat\nprime\u015fte decizia definitiv\u0103! 3 ani de \u00eenchisoare<\/strong><\/p>\n\n\n\n<p><em><strong>2.12.2013, presa central\u0103:<\/strong><\/em><\/p>\n\n\n\n<p><strong><em>Completul de cinci judec\u0103tori al instan\u0163ei supreme a men\u0163inut integral decizia din 10 aprilie, prin care Dan P\u0103sat a fost condamnat la trei ani de \u00eenchisoare cu executare, fiind astfel respinse recursurile f\u0103cute de fostul deputat \u015fi de procurorii DNA.<\/em><\/strong><\/p>\n\n\n\n<figure class=\"wp-block-image size-full\"><img loading=\"lazy\" decoding=\"async\" width=\"620\" height=\"380\" src=\"https:\/\/giurgiu-net.ro\/wp-content\/uploads\/2020\/01\/p10.jpg\" alt=\"\" class=\"wp-image-71079\" srcset=\"https:\/\/giurgiu-net.ro\/wp-content\/uploads\/2020\/01\/p10.jpg 620w, https:\/\/giurgiu-net.ro\/wp-content\/uploads\/2020\/01\/p10-300x184.jpg 300w\" sizes=\"auto, (max-width: 620px) 100vw, 620px\" \/><\/figure>\n\n\n\n<p><em>\u00cen 10 aprilie, \u00cenalta Curte de Casa\u0163ie \u015fi Justi\u0163ie <strong>l-a condamnat pe Dan P\u0103sat la trei ani de \u00eenchisoare cu executare pentru trei fapte de \u015fantaj \u015fi la 11 luni de \u00eenchisoare pentru opera\u0163iuni financiare, ca acte de comer\u0163, incompatibile cu func\u0163ia, atribu\u0163ia sau \u00eens\u0103rcinarea pe care o \u00eendepline\u015fte o persoan\u0103, \u00een scopul ob\u0163inerii pentru sine sau pentru altul de bani, bunuri ori alte foloase necuvenite.<\/strong><\/em><\/p>\n\n\n\n<p><em>Pedepsele dispuse \u00een cazul lui Dan P\u0103sat au fost contopite, instan\u0163a dispun\u00e2nd ca acesta s\u0103 o execute pe cea mai grea, de trei ani de \u00eenchisoare.<\/em><\/p>\n\n\n\n<figure class=\"wp-block-image size-full\"><img loading=\"lazy\" decoding=\"async\" width=\"800\" height=\"533\" src=\"https:\/\/giurgiu-net.ro\/wp-content\/uploads\/2020\/01\/p8.jpg\" alt=\"\" class=\"wp-image-71073\" srcset=\"https:\/\/giurgiu-net.ro\/wp-content\/uploads\/2020\/01\/p8.jpg 800w, https:\/\/giurgiu-net.ro\/wp-content\/uploads\/2020\/01\/p8-300x200.jpg 300w, https:\/\/giurgiu-net.ro\/wp-content\/uploads\/2020\/01\/p8-768x512.jpg 768w, https:\/\/giurgiu-net.ro\/wp-content\/uploads\/2020\/01\/p8-696x464.jpg 696w\" sizes=\"auto, (max-width: 800px) 100vw, 800px\" \/><\/figure>\n\n\n\n<p><em>Instan\u0163a i-a obligat pe Dan P\u0103sat \u015fi\nConstantin Marin s\u0103 pl\u0103teasc\u0103, \u00een solidar, c\u00e2te <strong>5.000 de euro daune morale<\/strong> c\u0103tre Adrian Marian Ionel \u015fi Costin\nIonu\u0163 Ionel.<\/em><\/p>\n\n\n\n<p><em>Judec\u0103torii au mai dispus <strong>confiscarea a 1.836.608,59 lei<\/strong> de la\nDan P\u0103sat, reprezent\u00e2nd sumele \u00eencasate de SC Prod Invest SRL ca urmare a\nactivit\u0103\u0163ii infrac\u0163ionale desf\u0103\u015furate de fostul deputat.<\/em><\/p>\n\n\n\n<p><em>Instan\u0163a a men\u0163inut <strong>sechestrul asigur\u0103tor instituit de procurorii DNA \u00een 8 martie 2011\nasupra bunurilor mobile \u015fi imobile ale lui Dan P\u0103sat <\/strong>p\u00e2n\u0103 la concuren\u0163a\nsumei de 1.836.608,59 lei \u015fi 5.000 de euro, precum \u015fi sechestrul asupra\nbunurilor mobile \u015fi imobile ale lui Constantin Marin p\u00e2n\u0103 la concuren\u0163a sumei\nde 5.000 de euro.<\/em><\/p>\n\n\n\n<p><em>Decizia a fost contestat\u0103 de cei trei inculpa\u0163i \u015fi de procurorii DNA la Completul de cinci judec\u0103tori al instan\u0163ei supreme, care joi a dat o sentin\u0163\u0103 definitiv\u0103 \u00een acest dosar.<\/em><\/p>\n\n\n\n<figure class=\"wp-block-image size-full\"><img loading=\"lazy\" decoding=\"async\" width=\"314\" height=\"322\" src=\"https:\/\/giurgiu-net.ro\/wp-content\/uploads\/2020\/01\/p5.jpg\" alt=\"\" class=\"wp-image-71072\" srcset=\"https:\/\/giurgiu-net.ro\/wp-content\/uploads\/2020\/01\/p5.jpg 314w, https:\/\/giurgiu-net.ro\/wp-content\/uploads\/2020\/01\/p5-293x300.jpg 293w\" sizes=\"auto, (max-width: 314px) 100vw, 314px\" \/><\/figure>\n\n\n\n<figure class=\"wp-block-image size-full\"><img loading=\"lazy\" decoding=\"async\" width=\"1033\" height=\"605\" src=\"https:\/\/giurgiu-net.ro\/wp-content\/uploads\/2020\/01\/ICCJ-1.jpg\" alt=\"\" class=\"wp-image-71068\" srcset=\"https:\/\/giurgiu-net.ro\/wp-content\/uploads\/2020\/01\/ICCJ-1.jpg 1033w, https:\/\/giurgiu-net.ro\/wp-content\/uploads\/2020\/01\/ICCJ-1-300x176.jpg 300w, https:\/\/giurgiu-net.ro\/wp-content\/uploads\/2020\/01\/ICCJ-1-1024x600.jpg 1024w, https:\/\/giurgiu-net.ro\/wp-content\/uploads\/2020\/01\/ICCJ-1-768x450.jpg 768w, https:\/\/giurgiu-net.ro\/wp-content\/uploads\/2020\/01\/ICCJ-1-696x408.jpg 696w\" sizes=\"auto, (max-width: 1033px) 100vw, 1033px\" \/><\/figure>\n\n\n\n<figure class=\"wp-block-image size-full\"><img loading=\"lazy\" decoding=\"async\" width=\"811\" height=\"516\" src=\"https:\/\/giurgiu-net.ro\/wp-content\/uploads\/2020\/01\/iccj-dec-1.jpg\" alt=\"\" class=\"wp-image-71069\" srcset=\"https:\/\/giurgiu-net.ro\/wp-content\/uploads\/2020\/01\/iccj-dec-1.jpg 811w, https:\/\/giurgiu-net.ro\/wp-content\/uploads\/2020\/01\/iccj-dec-1-300x191.jpg 300w, https:\/\/giurgiu-net.ro\/wp-content\/uploads\/2020\/01\/iccj-dec-1-768x489.jpg 768w, https:\/\/giurgiu-net.ro\/wp-content\/uploads\/2020\/01\/iccj-dec-1-696x443.jpg 696w\" sizes=\"auto, (max-width: 811px) 100vw, 811px\" \/><\/figure>\n\n\n\n<figure class=\"wp-block-image size-full\"><img loading=\"lazy\" decoding=\"async\" width=\"672\" height=\"602\" src=\"https:\/\/giurgiu-net.ro\/wp-content\/uploads\/2020\/01\/iccj-dec-2.jpg\" alt=\"\" class=\"wp-image-71070\" srcset=\"https:\/\/giurgiu-net.ro\/wp-content\/uploads\/2020\/01\/iccj-dec-2.jpg 672w, https:\/\/giurgiu-net.ro\/wp-content\/uploads\/2020\/01\/iccj-dec-2-300x269.jpg 300w\" sizes=\"auto, (max-width: 672px) 100vw, 672px\" \/><\/figure>\n\n\n\n<figure class=\"wp-block-image size-full\"><img loading=\"lazy\" decoding=\"async\" width=\"547\" height=\"585\" src=\"https:\/\/giurgiu-net.ro\/wp-content\/uploads\/2020\/01\/iccj-dec-4.jpg\" alt=\"\" class=\"wp-image-71071\" srcset=\"https:\/\/giurgiu-net.ro\/wp-content\/uploads\/2020\/01\/iccj-dec-4.jpg 547w, https:\/\/giurgiu-net.ro\/wp-content\/uploads\/2020\/01\/iccj-dec-4-281x300.jpg 281w\" sizes=\"auto, (max-width: 547px) 100vw, 547px\" \/><\/figure>\n\n\n\n<p>Potrivit DNA, <strong>\u00een perioada octombrie &#8211; noiembrie 2009<\/strong>, <strong>Dan P\u0103sat, sprijinit de Constantin Marin, ar fi amenin\u0163at verbal \u015fi fizic, \u00een mai multe r\u00e2nduri, doi reprezentan\u0163i ai firmei Agro Clas SRL Teleorman, iar \u00een 29 octombrie 2009 a exercitat acte de violen\u0163\u0103 asupra acestora.<\/strong> <em>Amenin\u0163\u0103rile vizau integritatea fizic\u0103 a celor doi reprezentan\u0163i ai firmei sau a membrilor familiilor acestora, pentru a-i determina s\u0103 semneze un contract de cesiune integral\u0103 a lucr\u0103rilor de aduc\u0163iune a apei din comuna V\u0103r\u0103\u015fti, jude\u0163ul Giurgiu.<\/em><\/p>\n\n\n\n<p>Totodat\u0103, <strong><em>prin amenin\u0163\u0103ri \u015fi sprijinit de Marin Constantin, P\u0103sat ar fi \u00eencercat s\u0103 \u00eel conving\u0103 pe unul dintre cei doi reprezentan\u0163i ai firmei s\u0103 mearg\u0103 la sediul Prim\u0103riei din comuna Toporu \u015fi s\u0103 fac\u0103 demersurile necesare pe l\u00e2ng\u0103 primar \u00een vederea \u00eencas\u0103rii sumei de 290.000 de lei, bani care s-ar fi cuvenit firmei Agro Clas SRL din executarea unui contractul de aduc\u0163iune ap\u0103 potabil\u0103. Ace\u015fti bani ar fi urmat s\u0103 \u00eei fie remi\u015fi lui Dan P\u0103sat.<\/em><\/strong><\/p>\n\n\n\n<figure class=\"wp-block-image size-full\"><img loading=\"lazy\" decoding=\"async\" width=\"314\" height=\"248\" src=\"https:\/\/giurgiu-net.ro\/wp-content\/uploads\/2020\/01\/p6-1.jpg\" alt=\"\" class=\"wp-image-71080\" srcset=\"https:\/\/giurgiu-net.ro\/wp-content\/uploads\/2020\/01\/p6-1.jpg 314w, https:\/\/giurgiu-net.ro\/wp-content\/uploads\/2020\/01\/p6-1-300x237.jpg 300w\" sizes=\"auto, (max-width: 314px) 100vw, 314px\" \/><\/figure>\n\n\n\n<p>Procurorii au mai sus\u0163inut c\u0103, <strong>\u00een cursul lunii noiembrie 2009<\/strong>, <strong><em>P\u0103sat ar\nfi exercitat presiuni psihice, amenin\u0163\u00e2ndu-l pe primarul comunei Toporu, pentru\na rezilia un contract cu SC Agro Clas SRL <\/em><\/strong><strong><em>\u015fi a efectua pl\u0103\u0163ile aferente derul\u0103rii\ncontractului c\u0103tre firma lui Dan P\u0103sat &#8211; SC Prod Invest SRL, \u00een condi\u0163iile \u00een care aceasta din\nurm\u0103 efectuase numai anumite lucr\u0103ri subcontractate.<\/em><\/strong> <\/p>\n\n\n\n<p>Contractul, \u00een valoare total\u0103 de\n3.848.719 lei, avea ca obiect \u201ealimentarea cu ap\u0103 potabil\u0103 a comunei Toporu\u201d.\n&nbsp; <em>Totodat\u0103, potrivit procurorilor, Dan P\u0103sat ar fi\n\u00eencercat s\u0103 \u00eel constr\u00e2ng\u0103 pe primarul comunei Toporu \u201es\u0103 fac\u0103 demersuri\nilicite\u201d prin care s\u0103 favorizeze firma fostului deputat la c\u00e2\u015ftigarea\nlicita\u0163iei publice care avea ca obiect atribuirea contractului pentru\nconstruirea unei baze sportive \u00een localitate. Procedura de achizi\u0163ie public\u0103\ntrebuia s\u0103 aib\u0103 loc \u00een decembrie 2009 &#8211; martie 2010. &nbsp; <\/em><\/p>\n\n\n\n<p><strong><em>\u00cen perioada noiembrie 2009 &#8211; februarie 2010, Dan P\u0103sat ar fi efectuat demersuri, \u00een calitate de administrator de facto \u00een reprezentarea intereselor societ\u0103\u0163ii sale, SC Prod Invest SRL, pe l\u00e2ng\u0103 primarii localit\u0103\u0163ilor Toporu, Bulbucata, Buc\u015fani, V\u0103r\u0103\u015fti, Letca Nou\u0103, Valea Dragului, pentru a-i determina s\u0103 efectueze pl\u0103\u0163i, cu prioritate, c\u0103tre firma sa ori s\u0103 o favorizeze \u00een ob\u0163inerea unor contracte privind lucr\u0103ri de interes public, printre care baze sportive sau extindere sediu prim\u0103rie. &nbsp; Astfel, P\u0103sat ar fi desf\u0103\u015furat opera\u0163iuni financiare ca acte de comer\u0163 incompatibile cu calitatea de deputat, ob\u0163in\u00e2nd foloase necuvenite \u00een sum\u0103 de 1.836.608,59 de lei.<\/em><\/strong><\/p>\n\n\n\n<p><strong><em><br \/><\/em><\/strong>Vom reveni \u015fi cu alte materiale INCENDIARE legate de controversatul Dan P\u0103sat, promovat de ALDE Giurgiu, de scandalurile \u00een care a fost implicat \u015fi, probabil, c\u0103 vom auzi \u015fi despre unele nou-nou\u0163e&#8230;<\/p>\n\n\n\n<p>Redac\u0163ia<\/p>\n","protected":false},"excerpt":{"rendered":"<p>STENOGRAME: Dan P\u0103sat- \u201eEu vreau bani, m\u0103 frate! Ce tot comentezi m\u0103 cu mine?\u201d(\u2026) \u201cEu vorbesc de rela\u0163ia mea cu Elena, rela\u0163ia mea cu Vasile Blaga, rela\u0163ia mea cu Videanu \u015fi a\u015fa mai departe, Berceanu&#8230; adic\u0103 asta e via\u0163a!\u201d Poate chiar cel mai controversat personaj politic pe care l-a avut vreodat\u0103 Giurgiu, Dan P\u0103sat, dup\u0103 [&hellip;]<\/p>\n","protected":false},"author":1,"featured_media":71083,"comment_status":"open","ping_status":"open","sticky":false,"template":"","format":"standard","meta":{"slim_seo":{"title":"M\u00e2ndria ALDE Giurgiu! Dan P\u0103sat: 3 ani de \u00ceNCHISOARE pentru \u015fantaj \u015fi corup\u0163ie, cercetat \u015fi pentru agresiuni fizice \u015fi psihice fa\u0163\u0103 de mai mul\u0163i primari sau oameni de afaceri, renegat de PNL \u015fi PDL! \u201eEu vreau bani, m\u0103 frate!\u201d - GIURGIU NET","description":"STENOGRAME: Dan P\u0103sat- \u201eEu vreau bani, m\u0103 frate! Ce tot comentezi m\u0103 cu mine?\u201d(\u2026) \u201cEu vorbesc de rela\u0163ia mea cu Elena, rela\u0163ia mea cu Vasile Blaga, rela\u0163ia mea"},"footnotes":""},"categories":[18,20,25,26,28],"tags":[818],"class_list":{"0":"post-71062","1":"post","2":"type-post","3":"status-publish","4":"format-standard","5":"has-post-thumbnail","7":"category-actual","8":"category-edit","9":"category-pol","10":"category-soc","11":"category-uo","12":"tag-dan-pasat"},"_links":{"self":[{"href":"https:\/\/giurgiu-net.ro\/index.php\/wp-json\/wp\/v2\/posts\/71062","targetHints":{"allow":["GET"]}}],"collection":[{"href":"https:\/\/giurgiu-net.ro\/index.php\/wp-json\/wp\/v2\/posts"}],"about":[{"href":"https:\/\/giurgiu-net.ro\/index.php\/wp-json\/wp\/v2\/types\/post"}],"author":[{"embeddable":true,"href":"https:\/\/giurgiu-net.ro\/index.php\/wp-json\/wp\/v2\/users\/1"}],"replies":[{"embeddable":true,"href":"https:\/\/giurgiu-net.ro\/index.php\/wp-json\/wp\/v2\/comments?post=71062"}],"version-history":[{"count":0,"href":"https:\/\/giurgiu-net.ro\/index.php\/wp-json\/wp\/v2\/posts\/71062\/revisions"}],"wp:featuredmedia":[{"embeddable":true,"href":"https:\/\/giurgiu-net.ro\/index.php\/wp-json\/wp\/v2\/media\/71083"}],"wp:attachment":[{"href":"https:\/\/giurgiu-net.ro\/index.php\/wp-json\/wp\/v2\/media?parent=71062"}],"wp:term":[{"taxonomy":"category","embeddable":true,"href":"https:\/\/giurgiu-net.ro\/index.php\/wp-json\/wp\/v2\/categories?post=71062"},{"taxonomy":"post_tag","embeddable":true,"href":"https:\/\/giurgiu-net.ro\/index.php\/wp-json\/wp\/v2\/tags?post=71062"}],"curies":[{"name":"wp","href":"https:\/\/api.w.org\/{rel}","templated":true}]}}