{"id":71038,"date":"2020-01-30T21:24:40","date_gmt":"2020-01-30T19:24:40","guid":{"rendered":"http:\/\/giurgiu-net.ro\/?p=71038"},"modified":"2020-01-30T21:24:40","modified_gmt":"2020-01-30T19:24:40","slug":"liderii-psd-giurgiu-tot-ce-s-a-realizat-in-judetul-giurgiu-se-datoreaza-unei-echipe-haideti-sa-strangem-randurile-si-sa-fim-iarasi-primii","status":"publish","type":"post","link":"https:\/\/giurgiu-net.ro\/index.php\/2020\/01\/30\/liderii-psd-giurgiu-tot-ce-s-a-realizat-in-judetul-giurgiu-se-datoreaza-unei-echipe-haideti-sa-strangem-randurile-si-sa-fim-iarasi-primii\/","title":{"rendered":"Liderii PSD Giurgiu: Tot ce s-a realizat \u00een jude\u0163ul Giurgiu se datoreaz\u0103 unei echipe. Haide\u0163i s\u0103 str\u00e2ngem r\u00e2ndurile \u015fi s\u0103 fim iar\u0103\u015fi primii!"},"content":{"rendered":"\n<p>Social-democra\u0163ii giurgiuveni s-au reunit, joi, 30 ianuarie,\n\u00een cadrul Conferin\u0163ei Jude\u0163ene Extraordinare pentru desemnarea delega\u0163ilor care\nvor participa la Congresul Partidului Social Democrat de la sf\u00e2r\u015fitul lunii\nfebruarie.<\/p>\n\n\n\n<p>Al\u0103turi de liderii Marian Mina \u015fi Niculae B\u0103d\u0103l\u0103u au fost secretarul general al PSD, Paul St\u0103nescu, parlamentarii Elena Dinu \u015fi Cristian Marciu, primarii giurgiuveni, liderii OFSD, TSD \u015fi OPSD, precum \u015fi al\u0163i reprezentan\u0163i ai social-democra\u0163ilor din municipiu \u015fi jude\u0163.<\/p>\n\n\n\n<figure class=\"wp-block-gallery columns-2 is-cropped wp-block-gallery-1 is-layout-flex wp-block-gallery-is-layout-flex\"><ul class=\"blocks-gallery-grid\"><li class=\"blocks-gallery-item\"><figure><a href=\"https:\/\/giurgiu-net.ro\/wp-content\/uploads\/2020\/01\/DSC_3437.jpg\"><img loading=\"lazy\" decoding=\"async\" width=\"300\" height=\"260\" src=\"https:\/\/giurgiu-net.ro\/wp-content\/uploads\/2020\/01\/DSC_3437-300x260.jpg\" alt=\"\" data-id=\"71042\" data-full-url=\"https:\/\/giurgiu-net.ro\/wp-content\/uploads\/2020\/01\/DSC_3437.jpg\" data-link=\"https:\/\/giurgiu-net.ro\/?attachment_id=71042\" class=\"wp-image-71042\" srcset=\"https:\/\/giurgiu-net.ro\/wp-content\/uploads\/2020\/01\/DSC_3437-300x260.jpg 300w, https:\/\/giurgiu-net.ro\/wp-content\/uploads\/2020\/01\/DSC_3437-768x666.jpg 768w, https:\/\/giurgiu-net.ro\/wp-content\/uploads\/2020\/01\/DSC_3437-696x604.jpg 696w, https:\/\/giurgiu-net.ro\/wp-content\/uploads\/2020\/01\/DSC_3437.jpg 800w\" sizes=\"auto, (max-width: 300px) 100vw, 300px\" \/><\/a><\/figure><\/li><li class=\"blocks-gallery-item\"><figure><a href=\"https:\/\/giurgiu-net.ro\/wp-content\/uploads\/2020\/01\/DSC_3452.jpg\"><img loading=\"lazy\" decoding=\"async\" width=\"300\" height=\"185\" src=\"https:\/\/giurgiu-net.ro\/wp-content\/uploads\/2020\/01\/DSC_3452-300x185.jpg\" alt=\"\" data-id=\"71043\" data-full-url=\"https:\/\/giurgiu-net.ro\/wp-content\/uploads\/2020\/01\/DSC_3452.jpg\" data-link=\"https:\/\/giurgiu-net.ro\/?attachment_id=71043\" class=\"wp-image-71043\" srcset=\"https:\/\/giurgiu-net.ro\/wp-content\/uploads\/2020\/01\/DSC_3452-300x185.jpg 300w, https:\/\/giurgiu-net.ro\/wp-content\/uploads\/2020\/01\/DSC_3452-768x473.jpg 768w, https:\/\/giurgiu-net.ro\/wp-content\/uploads\/2020\/01\/DSC_3452-696x429.jpg 696w, https:\/\/giurgiu-net.ro\/wp-content\/uploads\/2020\/01\/DSC_3452.jpg 800w\" sizes=\"auto, (max-width: 300px) 100vw, 300px\" \/><\/a><\/figure><\/li><li class=\"blocks-gallery-item\"><figure><a href=\"https:\/\/giurgiu-net.ro\/wp-content\/uploads\/2020\/01\/DSC_3455.jpg\"><img loading=\"lazy\" decoding=\"async\" width=\"300\" height=\"207\" src=\"https:\/\/giurgiu-net.ro\/wp-content\/uploads\/2020\/01\/DSC_3455-300x207.jpg\" alt=\"\" data-id=\"71044\" data-full-url=\"https:\/\/giurgiu-net.ro\/wp-content\/uploads\/2020\/01\/DSC_3455.jpg\" data-link=\"https:\/\/giurgiu-net.ro\/?attachment_id=71044\" class=\"wp-image-71044\" srcset=\"https:\/\/giurgiu-net.ro\/wp-content\/uploads\/2020\/01\/DSC_3455-300x207.jpg 300w, https:\/\/giurgiu-net.ro\/wp-content\/uploads\/2020\/01\/DSC_3455-768x530.jpg 768w, https:\/\/giurgiu-net.ro\/wp-content\/uploads\/2020\/01\/DSC_3455-218x150.jpg 218w, https:\/\/giurgiu-net.ro\/wp-content\/uploads\/2020\/01\/DSC_3455-696x480.jpg 696w, https:\/\/giurgiu-net.ro\/wp-content\/uploads\/2020\/01\/DSC_3455.jpg 800w\" sizes=\"auto, (max-width: 300px) 100vw, 300px\" \/><\/a><\/figure><\/li><li class=\"blocks-gallery-item\"><figure><a href=\"https:\/\/giurgiu-net.ro\/wp-content\/uploads\/2020\/01\/DSC_3456.jpg\"><img loading=\"lazy\" decoding=\"async\" width=\"300\" height=\"189\" src=\"https:\/\/giurgiu-net.ro\/wp-content\/uploads\/2020\/01\/DSC_3456-300x189.jpg\" alt=\"\" data-id=\"71045\" data-full-url=\"https:\/\/giurgiu-net.ro\/wp-content\/uploads\/2020\/01\/DSC_3456.jpg\" data-link=\"https:\/\/giurgiu-net.ro\/?attachment_id=71045\" class=\"wp-image-71045\" srcset=\"https:\/\/giurgiu-net.ro\/wp-content\/uploads\/2020\/01\/DSC_3456-300x189.jpg 300w, https:\/\/giurgiu-net.ro\/wp-content\/uploads\/2020\/01\/DSC_3456-768x484.jpg 768w, https:\/\/giurgiu-net.ro\/wp-content\/uploads\/2020\/01\/DSC_3456-696x438.jpg 696w, https:\/\/giurgiu-net.ro\/wp-content\/uploads\/2020\/01\/DSC_3456.jpg 800w\" sizes=\"auto, (max-width: 300px) 100vw, 300px\" \/><\/a><\/figure><\/li><li class=\"blocks-gallery-item\"><figure><a href=\"https:\/\/giurgiu-net.ro\/wp-content\/uploads\/2020\/01\/DSC_3460.jpg\"><img loading=\"lazy\" decoding=\"async\" width=\"210\" height=\"300\" src=\"https:\/\/giurgiu-net.ro\/wp-content\/uploads\/2020\/01\/DSC_3460-210x300.jpg\" alt=\"\" data-id=\"71046\" data-full-url=\"https:\/\/giurgiu-net.ro\/wp-content\/uploads\/2020\/01\/DSC_3460.jpg\" data-link=\"https:\/\/giurgiu-net.ro\/?attachment_id=71046\" class=\"wp-image-71046\" srcset=\"https:\/\/giurgiu-net.ro\/wp-content\/uploads\/2020\/01\/DSC_3460-210x300.jpg 210w, https:\/\/giurgiu-net.ro\/wp-content\/uploads\/2020\/01\/DSC_3460.jpg 559w\" sizes=\"auto, (max-width: 210px) 100vw, 210px\" \/><\/a><\/figure><\/li><li class=\"blocks-gallery-item\"><figure><a href=\"https:\/\/giurgiu-net.ro\/wp-content\/uploads\/2020\/01\/DSC_3464.jpg\"><img loading=\"lazy\" decoding=\"async\" width=\"300\" height=\"186\" src=\"https:\/\/giurgiu-net.ro\/wp-content\/uploads\/2020\/01\/DSC_3464-300x186.jpg\" alt=\"\" data-id=\"71047\" data-full-url=\"https:\/\/giurgiu-net.ro\/wp-content\/uploads\/2020\/01\/DSC_3464.jpg\" data-link=\"https:\/\/giurgiu-net.ro\/?attachment_id=71047\" class=\"wp-image-71047\" srcset=\"https:\/\/giurgiu-net.ro\/wp-content\/uploads\/2020\/01\/DSC_3464-300x186.jpg 300w, https:\/\/giurgiu-net.ro\/wp-content\/uploads\/2020\/01\/DSC_3464-768x477.jpg 768w, https:\/\/giurgiu-net.ro\/wp-content\/uploads\/2020\/01\/DSC_3464-696x432.jpg 696w, https:\/\/giurgiu-net.ro\/wp-content\/uploads\/2020\/01\/DSC_3464.jpg 800w\" sizes=\"auto, (max-width: 300px) 100vw, 300px\" \/><\/a><\/figure><\/li><li class=\"blocks-gallery-item\"><figure><a href=\"https:\/\/giurgiu-net.ro\/wp-content\/uploads\/2020\/01\/DSC_3467.jpg\"><img loading=\"lazy\" decoding=\"async\" width=\"300\" height=\"199\" src=\"https:\/\/giurgiu-net.ro\/wp-content\/uploads\/2020\/01\/DSC_3467-300x199.jpg\" alt=\"\" data-id=\"71048\" data-full-url=\"https:\/\/giurgiu-net.ro\/wp-content\/uploads\/2020\/01\/DSC_3467.jpg\" data-link=\"https:\/\/giurgiu-net.ro\/?attachment_id=71048\" class=\"wp-image-71048\" srcset=\"https:\/\/giurgiu-net.ro\/wp-content\/uploads\/2020\/01\/DSC_3467-300x199.jpg 300w, https:\/\/giurgiu-net.ro\/wp-content\/uploads\/2020\/01\/DSC_3467-768x509.jpg 768w, https:\/\/giurgiu-net.ro\/wp-content\/uploads\/2020\/01\/DSC_3467-696x461.jpg 696w, https:\/\/giurgiu-net.ro\/wp-content\/uploads\/2020\/01\/DSC_3467.jpg 800w\" sizes=\"auto, (max-width: 300px) 100vw, 300px\" \/><\/a><\/figure><\/li><li class=\"blocks-gallery-item\"><figure><a href=\"https:\/\/giurgiu-net.ro\/wp-content\/uploads\/2020\/01\/DSC_3469.jpg\"><img loading=\"lazy\" decoding=\"async\" width=\"300\" height=\"203\" src=\"https:\/\/giurgiu-net.ro\/wp-content\/uploads\/2020\/01\/DSC_3469-300x203.jpg\" alt=\"\" data-id=\"71049\" data-full-url=\"https:\/\/giurgiu-net.ro\/wp-content\/uploads\/2020\/01\/DSC_3469.jpg\" data-link=\"https:\/\/giurgiu-net.ro\/?attachment_id=71049\" class=\"wp-image-71049\" srcset=\"https:\/\/giurgiu-net.ro\/wp-content\/uploads\/2020\/01\/DSC_3469-300x203.jpg 300w, https:\/\/giurgiu-net.ro\/wp-content\/uploads\/2020\/01\/DSC_3469-768x519.jpg 768w, https:\/\/giurgiu-net.ro\/wp-content\/uploads\/2020\/01\/DSC_3469-696x471.jpg 696w, https:\/\/giurgiu-net.ro\/wp-content\/uploads\/2020\/01\/DSC_3469.jpg 800w\" sizes=\"auto, (max-width: 300px) 100vw, 300px\" \/><\/a><\/figure><\/li><li class=\"blocks-gallery-item\"><figure><a href=\"https:\/\/giurgiu-net.ro\/wp-content\/uploads\/2020\/01\/DSC_3477.jpg\"><img loading=\"lazy\" decoding=\"async\" width=\"300\" height=\"199\" src=\"https:\/\/giurgiu-net.ro\/wp-content\/uploads\/2020\/01\/DSC_3477-300x199.jpg\" alt=\"\" data-id=\"71050\" data-full-url=\"https:\/\/giurgiu-net.ro\/wp-content\/uploads\/2020\/01\/DSC_3477.jpg\" data-link=\"https:\/\/giurgiu-net.ro\/?attachment_id=71050\" class=\"wp-image-71050\" srcset=\"https:\/\/giurgiu-net.ro\/wp-content\/uploads\/2020\/01\/DSC_3477-300x199.jpg 300w, https:\/\/giurgiu-net.ro\/wp-content\/uploads\/2020\/01\/DSC_3477-768x509.jpg 768w, https:\/\/giurgiu-net.ro\/wp-content\/uploads\/2020\/01\/DSC_3477-696x461.jpg 696w, https:\/\/giurgiu-net.ro\/wp-content\/uploads\/2020\/01\/DSC_3477.jpg 800w\" sizes=\"auto, (max-width: 300px) 100vw, 300px\" \/><\/a><\/figure><\/li><li class=\"blocks-gallery-item\"><figure><a href=\"https:\/\/giurgiu-net.ro\/wp-content\/uploads\/2020\/01\/DSC_3493.jpg\"><img loading=\"lazy\" decoding=\"async\" width=\"300\" height=\"199\" src=\"https:\/\/giurgiu-net.ro\/wp-content\/uploads\/2020\/01\/DSC_3493-300x199.jpg\" alt=\"\" data-id=\"71051\" data-full-url=\"https:\/\/giurgiu-net.ro\/wp-content\/uploads\/2020\/01\/DSC_3493.jpg\" data-link=\"https:\/\/giurgiu-net.ro\/?attachment_id=71051\" class=\"wp-image-71051\" srcset=\"https:\/\/giurgiu-net.ro\/wp-content\/uploads\/2020\/01\/DSC_3493-300x199.jpg 300w, https:\/\/giurgiu-net.ro\/wp-content\/uploads\/2020\/01\/DSC_3493-768x509.jpg 768w, https:\/\/giurgiu-net.ro\/wp-content\/uploads\/2020\/01\/DSC_3493-696x461.jpg 696w, https:\/\/giurgiu-net.ro\/wp-content\/uploads\/2020\/01\/DSC_3493.jpg 800w\" sizes=\"auto, (max-width: 300px) 100vw, 300px\" \/><\/a><\/figure><\/li><li class=\"blocks-gallery-item\"><figure><a href=\"https:\/\/giurgiu-net.ro\/wp-content\/uploads\/2020\/01\/DSC_3516.jpg\"><img loading=\"lazy\" decoding=\"async\" width=\"300\" height=\"199\" src=\"https:\/\/giurgiu-net.ro\/wp-content\/uploads\/2020\/01\/DSC_3516-300x199.jpg\" alt=\"\" data-id=\"71052\" data-full-url=\"https:\/\/giurgiu-net.ro\/wp-content\/uploads\/2020\/01\/DSC_3516.jpg\" data-link=\"https:\/\/giurgiu-net.ro\/?attachment_id=71052\" class=\"wp-image-71052\" srcset=\"https:\/\/giurgiu-net.ro\/wp-content\/uploads\/2020\/01\/DSC_3516-300x199.jpg 300w, https:\/\/giurgiu-net.ro\/wp-content\/uploads\/2020\/01\/DSC_3516-768x509.jpg 768w, https:\/\/giurgiu-net.ro\/wp-content\/uploads\/2020\/01\/DSC_3516-696x461.jpg 696w, https:\/\/giurgiu-net.ro\/wp-content\/uploads\/2020\/01\/DSC_3516.jpg 800w\" sizes=\"auto, (max-width: 300px) 100vw, 300px\" \/><\/a><\/figure><\/li><li class=\"blocks-gallery-item\"><figure><a href=\"https:\/\/giurgiu-net.ro\/wp-content\/uploads\/2020\/01\/DSC_3595.jpg\"><img loading=\"lazy\" decoding=\"async\" width=\"300\" height=\"199\" src=\"https:\/\/giurgiu-net.ro\/wp-content\/uploads\/2020\/01\/DSC_3595-300x199.jpg\" alt=\"\" data-id=\"71053\" data-full-url=\"https:\/\/giurgiu-net.ro\/wp-content\/uploads\/2020\/01\/DSC_3595.jpg\" data-link=\"https:\/\/giurgiu-net.ro\/?attachment_id=71053\" class=\"wp-image-71053\" srcset=\"https:\/\/giurgiu-net.ro\/wp-content\/uploads\/2020\/01\/DSC_3595-300x199.jpg 300w, https:\/\/giurgiu-net.ro\/wp-content\/uploads\/2020\/01\/DSC_3595-768x509.jpg 768w, https:\/\/giurgiu-net.ro\/wp-content\/uploads\/2020\/01\/DSC_3595-696x461.jpg 696w, https:\/\/giurgiu-net.ro\/wp-content\/uploads\/2020\/01\/DSC_3595.jpg 800w\" sizes=\"auto, (max-width: 300px) 100vw, 300px\" \/><\/a><\/figure><\/li><li class=\"blocks-gallery-item\"><figure><a href=\"https:\/\/giurgiu-net.ro\/wp-content\/uploads\/2020\/01\/DSC_3609.jpg\"><img loading=\"lazy\" decoding=\"async\" width=\"300\" height=\"173\" src=\"https:\/\/giurgiu-net.ro\/wp-content\/uploads\/2020\/01\/DSC_3609-300x173.jpg\" alt=\"\" data-id=\"71054\" data-full-url=\"https:\/\/giurgiu-net.ro\/wp-content\/uploads\/2020\/01\/DSC_3609.jpg\" data-link=\"https:\/\/giurgiu-net.ro\/?attachment_id=71054\" class=\"wp-image-71054\" srcset=\"https:\/\/giurgiu-net.ro\/wp-content\/uploads\/2020\/01\/DSC_3609-300x173.jpg 300w, https:\/\/giurgiu-net.ro\/wp-content\/uploads\/2020\/01\/DSC_3609-768x444.jpg 768w, https:\/\/giurgiu-net.ro\/wp-content\/uploads\/2020\/01\/DSC_3609-696x402.jpg 696w, https:\/\/giurgiu-net.ro\/wp-content\/uploads\/2020\/01\/DSC_3609.jpg 800w\" sizes=\"auto, (max-width: 300px) 100vw, 300px\" \/><\/a><\/figure><\/li><li class=\"blocks-gallery-item\"><figure><a href=\"https:\/\/giurgiu-net.ro\/wp-content\/uploads\/2020\/01\/DSC_3635.jpg\"><img loading=\"lazy\" decoding=\"async\" width=\"300\" height=\"199\" src=\"https:\/\/giurgiu-net.ro\/wp-content\/uploads\/2020\/01\/DSC_3635-300x199.jpg\" alt=\"\" data-id=\"71055\" data-full-url=\"https:\/\/giurgiu-net.ro\/wp-content\/uploads\/2020\/01\/DSC_3635.jpg\" data-link=\"https:\/\/giurgiu-net.ro\/?attachment_id=71055\" class=\"wp-image-71055\" srcset=\"https:\/\/giurgiu-net.ro\/wp-content\/uploads\/2020\/01\/DSC_3635-300x199.jpg 300w, https:\/\/giurgiu-net.ro\/wp-content\/uploads\/2020\/01\/DSC_3635-768x509.jpg 768w, https:\/\/giurgiu-net.ro\/wp-content\/uploads\/2020\/01\/DSC_3635-696x461.jpg 696w, https:\/\/giurgiu-net.ro\/wp-content\/uploads\/2020\/01\/DSC_3635.jpg 800w\" sizes=\"auto, (max-width: 300px) 100vw, 300px\" \/><\/a><\/figure><\/li><li class=\"blocks-gallery-item\"><figure><a href=\"https:\/\/giurgiu-net.ro\/wp-content\/uploads\/2020\/01\/DSC_3660.jpg\"><img loading=\"lazy\" decoding=\"async\" width=\"300\" height=\"199\" src=\"https:\/\/giurgiu-net.ro\/wp-content\/uploads\/2020\/01\/DSC_3660-300x199.jpg\" alt=\"\" data-id=\"71056\" data-full-url=\"https:\/\/giurgiu-net.ro\/wp-content\/uploads\/2020\/01\/DSC_3660.jpg\" data-link=\"https:\/\/giurgiu-net.ro\/?attachment_id=71056\" class=\"wp-image-71056\" srcset=\"https:\/\/giurgiu-net.ro\/wp-content\/uploads\/2020\/01\/DSC_3660-300x199.jpg 300w, https:\/\/giurgiu-net.ro\/wp-content\/uploads\/2020\/01\/DSC_3660-768x509.jpg 768w, https:\/\/giurgiu-net.ro\/wp-content\/uploads\/2020\/01\/DSC_3660-696x461.jpg 696w, https:\/\/giurgiu-net.ro\/wp-content\/uploads\/2020\/01\/DSC_3660.jpg 800w\" sizes=\"auto, (max-width: 300px) 100vw, 300px\" \/><\/a><\/figure><\/li><li class=\"blocks-gallery-item\"><figure><a href=\"https:\/\/giurgiu-net.ro\/wp-content\/uploads\/2020\/01\/DSC_3664.jpg\"><img loading=\"lazy\" decoding=\"async\" width=\"300\" height=\"203\" src=\"https:\/\/giurgiu-net.ro\/wp-content\/uploads\/2020\/01\/DSC_3664-300x203.jpg\" alt=\"\" data-id=\"71057\" data-full-url=\"https:\/\/giurgiu-net.ro\/wp-content\/uploads\/2020\/01\/DSC_3664.jpg\" data-link=\"https:\/\/giurgiu-net.ro\/?attachment_id=71057\" class=\"wp-image-71057\" srcset=\"https:\/\/giurgiu-net.ro\/wp-content\/uploads\/2020\/01\/DSC_3664-300x203.jpg 300w, https:\/\/giurgiu-net.ro\/wp-content\/uploads\/2020\/01\/DSC_3664-768x518.jpg 768w, https:\/\/giurgiu-net.ro\/wp-content\/uploads\/2020\/01\/DSC_3664-696x470.jpg 696w, https:\/\/giurgiu-net.ro\/wp-content\/uploads\/2020\/01\/DSC_3664.jpg 800w\" sizes=\"auto, (max-width: 300px) 100vw, 300px\" \/><\/a><\/figure><\/li><li class=\"blocks-gallery-item\"><figure><a href=\"https:\/\/giurgiu-net.ro\/wp-content\/uploads\/2020\/01\/DSC_3672.jpg\"><img loading=\"lazy\" decoding=\"async\" width=\"300\" height=\"241\" src=\"https:\/\/giurgiu-net.ro\/wp-content\/uploads\/2020\/01\/DSC_3672-300x241.jpg\" alt=\"\" data-id=\"71058\" data-full-url=\"https:\/\/giurgiu-net.ro\/wp-content\/uploads\/2020\/01\/DSC_3672.jpg\" data-link=\"https:\/\/giurgiu-net.ro\/?attachment_id=71058\" class=\"wp-image-71058\" srcset=\"https:\/\/giurgiu-net.ro\/wp-content\/uploads\/2020\/01\/DSC_3672-300x241.jpg 300w, https:\/\/giurgiu-net.ro\/wp-content\/uploads\/2020\/01\/DSC_3672-768x617.jpg 768w, https:\/\/giurgiu-net.ro\/wp-content\/uploads\/2020\/01\/DSC_3672-696x559.jpg 696w, https:\/\/giurgiu-net.ro\/wp-content\/uploads\/2020\/01\/DSC_3672.jpg 800w\" sizes=\"auto, (max-width: 300px) 100vw, 300px\" \/><\/a><\/figure><\/li><li class=\"blocks-gallery-item\"><figure><a href=\"https:\/\/giurgiu-net.ro\/wp-content\/uploads\/2020\/01\/DSC_3674.jpg\"><img loading=\"lazy\" decoding=\"async\" width=\"300\" height=\"199\" src=\"https:\/\/giurgiu-net.ro\/wp-content\/uploads\/2020\/01\/DSC_3674-300x199.jpg\" alt=\"\" data-id=\"71059\" data-full-url=\"https:\/\/giurgiu-net.ro\/wp-content\/uploads\/2020\/01\/DSC_3674.jpg\" data-link=\"https:\/\/giurgiu-net.ro\/?attachment_id=71059\" class=\"wp-image-71059\" srcset=\"https:\/\/giurgiu-net.ro\/wp-content\/uploads\/2020\/01\/DSC_3674-300x199.jpg 300w, https:\/\/giurgiu-net.ro\/wp-content\/uploads\/2020\/01\/DSC_3674-768x509.jpg 768w, https:\/\/giurgiu-net.ro\/wp-content\/uploads\/2020\/01\/DSC_3674-696x461.jpg 696w, https:\/\/giurgiu-net.ro\/wp-content\/uploads\/2020\/01\/DSC_3674.jpg 800w\" sizes=\"auto, (max-width: 300px) 100vw, 300px\" \/><\/a><\/figure><\/li><\/ul><\/figure>\n\n\n\n<p>Cei care au adresat mesaje celor prezen\u0163i sunt pre\u015fedintele PSD Giurgiu, Niculae B\u0103d\u0103l\u0103u, pre\u015fedintele executiv, Marian Mina, deputatul Cristina Elena Dinu, senatorul Cristian Marciu, secretarul general al PSD Paul St\u0103nescu, dar \u015fi primarii din Toporu \u015fi Bolintin Vale. <\/p>\n\n\n\n<p><strong><em>Pre\u015fedintele PSD Giurgiu, Niculae B\u0103d\u0103l\u0103u:<\/em><\/strong><\/p>\n\n\n\n<figure class=\"wp-block-image size-full\"><img loading=\"lazy\" decoding=\"async\" width=\"800\" height=\"530\" src=\"https:\/\/giurgiu-net.ro\/wp-content\/uploads\/2020\/01\/DSC_3622.jpg\" alt=\"\" class=\"wp-image-71039\" srcset=\"https:\/\/giurgiu-net.ro\/wp-content\/uploads\/2020\/01\/DSC_3622.jpg 800w, https:\/\/giurgiu-net.ro\/wp-content\/uploads\/2020\/01\/DSC_3622-300x199.jpg 300w, https:\/\/giurgiu-net.ro\/wp-content\/uploads\/2020\/01\/DSC_3622-768x509.jpg 768w, https:\/\/giurgiu-net.ro\/wp-content\/uploads\/2020\/01\/DSC_3622-696x461.jpg 696w\" sizes=\"auto, (max-width: 800px) 100vw, 800px\" \/><\/figure>\n\n\n\n<p>\u201c<em>V\u0103 mul\u0163umesc tuturor pentru prezen\u0163\u0103 \u015fi sunt bucuros c\u0103 suntem cu to\u0163ii aici! Doresc s\u0103 v\u0103 amintesc faptul c\u0103 90% din programul de dezvoltare a jude\u0163ului a fost realizat. Acesta, datorit\u0103 muncii de echip\u0103, a muncii dumneavoastr\u0103, pentru c\u0103 nu a fost deloc u\u015for. Jude\u0163ul Giurgiu a intrat \u00eentr-un amplu proces de modernizare. Avem drumurile \u015fi uli\u0163ele asfaltate \u00een propor\u0163ie de 90%, \u00a0drumurile jude\u0163ene, f\u0103r\u0103 unul singur ce va intra pe bugetul de anul acesta, sunt toate reabilitate. \u00cen majoritatea comunelor avem sistem de ap\u0103. <\/em><\/p>\n\n\n\n<p><em>Mai exist\u0103 probleme cu ADI-ul pentru canalizare, dar le vom rezolva. Avem \u015fcoli \u015fi gr\u0103dini\u0163e moderne \u00een toate localit\u0103\u0163ile, dispensare la fel. Jude\u0163ul Giurgiu s-a ridicat, oamenii \u00eencep s\u0103 tr\u0103iasc\u0103 decent \u015fi eu sper ca, \u00een urm\u0103toarea perioad\u0103, ca urmare a muncii dumneavoastr\u0103, primari, parlamentari, s\u0103 reu\u015fim s\u0103 moderniz\u0103m \u015fi Spitalul Jude\u0163ean de Urgen\u0163\u0103 Giurgiu, dar \u015fi cel Or\u0103\u015fenesc din Bolintin Vale. Avem pentru am\u00e2ndou\u0103 proiecte de circa 30 de milioane de euro!<\/em><\/p>\n\n\n\n<p>\u00ce<strong>n jude\u0163ul Giurgiu, preocuparea noastr\u0103 a fost cet\u0103\u0163eanul! Noi am demonstrat c\u0103 suntem o echip\u0103 performant\u0103!<\/strong><\/p>\n\n\n\n<p><em>\u00cen tot acest timp, cei de la ALDE \u015fi PNL ce fac? Doar schimb\u0103 oameni prin institu\u0163ii, prin consilii locale, cu ai lor. Cunosc cazuri \u00een care un liberal are \u015fi 7 membri ai familiei angaja\u0163i \u00eentr-o institu\u0163ie public\u0103(\u2026). <\/em><\/p>\n\n\n\n<p><em>\u015eti\u0163i, eu am fost \u015fi sunt omul care vrea s\u0103 promoveze tinerii pentru c\u0103 PSD are nevoie de tineri. \u015ei la Giurgiu \u015fi la nivel central. Am c\u00e2\u015ftigat un pre\u015fedinte al CJ Giurgiu pe care \u00eel apreciez, care a f\u0103cut o treab\u0103 bun\u0103 \u015fi care, iat\u0103, dup\u0103 2 administra\u0163ii liberale, el(Marian Mina, n.r.) a reu\u015fit \u00eentr-un mandat s\u0103 pun\u0103 \u00een mi\u015fcare dezvoltarea jude\u0163ului Giurgiu!<\/em><\/p>\n\n\n\n<p><em>Am gre\u015fit, din p\u0103cate, cu dou\u0103 personaje, dar a\u015fa este c\u00e2nd te \u00eencrezi \u00een oameni\u2026 La nerealiz\u0103ri, avem podul de la Gr\u0103di\u015ftea, DN 5 sau nici centura la vam\u0103. Trebuia s\u0103 le fac\u0103 un coleg(R\u0103zvan Cuc, n.r.), dar n-a\u2026 reu\u015fit. Eu \u00eemi cer scuze pentru c\u0103 l-am sprijinit ini\u0163ial!<\/em><\/p>\n\n\n\n<p>E<strong>u sper s\u0103 reu\u015fim c\u00e2t mai cur\u00e2nd s\u0103 realiz\u0103m \u015fi aceste proiecte. At\u00e2t c\u00e2t am putut eu, cu echipa mea, am f\u0103cut tot ce mi-a stat \u00een putin\u0163\u0103 ca jude\u0163ul Giurgiu s\u0103 fie un jude\u0163 frunta\u015f, at\u00e2t la investi\u0163ii, c\u00e2t \u015fi la voturi!\u201d.<\/strong><\/p>\n\n\n\n<p><strong><em>Pre\u015fedintele executiv al PSD Giurgiu, Marian Mina:<\/em><\/strong><\/p>\n\n\n\n<figure class=\"wp-block-image size-full\"><img loading=\"lazy\" decoding=\"async\" width=\"800\" height=\"530\" src=\"https:\/\/giurgiu-net.ro\/wp-content\/uploads\/2020\/01\/DSC_3629.jpg\" alt=\"\" class=\"wp-image-71040\" srcset=\"https:\/\/giurgiu-net.ro\/wp-content\/uploads\/2020\/01\/DSC_3629.jpg 800w, https:\/\/giurgiu-net.ro\/wp-content\/uploads\/2020\/01\/DSC_3629-300x199.jpg 300w, https:\/\/giurgiu-net.ro\/wp-content\/uploads\/2020\/01\/DSC_3629-768x509.jpg 768w, https:\/\/giurgiu-net.ro\/wp-content\/uploads\/2020\/01\/DSC_3629-696x461.jpg 696w\" sizes=\"auto, (max-width: 800px) 100vw, 800px\" \/><\/figure>\n\n\n\n<p><em>\u201cVreau s\u0103 v\u0103 mul\u0163umesc tuturor pentru c\u0103 sunte\u0163i aici! O spun cu toat\u0103 convingerea: noi facem parte din cea mai puternic\u0103 echip\u0103 politic\u0103, dar \u015fi din administra\u0163ie, pe care a avut-o acest jude\u0163! Este meritul domnului pre\u015fedinte Niculae B\u0103d\u0103l\u0103u, dar \u015fi al primarilor \u015fi v\u0103 mul\u0163umesc, pe aceast\u0103 cale! \u00cen ace\u015fti 4 ani, nu cred c\u0103 a existat vreo comun\u0103 din jude\u0163 f\u0103r\u0103 investi\u0163ii. Noi nu am \u0163inut cont de culoarea politic\u0103 a unui primar, pentru c\u0103 dezvoltarea trebuie s\u0103 fie unitar\u0103, nu se poate face pe buc\u0103\u0163i! Asta ar trebui s\u0103 \u00een\u0163eleag\u0103 \u015fi adversarii no\u015ftri politici care doar vorbesc mult \u015fi prost. Tot ce s-a realizat \u00een jude\u0163ul Giurgiu se datoreaz\u0103 unei echipe, a fost mult\u0103 munc\u0103, dar am reu\u015fit s\u0103 facem multe lucruri bune \u00eempreun\u0103. <\/em><\/p>\n\n\n\n<p><strong>Acest lucru s-a v\u0103zut, de altfel, \u015fi \u00een rezultatele pe care le-am ob\u0163inut la alegerile din ultimii ani. Suntem printre organiza\u0163iile frunta\u015fe ale PSD \u015fi vrem s\u0103 p\u0103str\u0103m aceast\u0103 tradi\u0163ie \u015fi anul acesta! Doar \u00eempreun\u0103 vom reu\u015fi s\u0103 lu\u0103m aceste rezultate bune \u00een continuare. Domnii Ciolacu, St\u0103nescu, al\u0103turi de pre\u015fedin\u0163ii de organiza\u0163ii din \u0163ar\u0103 au \u00eenceput o reform\u0103 \u00een partid \u015fi am convingerea c\u0103 au puterea s\u0103 o duc\u0103 p\u00e2n\u0103 la cap\u0103t!<\/strong><\/p>\n\n\n\n<p><em>Referitor la Consiliul Jude\u0163ean Giurgiu, \u015fti\u0163i c\u0103 nu mi-a fost u\u015for c\u00e2nd am preluat conducerea institu\u0163iei, pentru c\u0103 am g\u0103sit foarte multe proiecte blocate. \u00cens\u0103, cu ajutorul dumneavoastr\u0103, al colegilor \u015fi al primarilor care au \u00een\u0163eles c\u0103 nu se pot mi\u015fca lucrurile b\u0103t\u00e2nd din palme, am reu\u015fit s\u0103 ducem jude\u0163ul Giurgiu pe drumul cel bun! Astfel, \u00eemi doresc continuitate la conducerea jude\u0163ului, pentru a duce la cap\u0103t toate aceste proiecte. Mul\u0163umesc tuturor locuitorilor din municipiu \u015fi jude\u0163! Haide\u0163i s\u0103 str\u00e2ngem r\u00e2ndurile \u015fi s\u0103 ie\u015fim iar primii!\u201d<\/em><\/p>\n\n\n\n<p>Citi\u0163i m\u00e2ine, pe\u00a0 <a href=\"https:\/\/www.giurgiu-net.ro\">www.giurgiu-net.ro<\/a>, ce le-au transmis social-democra\u0163ilor giurgiuveni \u015fi parlamentarii PSD, Paul St\u0103nescu \u015fi cei doi primari care au luat cuv\u00e2ntul.<\/p>\n\n\n\n<p>C\u0103t\u0103lina Sfetcu<\/p>\n","protected":false},"excerpt":{"rendered":"<p>Social-democra\u0163ii giurgiuveni s-au reunit, joi, 30 ianuarie, \u00een cadrul Conferin\u0163ei Jude\u0163ene Extraordinare pentru desemnarea delega\u0163ilor care vor participa la Congresul Partidului Social Democrat de la sf\u00e2r\u015fitul lunii februarie. Al\u0103turi de liderii Marian Mina \u015fi Niculae B\u0103d\u0103l\u0103u au fost secretarul general al PSD, Paul St\u0103nescu, parlamentarii Elena Dinu \u015fi Cristian Marciu, primarii giurgiuveni, liderii OFSD, TSD [&hellip;]<\/p>\n","protected":false},"author":1,"featured_media":71041,"comment_status":"open","ping_status":"open","sticky":false,"template":"","format":"standard","meta":{"slim_seo":{"title":"Liderii PSD Giurgiu: Tot ce s-a realizat \u00een jude\u0163ul Giurgiu se datoreaz\u0103 unei echipe. Haide\u0163i s\u0103 str\u00e2ngem r\u00e2ndurile \u015fi s\u0103 fim iar\u0103\u015fi primii! - GIURGIU NET","description":"Social-democra\u0163ii giurgiuveni s-au reunit, joi, 30 ianuarie, \u00een cadrul Conferin\u0163ei Jude\u0163ene Extraordinare pentru desemnarea delega\u0163ilor care vor participa la Co"},"footnotes":""},"categories":[19],"tags":[1626],"class_list":{"0":"post-71038","1":"post","2":"type-post","3":"status-publish","4":"format-standard","5":"has-post-thumbnail","7":"category-adm","8":"tag-marian-mina"},"_links":{"self":[{"href":"https:\/\/giurgiu-net.ro\/index.php\/wp-json\/wp\/v2\/posts\/71038","targetHints":{"allow":["GET"]}}],"collection":[{"href":"https:\/\/giurgiu-net.ro\/index.php\/wp-json\/wp\/v2\/posts"}],"about":[{"href":"https:\/\/giurgiu-net.ro\/index.php\/wp-json\/wp\/v2\/types\/post"}],"author":[{"embeddable":true,"href":"https:\/\/giurgiu-net.ro\/index.php\/wp-json\/wp\/v2\/users\/1"}],"replies":[{"embeddable":true,"href":"https:\/\/giurgiu-net.ro\/index.php\/wp-json\/wp\/v2\/comments?post=71038"}],"version-history":[{"count":0,"href":"https:\/\/giurgiu-net.ro\/index.php\/wp-json\/wp\/v2\/posts\/71038\/revisions"}],"wp:featuredmedia":[{"embeddable":true,"href":"https:\/\/giurgiu-net.ro\/index.php\/wp-json\/wp\/v2\/media\/71041"}],"wp:attachment":[{"href":"https:\/\/giurgiu-net.ro\/index.php\/wp-json\/wp\/v2\/media?parent=71038"}],"wp:term":[{"taxonomy":"category","embeddable":true,"href":"https:\/\/giurgiu-net.ro\/index.php\/wp-json\/wp\/v2\/categories?post=71038"},{"taxonomy":"post_tag","embeddable":true,"href":"https:\/\/giurgiu-net.ro\/index.php\/wp-json\/wp\/v2\/tags?post=71038"}],"curies":[{"name":"wp","href":"https:\/\/api.w.org\/{rel}","templated":true}]}}