{"id":71034,"date":"2020-01-30T12:15:09","date_gmt":"2020-01-30T10:15:09","guid":{"rendered":"http:\/\/giurgiu-net.ro\/?p=71034"},"modified":"2020-01-30T12:15:09","modified_gmt":"2020-01-30T10:15:09","slug":"situatia-cazurilor-de-gripa-inregistrate-la-unitatile-de-invatamant-din-giurgiu","status":"publish","type":"post","link":"https:\/\/giurgiu-net.ro\/index.php\/2020\/01\/30\/situatia-cazurilor-de-gripa-inregistrate-la-unitatile-de-invatamant-din-giurgiu\/","title":{"rendered":"M\u0103suri de prevenire a epidemiei de grip\u0103 \u00een cadrul unit\u0103\u0163ilor de \u00eenv\u0103\u0163\u0103m\u00e2nt din Giurgiu"},"content":{"rendered":"\n<p>Prim\u0103ria municipiului Giurgiu a transmis, ast\u0103zi, un comunicat pe acest subiect.<\/p>\n\n\n\n<p>&#8222;Av\u00e2nd \u00een vedere cazurile confirmate\/ semnalate\/ \u00eenregistrate &nbsp;de epidemie de grip\u0103 \u00een cadrul unit\u0103\u021bilor de \u00eenv\u0103\u021b\u0103m\u00e2nt preuniversitar de stat aflate pe raza Municipiului Giurgiu, v\u0103 aducem la cuno\u0219tin\u021b\u0103 c\u0103 p\u00e2n\u0103 acum situa\u021bia se prezint\u0103 astfel:<\/p>\n\n\n\n<p>&nbsp;&nbsp;&nbsp;&nbsp;&nbsp;&nbsp;&nbsp;&nbsp;&nbsp;&nbsp;&nbsp; &nbsp;\u00cen regim de urgen\u021b\u0103 unit\u0103\u021bile de \u00eenv\u0103\u021b\u0103m\u00e2nt\n\u0219i-au luat m\u0103surile ce se impun \u00een aceste situa\u021bii, respectiv \u0219i-au achizi\u021bionat\nsolu\u021bii dezinfectante (avizate de Ministerul S\u0103n\u0103t\u0103\u021bii) pentru sp\u0103larea\nigienic\u0103 a m\u00e2inilor \u0219i tegumentelor necesare elevilor\/cadrelor didactice &nbsp;c\u00e2t \u0219i produse destinate decontaminarii\nmicrobiene a obiectelor, suprafe\u021belor, mobilierului \u0219colar, c\u0103ilor de acces,\netc.<\/p>\n\n\n\n<p>&nbsp;&nbsp; &nbsp;&nbsp;&nbsp;&nbsp;&nbsp;&nbsp;&nbsp;&nbsp; &nbsp;Mention\u0103m c\u0103 urmeaz\u0103\ns\u0103 se achizitioneze aparate\/dispensere\/ dozatoare manuale- necesare utiliz\u0103rii\ncorespunzatoare a acestor solu\u021bii dezinfectante, acestea vor fi montate la intr\u0103rile\nelevilor\/cadrelor didactice de o parte \u0219i cealalta a c\u0103ii de acces.<\/p>\n\n\n\n<p>&nbsp;&nbsp;&nbsp;&nbsp;&nbsp;&nbsp;&nbsp;&nbsp;&nbsp;&nbsp;&nbsp; Directorii\nunit\u0103\u021bilor de \u00eenv\u0103\u021b\u0103m\u00e2nt au obliga\u021bia s\u0103 se asigure c\u0103 sunt respectate cu\nstricte\u021be m\u0103surile igienico-sanitare \u00een unit\u0103\u021bile de \u00eenv\u0103\u021b\u0103m\u00e2nt. De asemenea <em>este necesar ca \u00een gr\u0103dini\u021be \u0219i scoli, \u00een fiecare\ndiminea\u021b\u0103, cadrele medicale s\u0103 realizeze un triaj, astfel \u00eenc\u00e2t s\u0103 poat\u0103 fi\nevitat\u0103 r\u0103sp\u00e2ndirea virusului gripal. De asemenea, &nbsp;cadrele didactice, \u00een\ncazul \u00een care&nbsp;au suspiciuni legate de starea de s\u0103n\u0103tate a copiilor,\ntrebuie s\u0103 semnaleze cadrelor medicale acest lucru<\/em><em>.<\/em><em><\/em><\/p>\n\n\n\n<p>&nbsp;&nbsp;&nbsp;&nbsp;&nbsp;&nbsp;&nbsp;&nbsp; <strong><em>Men\u021bion\u0103m c\u0103, toate cheltuielile necesare unit\u0103\u021bilor de \u00eenv\u0103\u021b\u0103m\u00e2nt vor\nfi&nbsp; suportate de c\u0103tre Prim\u0103ria\nMunicipiului Giurgiu .<\/em><\/strong><\/p>\n\n\n\n<p>&nbsp;&nbsp;&nbsp;&nbsp;&nbsp;&nbsp;&nbsp;&nbsp; Anex\u0103m situa\u021bia cu solicitarile\nunit\u0103\u021bilor de \u00eenv\u0103\u021b\u0103m\u00e2nt cu num\u0103rul de buc\u0103\u021bi solu\u021bii dezinfectante \u0219i num\u0103rul\nde buc\u0103\u021bi aparate\/dispensere\/dozatoare manuale &#8211; necesare utiliz\u0103rii\ncorespunzatoare a acestor solu\u021bii dezinfectante.<\/p>\n\n\n\n<figure class=\"wp-block-table\"><table class=\"\"><tbody><tr><td>\n  Nr.\n  <\/td><td>\n  <strong>Denumirea unit\u0103\u0163ii de \u00eenv\u0103\u0163\u0103m\u00e2nt<\/strong>\n  <\/td><\/tr><tr><td>\n  &nbsp;\n  <\/td><td>\n  <strong>Unitate cu personalitate juridic\u0103<\/strong>\n  <\/td><td>\n  <strong>Numar dispensere\/ aparate\/supor\u021bi<\/strong>\n  <\/td><td>\n  <strong>Numar bucati solutii dezinfectante,&nbsp; rezerve<\/strong>\n  <\/td><\/tr><tr><td>\n  0\n  <\/td><td>\n  1\n  <\/td><td>\n  2\n  <\/td><td>\n  3\n  <\/td><\/tr><tr><td>\n  1\n  <\/td><td>\n  <em>Colegiul Na\u0163ional &#8222;Ion\n  Maiorescu&#8221;<\/em>\n  <\/td><td>\n  22\n  <\/td><td>\n  10\n  <\/td><\/tr><tr><td>\n  &nbsp;\n  <\/td><td>\n  <em>&nbsp;<\/em>\n  <\/td><td>\n  &nbsp;\n  <\/td><td>\n  &nbsp;\n  <\/td><\/tr><tr><td>\n  2\n  <\/td><td>\n  <em>Liceul Teoretic &#8222;Tudor\n  Vianu&#8221;<\/em>\n  <\/td><td>\n  6\n  <\/td><td>\n  30\n  <\/td><\/tr><tr><td>\n  &nbsp;\n  <\/td><td>\n  <em>&nbsp;<\/em>\n  <\/td><td>\n  &nbsp;\n  <\/td><td>\n  &nbsp;\n  <\/td><\/tr><tr><td>\n  3\n  <\/td><td>\n  <em>Liceul Teoretic &#8222;Nicolae\n  Cartojan&#8221;<\/em>\n  <\/td><td>\n  10\n  <\/td><td>\n  30\n  <\/td><\/tr><tr><td>\n  &nbsp;\n  <\/td><td>\n  <em>&nbsp;<\/em>\n  <\/td><td>\n  &nbsp;\n  <\/td><td>\n  &nbsp;\n  <\/td><\/tr><tr><td>\n  4\n  <\/td><td>\n  <em>Liceul Tehnologic &#8222;Ion\n  Barbu&#8221;<\/em>\n  <\/td><td>\n  5\n  <\/td><td>\n  15\n  <\/td><\/tr><tr><td>\n  &nbsp;\n  <\/td><td>\n  <em>&nbsp;<\/em>\n  <\/td><td>\n  &nbsp;\n  <\/td><td>\n  &nbsp;\n  <\/td><\/tr><tr><td>\n  5\n  <\/td><td>\n  <em>Colegiul Tehnic &#8222;Viceamiral\n  Ioan B\u0103l\u0103nescu&#8221;<\/em>\n  <\/td><td>\n  5\n  <\/td><td>\n  15\n  <\/td><\/tr><tr><td>\n  &nbsp;\n  <\/td><td>\n  <em>&nbsp;<\/em>\n  <\/td><td>\n  &nbsp;\n  <\/td><td>\n  &nbsp;\n  <\/td><\/tr><tr><td>\n  6\n  <\/td><td>\n  <em>Seminarul Teologic Ortodox\n  &#8222;Teoctist Patriarhul&#8221;<\/em>\n  <\/td><td>\n  3\n  <\/td><td>\n  6\n  <\/td><\/tr><tr><td>\n  &nbsp;\n  <\/td><td>\n  <em>&nbsp;<\/em>\n  <\/td><td>\n  &nbsp;\n  <\/td><td>\n  &nbsp;\n  <\/td><\/tr><tr><td>\n  7\n  <\/td><td>\n  <em>\u015ecoala Gimnazial\u0103 de Art\u0103\n  &#8222;Victor Karpis&#8221;<\/em>\n  <\/td><td>\n  5\n  <\/td><td>\n  10\n  <\/td><\/tr><tr><td>\n  &nbsp;\n  <\/td><td>\n  <em>&nbsp;<\/em>\n  <\/td><td>\n  &nbsp;\n  <\/td><td>\n  &nbsp;\n  <\/td><\/tr><tr><td>\n  8\n  <\/td><td>\n  <em>\u015ecoala Gimnazial\u0103 &#8222;Sf\u00e2ntu\n  Gheorghe&#8221;<\/em>\n  <\/td><td>\n  15\n  <\/td><td>\n  40\n  <\/td><\/tr><tr><td>\n  &nbsp;\n  <\/td><td>\n  <em>&nbsp;<\/em>\n  <\/td><td>\n  &nbsp;\n  <\/td><td>\n  &nbsp;\n  <\/td><\/tr><tr><td>\n  9\n  <\/td><td>\n  <em>\u015ecoala Gimnazial\u0103&nbsp; &#8222;Mircea cel B\u0103tr\u00e2n&nbsp;&nbsp;&nbsp; &#8222;<\/em>\n  <\/td><td>\n  7\n  <\/td><td>\n  14\n  <\/td><\/tr><tr><td>\n  &nbsp;\n  <\/td><td>\n  <em>&nbsp;<\/em>\n  <\/td><td>\n  &nbsp;\n  <\/td><td>\n  &nbsp;\n  <\/td><\/tr><tr><td>\n  10\n  <\/td><td>\n  <em>\u015ecoala Gimnazial\u0103&nbsp; &#8221; Mihai Eminescu&nbsp;&nbsp; &#8222;<\/em>\n  <\/td><td>\n  5\n  <\/td><td>\n  20\n  <\/td><\/tr><tr><td>\n  &nbsp;\n  <\/td><td>\n  <em>&nbsp;<\/em>\n  <\/td><td>\n  &nbsp;\n  <\/td><td>\n  &nbsp;\n  <\/td><\/tr><tr><td>\n  11\n  <\/td><td>\n  <em>\u015ecoala Gimnazial\u0103&nbsp; Nr.5<\/em>\n  <\/td><td>\n  6\n  <\/td><td>\n  18\n  <\/td><\/tr><tr><td>\n  &nbsp;\n  <\/td><td>\n  <em>&nbsp;<\/em>\n  <\/td><td>\n  &nbsp;\n  <\/td><td>\n  &nbsp;\n  <\/td><\/tr><tr><td>\n  12\n  <\/td><td>\n  <em>\u015ecoala Gimnazial\u0103&nbsp; Nr.7<\/em>\n  <\/td><td>\n  15\n  <\/td><td>\n  40\n  <\/td><\/tr><tr><td>\n  &nbsp;\n  <\/td><td>\n  <em>&nbsp;<\/em>\n  <\/td><td>\n  &nbsp;\n  <\/td><td>\n  &nbsp;\n  <\/td><\/tr><tr><td>\n  13\n  <\/td><td>\n  <em>\u015ecoala Gimnazial\u0103 &#8222;Acad. Marin\n  Voiculescu&#8221;<\/em>\n  <\/td><td>\n  30\n  <\/td><td>\n  100\n  <\/td><\/tr><tr><td>\n  &nbsp;\n  <\/td><td>\n  <em>&nbsp;<\/em>\n  <\/td><td>\n  &nbsp;\n  <\/td><td>\n  &nbsp;\n  <\/td><\/tr><tr><td>\n  14\n  <\/td><td>\n  <em>\u015ecoala Gimnazial\u0103 nr.10<\/em>\n  <\/td><td>\n  5\n  <\/td><td>\n  15\n  <\/td><\/tr><tr><td>\n  &nbsp;\n  <\/td><td>\n  <em>&nbsp;<\/em>\n  <\/td><td>\n  &nbsp;\n  <\/td><td>\n  &nbsp;\n  <\/td><\/tr><tr><td>\n  15\n  <\/td><td>\n  <em>Gr\u0103dini\u0163a cu pr. Prelungit\n  &#8222;Prichindeii&#8221;<\/em>\n  <\/td><td>\n  6\n  <\/td><td>\n  10\n  <\/td><\/tr><tr><td>\n  &nbsp;\n  <\/td><td>\n  <em>&nbsp;<\/em>\n  <\/td><td>\n  &nbsp;\n  <\/td><td>\n  &nbsp;\n  <\/td><\/tr><tr><td>\n  16\n  <\/td><td>\n  <em>Gr\u0103dini\u0163a cu pr. Prelungit\n  &#8222;Scufi\u0163a Ro\u015fie&#8221;<\/em>\n  <\/td><td>\n  6\n  <\/td><td>\n  10\n  <\/td><\/tr><tr><td>\n  &nbsp;\n  <\/td><td>\n  <em>&nbsp;<\/em>\n  <\/td><td>\n  &nbsp;\n  <\/td><td>\n  &nbsp;\n  <\/td><\/tr><tr><td>\n  17\n  <\/td><td>\n  <em>Gr\u0103dini\u0163a cu pr. prelungit\n  &#8222;C\u0103su\u0163a Fermecat\u0103&#8221;<\/em>\n  <\/td><td>\n  6\n  <\/td><td>\n  6\n  <\/td><\/tr><tr><td>\n  &nbsp;\n  <\/td><td>\n  <em>&nbsp;<\/em>\n  <\/td><td>\n  &nbsp;\n  <\/td><td>\n  &nbsp;\n  <\/td><\/tr><tr><td>\n  18\n  <\/td><td>\n  <em>Gr\u0103dini\u0163a cu pr. Prelungit\n  &#8222;Dumbrava Minunat\u0103&#8221;<\/em>\n  <\/td><td>\n  7\n  <\/td><td>\n  7\n  <\/td><\/tr><tr><td>\n  &nbsp;\n  <\/td><td>\n  <em>&nbsp;<\/em>\n  <\/td><td>\n  &nbsp;\n  <\/td><td>\n  &nbsp;\n  <\/td><\/tr><tr><td>\n  19\n  <\/td><td>\n  <em>Gr\u0103dini\u0163a cu program normal nr.8<\/em>\n  <\/td><td>\n  5\n  <\/td><td>\n  5\n  <\/td><\/tr><tr><td>\n  &nbsp;\n  <\/td><td>\n  <em>&nbsp;<\/em>\n  <\/td><td>\n  &nbsp;\n  <\/td><td>\n  &nbsp;\n  <\/td><\/tr><tr><td>\n  20\n  <\/td><td>\n  <em>Gr\u0103dini\u0163a cu program normal nr.9<\/em>\n  <\/td><td>\n  5\n  <\/td><td>\n  5\n  <\/td><\/tr><tr><td>\n  &nbsp;\n  <\/td><td>\n  <strong><em>TOTAL<\/em><\/strong>\n  <\/td><td>\n  <strong>174<\/strong>\n  <\/td><td>\n  <strong>406<\/strong>\n  <\/td><\/tr><\/tbody><\/table><\/figure>\n\n\n\n<p>Surs\u0103 foto: Internet<\/p>\n","protected":false},"excerpt":{"rendered":"<p>Prim\u0103ria municipiului Giurgiu a transmis, ast\u0103zi, un comunicat pe acest subiect. &#8222;Av\u00e2nd \u00een vedere cazurile confirmate\/ semnalate\/ \u00eenregistrate &nbsp;de epidemie de grip\u0103 \u00een cadrul unit\u0103\u021bilor de \u00eenv\u0103\u021b\u0103m\u00e2nt preuniversitar de stat aflate pe raza Municipiului Giurgiu, v\u0103 aducem la cuno\u0219tin\u021b\u0103 c\u0103 p\u00e2n\u0103 acum situa\u021bia se prezint\u0103 astfel: &nbsp;&nbsp;&nbsp;&nbsp;&nbsp;&nbsp;&nbsp;&nbsp;&nbsp;&nbsp;&nbsp; &nbsp;\u00cen regim de urgen\u021b\u0103 unit\u0103\u021bile de \u00eenv\u0103\u021b\u0103m\u00e2nt \u0219i-au [&hellip;]<\/p>\n","protected":false},"author":1,"featured_media":71035,"comment_status":"open","ping_status":"open","sticky":false,"template":"","format":"standard","meta":{"slim_seo":{"title":"M\u0103suri de prevenire a epidemiei de grip\u0103 \u00een cadrul unit\u0103\u0163ilor de \u00eenv\u0103\u0163\u0103m\u00e2nt din Giurgiu - GIURGIU NET","description":"Prim\u0103ria municipiului Giurgiu a transmis, ast\u0103zi, un comunicat pe acest subiect. \"Av\u00e2nd \u00een vedere cazurile confirmate\/ semnalate\/ \u00eenregistrate &nbsp;de epidemie"},"footnotes":""},"categories":[18,26,28],"tags":[1268],"class_list":{"0":"post-71034","1":"post","2":"type-post","3":"status-publish","4":"format-standard","5":"has-post-thumbnail","7":"category-actual","8":"category-soc","9":"category-uo","10":"tag-gripa"},"_links":{"self":[{"href":"https:\/\/giurgiu-net.ro\/index.php\/wp-json\/wp\/v2\/posts\/71034","targetHints":{"allow":["GET"]}}],"collection":[{"href":"https:\/\/giurgiu-net.ro\/index.php\/wp-json\/wp\/v2\/posts"}],"about":[{"href":"https:\/\/giurgiu-net.ro\/index.php\/wp-json\/wp\/v2\/types\/post"}],"author":[{"embeddable":true,"href":"https:\/\/giurgiu-net.ro\/index.php\/wp-json\/wp\/v2\/users\/1"}],"replies":[{"embeddable":true,"href":"https:\/\/giurgiu-net.ro\/index.php\/wp-json\/wp\/v2\/comments?post=71034"}],"version-history":[{"count":0,"href":"https:\/\/giurgiu-net.ro\/index.php\/wp-json\/wp\/v2\/posts\/71034\/revisions"}],"wp:featuredmedia":[{"embeddable":true,"href":"https:\/\/giurgiu-net.ro\/index.php\/wp-json\/wp\/v2\/media\/71035"}],"wp:attachment":[{"href":"https:\/\/giurgiu-net.ro\/index.php\/wp-json\/wp\/v2\/media?parent=71034"}],"wp:term":[{"taxonomy":"category","embeddable":true,"href":"https:\/\/giurgiu-net.ro\/index.php\/wp-json\/wp\/v2\/categories?post=71034"},{"taxonomy":"post_tag","embeddable":true,"href":"https:\/\/giurgiu-net.ro\/index.php\/wp-json\/wp\/v2\/tags?post=71034"}],"curies":[{"name":"wp","href":"https:\/\/api.w.org\/{rel}","templated":true}]}}