{"id":71026,"date":"2020-01-29T14:58:53","date_gmt":"2020-01-29T12:58:53","guid":{"rendered":"http:\/\/giurgiu-net.ro\/?p=71026"},"modified":"2020-01-29T14:58:53","modified_gmt":"2020-01-29T12:58:53","slug":"isu-giurgiu-a-primit-printr-un-proiect-o-targa-electrica-ce-are-capacitate-de-incarcare-de-300-de-kilograme","status":"publish","type":"post","link":"https:\/\/giurgiu-net.ro\/index.php\/2020\/01\/29\/isu-giurgiu-a-primit-printr-un-proiect-o-targa-electrica-ce-are-capacitate-de-incarcare-de-300-de-kilograme\/","title":{"rendered":"ISU Giurgiu a primit, printr-un proiect, o targ\u0103 electric\u0103 ce are capacitate de \u00eenc\u0103rcare de 300 de kilograme"},"content":{"rendered":"\n<p>Echipamentul a fost achizi\u0163ionat pentru Inspectoratul pentru Situa\u0163ii de Urgen\u0163\u0103 &#8222;Vla\u015fca&#8221; Giurgiu, cu sprijinul Consiliului Jude\u0163ean \u015fi al Unit\u0103\u0163ii de Primiri Urgen\u0163e a Spitalului Jude\u0163ean Giurgiu.<\/p>\n\n\n\n<p>&#8222;Tocmai pentru c\u0103 ne dorim s\u0103 v\u0103 fim aproape ori de c\u00e2te ori ave\u021bi nevoie de noi, \u00eencerc\u0103m s\u0103 ne perfec\u021bion\u0103m continuu \u0219i s\u0103 facem tot posibilul pentru a achizi\u021biona ap\u0103r\u0103tur\u0103 nou\u0103, performanta care s\u0103 ofere siguran\u021b\u0103 \u0219i care s\u0103 ne simplifice munca.<br \/><a href=\"https:\/\/www.facebook.com\/hashtag\/targaelectric%C4%83?source=feed_text&amp;epa=HASHTAG&amp;__xts__%5B0%5D=68.ARBfPCSeoYDNyDGV8O3giHPZS-7kpG0sRCU11Mxqln1LlgG4_EAktiulv-MypY1lbICbPhoWyGlJFi9xMJUkmrPhXFFmh0PeqKp3bQw7NXvtN3MVdxDpvjNpvypdqIaee1IAC-hgcPgsoDzQTYidhL_xQB3H02QunkOsfbZsRsNVCuol98WmlNMCFdXaJNvQyKwUiFS70yB7BSFIJtkGqyc6xUKcteV2j4Bf_GPyMbKK3zjMzwyPB2efOujYAlzlwQNpNWW0_HgFHo65bOPSfZ7GH3X9dWM2OZeUp7CfxE2GgNobnA4J9ZIegaOmVniP350K6z4lKH0ndTh-pVfBHT3E-g&amp;__tn__=%2ANK-R\">Targa electric\u0103<\/a>&nbsp;pentru transportul persoanelor supraponderale a fost achizi\u021bionat\u0103 \u00eentr-un proiect, cu ajutorul Unit\u0103\u021bii Primiri Urgen\u021be Giurgiu \u0219i Consiliului Jude\u021bean Giurgiu.<br \/>Aceast\u0103 targ\u0103 are o capacitate de \u00eenc\u0103rcare de 300 de kg \u0219i, cu siguran\u021b\u0103, va fi un real ajutor pompierilor giurgiuveni&#8221;, anun\u0163\u0103 ISU Giurgiu pe pagina de Facebook a institu\u0163iei. <\/p>\n","protected":false},"excerpt":{"rendered":"<p>Echipamentul a fost achizi\u0163ionat pentru Inspectoratul pentru Situa\u0163ii de Urgen\u0163\u0103 &#8222;Vla\u015fca&#8221; Giurgiu, cu sprijinul Consiliului Jude\u0163ean \u015fi al Unit\u0103\u0163ii de Primiri Urgen\u0163e a Spitalului Jude\u0163ean Giurgiu. &#8222;Tocmai pentru c\u0103 ne dorim s\u0103 v\u0103 fim aproape ori de c\u00e2te ori ave\u021bi nevoie de noi, \u00eencerc\u0103m s\u0103 ne perfec\u021bion\u0103m continuu \u0219i s\u0103 facem tot posibilul pentru a [&hellip;]<\/p>\n","protected":false},"author":1,"featured_media":71027,"comment_status":"open","ping_status":"open","sticky":false,"template":"","format":"standard","meta":{"slim_seo":{"title":"ISU Giurgiu a primit, printr-un proiect, o targ\u0103 electric\u0103 ce are capacitate de \u00eenc\u0103rcare de 300 de kilograme - GIURGIU NET","description":"Echipamentul a fost achizi\u0163ionat pentru Inspectoratul pentru Situa\u0163ii de Urgen\u0163\u0103 \"Vla\u015fca\" Giurgiu, cu sprijinul Consiliului Jude\u0163ean \u015fi al Unit\u0103\u0163ii de Primiri U"},"footnotes":""},"categories":[18,19,26,28],"tags":[1452],"class_list":{"0":"post-71026","1":"post","2":"type-post","3":"status-publish","4":"format-standard","5":"has-post-thumbnail","7":"category-actual","8":"category-adm","9":"category-soc","10":"category-uo","11":"tag-isu-giurgiu"},"_links":{"self":[{"href":"https:\/\/giurgiu-net.ro\/index.php\/wp-json\/wp\/v2\/posts\/71026","targetHints":{"allow":["GET"]}}],"collection":[{"href":"https:\/\/giurgiu-net.ro\/index.php\/wp-json\/wp\/v2\/posts"}],"about":[{"href":"https:\/\/giurgiu-net.ro\/index.php\/wp-json\/wp\/v2\/types\/post"}],"author":[{"embeddable":true,"href":"https:\/\/giurgiu-net.ro\/index.php\/wp-json\/wp\/v2\/users\/1"}],"replies":[{"embeddable":true,"href":"https:\/\/giurgiu-net.ro\/index.php\/wp-json\/wp\/v2\/comments?post=71026"}],"version-history":[{"count":0,"href":"https:\/\/giurgiu-net.ro\/index.php\/wp-json\/wp\/v2\/posts\/71026\/revisions"}],"wp:featuredmedia":[{"embeddable":true,"href":"https:\/\/giurgiu-net.ro\/index.php\/wp-json\/wp\/v2\/media\/71027"}],"wp:attachment":[{"href":"https:\/\/giurgiu-net.ro\/index.php\/wp-json\/wp\/v2\/media?parent=71026"}],"wp:term":[{"taxonomy":"category","embeddable":true,"href":"https:\/\/giurgiu-net.ro\/index.php\/wp-json\/wp\/v2\/categories?post=71026"},{"taxonomy":"post_tag","embeddable":true,"href":"https:\/\/giurgiu-net.ro\/index.php\/wp-json\/wp\/v2\/tags?post=71026"}],"curies":[{"name":"wp","href":"https:\/\/api.w.org\/{rel}","templated":true}]}}