{"id":71021,"date":"2020-01-28T11:38:26","date_gmt":"2020-01-28T09:38:26","guid":{"rendered":"http:\/\/giurgiu-net.ro\/?p=71021"},"modified":"2020-01-28T11:38:26","modified_gmt":"2020-01-28T09:38:26","slug":"inspiratia-de-marti-imparteala-tronurilor-la-giurgiu-faza-pe-companii-nationale","status":"publish","type":"post","link":"https:\/\/giurgiu-net.ro\/index.php\/2020\/01\/28\/inspiratia-de-marti-imparteala-tronurilor-la-giurgiu-faza-pe-companii-nationale\/","title":{"rendered":"InspiRa\u0163ia de Mar\u0163i: &#8222;\u00cemp\u0103r\u0163eala tronurilor&#8221;, la Giurgiu- faza pe companii na\u0163ionale"},"content":{"rendered":"\n<p>Jurnali\u015ftii de la Giurgiu pe Surse au scris, azi, c\u0103 Florian Velicu \u015fi Dumitru Beianu \u015fi-au luat felia de putere. \u015ei nu oriunde, tocmai la APDF Giurgiu. Velicu- big boss, Beianu membru \u00een Consiliul de Administra\u0163ie&#8230;<\/p>\n\n\n\n<p>Ce bun \u015fi darnic, nea mo\u015f Orban \u0103sta, c\u00e2nd \u00eemparte el celor mai cumin\u0163i, ascult\u0103tori \u015fi de PSD scuip\u0103tori din PNL, func\u0163ii \u00eenalte, drept r\u0103splat\u0103! <\/p>\n\n\n\n<p>E vremea &#8222;cadourilor&#8221;,  la PNL! S\u0103 v\u0103 \u0163ine\u0163i, fra\u0163ilor, c\u0103 ne umplu \u0103\u015ftia institu\u0163iile cu &#8222;profesioni\u015fti&#8221;, oameni prea&#8230; &#8222;preg\u0103ti\u0163i&#8221; pentru institu\u0163ii cu care NU au mai avut tangen\u0163\u0103, dar unde devin direct \u015fefi&#8230; <\/p>\n\n\n\n<p>Iar &#8222;Ciolaniada&#8221; abia a \u00eenceput&#8230;<\/p>\n\n\n\n<p><\/p>\n\n\n\n<figure class=\"wp-block-image size-full\"><img loading=\"lazy\" decoding=\"async\" width=\"1920\" height=\"1080\" src=\"https:\/\/giurgiu-net.ro\/wp-content\/uploads\/2020\/01\/functii-mos-orban.jpg\" alt=\"\" class=\"wp-image-71022\" srcset=\"https:\/\/giurgiu-net.ro\/wp-content\/uploads\/2020\/01\/functii-mos-orban.jpg 1920w, https:\/\/giurgiu-net.ro\/wp-content\/uploads\/2020\/01\/functii-mos-orban-300x169.jpg 300w, https:\/\/giurgiu-net.ro\/wp-content\/uploads\/2020\/01\/functii-mos-orban-1024x576.jpg 1024w, https:\/\/giurgiu-net.ro\/wp-content\/uploads\/2020\/01\/functii-mos-orban-768x432.jpg 768w, https:\/\/giurgiu-net.ro\/wp-content\/uploads\/2020\/01\/functii-mos-orban-1536x864.jpg 1536w, https:\/\/giurgiu-net.ro\/wp-content\/uploads\/2020\/01\/functii-mos-orban-696x392.jpg 696w, https:\/\/giurgiu-net.ro\/wp-content\/uploads\/2020\/01\/functii-mos-orban-1068x601.jpg 1068w\" sizes=\"auto, (max-width: 1920px) 100vw, 1920px\" \/><\/figure>\n\n\n\n<p>*Acesta este un pamflet ce trebuie tratat ca atare<\/p>\n","protected":false},"excerpt":{"rendered":"<p>Jurnali\u015ftii de la Giurgiu pe Surse au scris, azi, c\u0103 Florian Velicu \u015fi Dumitru Beianu \u015fi-au luat felia de putere. \u015ei nu oriunde, tocmai la APDF Giurgiu. Velicu- big boss, Beianu membru \u00een Consiliul de Administra\u0163ie&#8230; Ce bun \u015fi darnic, nea mo\u015f Orban \u0103sta, c\u00e2nd \u00eemparte el celor mai cumin\u0163i, ascult\u0103tori \u015fi de PSD scuip\u0103tori [&hellip;]<\/p>\n","protected":false},"author":1,"featured_media":71022,"comment_status":"open","ping_status":"open","sticky":false,"template":"","format":"standard","meta":{"slim_seo":{"title":"InspiRa\u0163ia de Mar\u0163i: \"\u00cemp\u0103r\u0163eala tronurilor\", la Giurgiu- faza pe companii na\u0163ionale - GIURGIU NET","description":"Jurnali\u015ftii de la Giurgiu pe Surse au scris, azi, c\u0103 Florian Velicu \u015fi Dumitru Beianu \u015fi-au luat felia de putere. \u015ei nu oriunde, tocmai la APDF Giurgiu. Velicu-"},"footnotes":""},"categories":[18,19,25,28],"tags":[2025],"class_list":{"0":"post-71021","1":"post","2":"type-post","3":"status-publish","4":"format-standard","5":"has-post-thumbnail","7":"category-actual","8":"category-adm","9":"category-pol","10":"category-uo","11":"tag-pnl"},"_links":{"self":[{"href":"https:\/\/giurgiu-net.ro\/index.php\/wp-json\/wp\/v2\/posts\/71021","targetHints":{"allow":["GET"]}}],"collection":[{"href":"https:\/\/giurgiu-net.ro\/index.php\/wp-json\/wp\/v2\/posts"}],"about":[{"href":"https:\/\/giurgiu-net.ro\/index.php\/wp-json\/wp\/v2\/types\/post"}],"author":[{"embeddable":true,"href":"https:\/\/giurgiu-net.ro\/index.php\/wp-json\/wp\/v2\/users\/1"}],"replies":[{"embeddable":true,"href":"https:\/\/giurgiu-net.ro\/index.php\/wp-json\/wp\/v2\/comments?post=71021"}],"version-history":[{"count":0,"href":"https:\/\/giurgiu-net.ro\/index.php\/wp-json\/wp\/v2\/posts\/71021\/revisions"}],"wp:featuredmedia":[{"embeddable":true,"href":"https:\/\/giurgiu-net.ro\/index.php\/wp-json\/wp\/v2\/media\/71022"}],"wp:attachment":[{"href":"https:\/\/giurgiu-net.ro\/index.php\/wp-json\/wp\/v2\/media?parent=71021"}],"wp:term":[{"taxonomy":"category","embeddable":true,"href":"https:\/\/giurgiu-net.ro\/index.php\/wp-json\/wp\/v2\/categories?post=71021"},{"taxonomy":"post_tag","embeddable":true,"href":"https:\/\/giurgiu-net.ro\/index.php\/wp-json\/wp\/v2\/tags?post=71021"}],"curies":[{"name":"wp","href":"https:\/\/api.w.org\/{rel}","templated":true}]}}