{"id":70844,"date":"2020-01-17T16:45:53","date_gmt":"2020-01-17T14:45:53","guid":{"rendered":"http:\/\/giurgiu-net.ro\/?p=70844"},"modified":"2020-01-17T16:45:53","modified_gmt":"2020-01-17T14:45:53","slug":"guvernul-pnl-opreste-investitiile-in-judetul-giurgiu-vor-fi-mari-probleme-si-cu-salariile-insotitorilor-persoanelor-cu-handicap","status":"publish","type":"post","link":"https:\/\/giurgiu-net.ro\/index.php\/2020\/01\/17\/guvernul-pnl-opreste-investitiile-in-judetul-giurgiu-vor-fi-mari-probleme-si-cu-salariile-insotitorilor-persoanelor-cu-handicap\/","title":{"rendered":"Guvernul PNL opre\u015fte investi\u0163iile \u00een jude\u0163ul Giurgiu! Vor fi mari probleme \u015fi cu salariile \u00eenso\u0163itorilor persoanelor cu handicap"},"content":{"rendered":"\n<p>Pre\u015fedintele Consiliului Jude\u0163ean Giurgiu, Marian Mina, a prezentat, azi, \u00een conferin\u0163\u0103 de pres\u0103, c\u00e2teva dintre efectele Guvern\u0103rii PNL resim\u0163ite \u015fi \u00een jude\u0163ul Giurgiu.<\/p>\n\n\n\n<figure class=\"wp-block-image size-full\"><img loading=\"lazy\" decoding=\"async\" width=\"800\" height=\"530\" src=\"https:\/\/giurgiu-net.ro\/wp-content\/uploads\/2020\/01\/DSC_3344.jpg\" alt=\"\" class=\"wp-image-70845\" srcset=\"https:\/\/giurgiu-net.ro\/wp-content\/uploads\/2020\/01\/DSC_3344.jpg 800w, https:\/\/giurgiu-net.ro\/wp-content\/uploads\/2020\/01\/DSC_3344-300x199.jpg 300w, https:\/\/giurgiu-net.ro\/wp-content\/uploads\/2020\/01\/DSC_3344-768x509.jpg 768w, https:\/\/giurgiu-net.ro\/wp-content\/uploads\/2020\/01\/DSC_3344-696x461.jpg 696w\" sizes=\"auto, (max-width: 800px) 100vw, 800px\" \/><\/figure>\n\n\n\n<p><em>&#8222;Guvernul PNL opre\u015fte investi\u0163iile \u00een jude\u0163ul Giurgiu! Bugetul pe care Executivul ni l-a alocat este foarte mic, \u00een compara\u0163ie cu cel din 2019. Astfel, pentru 2020 am primit de la bugetul de stat pu\u0163in peste 100 de milioane de lei, fa\u0163\u0103 de aproape 150 de milioane, anul trecut.<\/em><\/p>\n\n\n\n<p><em>\u00cen aceste condi\u0163ii, investi\u0163iile se vor opri. Nu vor mai putea fi continuate proiectele noastre, avem asocieri cu multe comune, pentru drumuri, se vor opri \u015fi acestea. Vom avea mari probleme cu cofinan\u0163\u0103rile pentru proiecte pe PNDL, pe fonduri europene sau prin Compania Na\u0163ional\u0103 de Investi\u0163ii. Sumele primite acum \u00eenseamn\u0103 doar 10% din necesar&#8221;<\/em>, a declarat Marian Mina.<\/p>\n\n\n\n<p>Pre\u015fedintele CJ Giurgiu a precizat c\u0103 situa\u0163ia este grav\u0103 \u015fi la Direc\u0163ia General\u0103 de Asisten\u0163\u0103 Social\u0103 \u015fi Protec\u0163ia Copilului Giurgiu. <\/p>\n\n\n\n<p><em>&#8222;Banii ne ajung doar p\u00e2n\u0103 \u00een luna mai. Chiar vreau s\u0103 v\u0103d dac\u0103 vor mai face grev\u0103 \u015fi acum! Dac\u0103 anul trecut, au fost unele \u00eent\u00e2rzieri din cauza unei erori umane, acum, \u00een 2020, NU sunt bani de la Guvernul PNL!<\/em><\/p>\n\n\n\n<p><em>Din cauza Guvernului PNL \u015fi investi\u0163iile \u00een Spitalul Jude\u0163ean de Urgen\u0163\u0103 Giurgiu se \u00eencheie! Vorbim despre reabilit\u0103ri sau dot\u0103ri \u015fi exist\u0103, \u00een prezent, o problem\u0103 urgent\u0103: furnizarea energiei termice \u00een unitatea sanitar\u0103. Este posibil ca pacien\u0163ii s\u0103 r\u0103m\u00e2n\u0103 f\u0103r\u0103 c\u0103ldur\u0103 \u00een saloane, din cauza datoriilor. Am discutat cu furnizorul de energie termic\u0103 \u015fi sper\u0103m s\u0103 ne mai p\u0103suiasc\u0103. Nu primim niciun sprijin de la PNL nici \u00een aceast\u0103 privin\u0163\u0103!<\/em>&#8222;, a declarat Marian Mina.<\/p>\n","protected":false},"excerpt":{"rendered":"<p>Pre\u015fedintele Consiliului Jude\u0163ean Giurgiu, Marian Mina, a prezentat, azi, \u00een conferin\u0163\u0103 de pres\u0103, c\u00e2teva dintre efectele Guvern\u0103rii PNL resim\u0163ite \u015fi \u00een jude\u0163ul Giurgiu. &#8222;Guvernul PNL opre\u015fte investi\u0163iile \u00een jude\u0163ul Giurgiu! Bugetul pe care Executivul ni l-a alocat este foarte mic, \u00een compara\u0163ie cu cel din 2019. Astfel, pentru 2020 am primit de la bugetul de [&hellip;]<\/p>\n","protected":false},"author":1,"featured_media":70846,"comment_status":"open","ping_status":"open","sticky":false,"template":"","format":"standard","meta":{"slim_seo":{"title":"Guvernul PNL opre\u015fte investi\u0163iile \u00een jude\u0163ul Giurgiu! Vor fi mari probleme \u015fi cu salariile \u00eenso\u0163itorilor persoanelor cu handicap - GIURGIU NET","description":"Pre\u015fedintele Consiliului Jude\u0163ean Giurgiu, Marian Mina, a prezentat, azi, \u00een conferin\u0163\u0103 de pres\u0103, c\u00e2teva dintre efectele Guvern\u0103rii PNL resim\u0163ite \u015fi \u00een jude\u0163ul"},"footnotes":""},"categories":[18,19,29,25,26,28],"tags":[1626,2025],"class_list":{"0":"post-70844","1":"post","2":"type-post","3":"status-publish","4":"format-standard","5":"has-post-thumbnail","7":"category-actual","8":"category-adm","9":"category-educatie-si-cultura","10":"category-pol","11":"category-soc","12":"category-uo","13":"tag-marian-mina","14":"tag-pnl"},"_links":{"self":[{"href":"https:\/\/giurgiu-net.ro\/index.php\/wp-json\/wp\/v2\/posts\/70844","targetHints":{"allow":["GET"]}}],"collection":[{"href":"https:\/\/giurgiu-net.ro\/index.php\/wp-json\/wp\/v2\/posts"}],"about":[{"href":"https:\/\/giurgiu-net.ro\/index.php\/wp-json\/wp\/v2\/types\/post"}],"author":[{"embeddable":true,"href":"https:\/\/giurgiu-net.ro\/index.php\/wp-json\/wp\/v2\/users\/1"}],"replies":[{"embeddable":true,"href":"https:\/\/giurgiu-net.ro\/index.php\/wp-json\/wp\/v2\/comments?post=70844"}],"version-history":[{"count":0,"href":"https:\/\/giurgiu-net.ro\/index.php\/wp-json\/wp\/v2\/posts\/70844\/revisions"}],"wp:featuredmedia":[{"embeddable":true,"href":"https:\/\/giurgiu-net.ro\/index.php\/wp-json\/wp\/v2\/media\/70846"}],"wp:attachment":[{"href":"https:\/\/giurgiu-net.ro\/index.php\/wp-json\/wp\/v2\/media?parent=70844"}],"wp:term":[{"taxonomy":"category","embeddable":true,"href":"https:\/\/giurgiu-net.ro\/index.php\/wp-json\/wp\/v2\/categories?post=70844"},{"taxonomy":"post_tag","embeddable":true,"href":"https:\/\/giurgiu-net.ro\/index.php\/wp-json\/wp\/v2\/tags?post=70844"}],"curies":[{"name":"wp","href":"https:\/\/api.w.org\/{rel}","templated":true}]}}