{"id":70839,"date":"2020-01-17T17:58:00","date_gmt":"2020-01-17T15:58:00","guid":{"rendered":"http:\/\/giurgiu-net.ro\/?p=70839"},"modified":"2020-01-17T17:58:00","modified_gmt":"2020-01-17T15:58:00","slug":"presedintele-executiv-al-psd-giurgiu-veneticul-dan-motreanu-nu-este-avizat-sa-vorbeasca-despre-giurgiu","status":"publish","type":"post","link":"https:\/\/giurgiu-net.ro\/index.php\/2020\/01\/17\/presedintele-executiv-al-psd-giurgiu-veneticul-dan-motreanu-nu-este-avizat-sa-vorbeasca-despre-giurgiu\/","title":{"rendered":"Pre\u015fedintele executiv al PSD Giurgiu: \u201eVeneticul Dan Motreanu nu este avizat s\u0103 vorbeasc\u0103 despre Giurgiu!\u201d"},"content":{"rendered":"\n<p>Marian Mina a f\u0103cut aceast\u0103 declara\u0163ie\nvineri, 17 ianuarie, \u00een conferin\u0163\u0103 de pres\u0103.<\/p>\n\n\n\n<p><em>&nbsp;\u201eAm \u00een\u0163eles c\u0103 pre\u015fedintele\nPNL Giurgiu, veneticul Dan Motreanu, c\u00e2nd mai ajunge c\u00e2teodat\u0103 pe la Giurgiu, acuz\u0103\n\u201elipsa de investi\u0163ii\u201d \u00een jude\u0163ul nostru. <\/em><\/p>\n\n\n\n<p><em>Consider c\u0103 domnul Motreanu nu este avizat s\u0103 vorbeasc\u0103 despre Giurgiu! <\/em><\/p>\n\n\n\n<p><strong><em>Nu doar pentru c\u0103 nu este giurgiuvean<\/em><\/strong><em>&#8211;\n\u015fi mai este \u015fi \u0163inut la conducerea PNL Giurgiu \u00eempotriva voin\u0163ei sale-, dar nu\neste \u00een m\u0103sur\u0103 s\u0103 discute despre dezvoltarea jude\u0163ului nostru. NU dup\u0103 8 ani de\nconducere PNL la Consiliul Jude\u0163ean \u015fi 16 ani, la municipiu.<\/em><\/p>\n\n\n\n<p><strong><em>\u015eti\u0163i bine \u00een ce stare erau drumurile\njude\u0163ene<\/em><\/strong><em>, c\u00e2nd am preluat conducerea CJ, \u015fti\u0163i c\u0103 nu existau\ninvesti\u0163ii \u00een comune, dar \u015fti\u0163i \u015fi ce \u201e\u00eensemna\u201d Spitalul Jude\u0163ean de Urgen\u0163\u0103\nGiurgiu pentru PNL, pentru guvernarea lor, dar \u015fi pentru liderii de la Giurgiu.\nNimic! Apoi, dac\u0103 \u00eel lua\u0163i repede pe domnul Motreanu \u015fi \u00eel pune\u0163i s\u0103 v\u0103 enumere\n20 de comune din jude\u0163, o s\u0103 vede\u0163i c\u0103 nu o s\u0103 \u015ftie, dar, iat\u0103, emite p\u0103reri\u201d<\/em>, a declarat Marian Mina.<\/p>\n\n\n\n<p>Liderul social-democrat giurgiuvean a\ncontinuat, spun\u00e2nd c\u0103 se a\u015ftepta ca Motreanu s\u0103 fi organizat m\u0103car o conferin\u0163\u0103\nde pres\u0103, de c\u00e2nd a fost numit \u015fef al PNL Giurgiu.<\/p>\n\n\n\n<p><em>\u201e<strong>Mi-ar fi pl\u0103cut s\u0103\naib\u0103 curajul<\/strong> s\u0103 vin\u0103 \u00een fa\u0163a giurgiuvenilor, nu s\u0103 emit\u0103 p\u0103reri pe\nFacebook, \u015fi s\u0103 ne spun\u0103, de exemplu, c\u0103 agricultorii rom\u00e2ni o s\u0103 aib\u0103, \u00een guvernarea\nPNL, subven\u0163ii ca cei din Fran\u0163a, Marea Britanie, Austria&#8230; S\u0103 ne spun\u0103 c\u0103\nintr\u0103m \u00een Schengen sau c\u0103 vom putea intra \u00een Statele Unite ale Americii f\u0103r\u0103\nviz\u0103! S\u0103 ne spun\u0103 care sunt investi\u0163iile pe care Guvernul PNL le va sus\u0163ine, \u00een\nGiurgiu! <strong>S\u0103 le spun\u0103 giurgiuvenilor c\u00e2nd\nvor fi dublate aloca\u0163iile<\/strong> copiilor, a\u015fa cum ei au strigat c\u0103 vor, c\u00e2nd erau\n\u00een Opozi\u0163ie!<\/em><\/p>\n\n\n\n<p><em>A\u015f fi vrut ca domnul Motreanu <strong>s\u0103 le spun\u0103 pensionarilor giurgiuveni c\u00e2nd \u00ee\u015fi vor primi pensiile<\/strong>,\npentru c\u0103 #pensia este singura lor surs\u0103 de venit, pentru medicamente, pentru\nutilit\u0103\u0163i, pentru a tr\u0103i!<\/em><\/p>\n\n\n\n<p><em>M\u0103 a\u015fteptam s\u0103 vin\u0103 domnul Motreanu \u015fi s\u0103 ne spun\u0103 <strong>cum e posibil ca deficitul bugetar s\u0103\ncreasc\u0103 cu un procent, \u00een doar 2 luni de guvernare PNL?!<\/strong> P\u00e2n\u0103 \u015fi Mugur\nIs\u0103rescu a spus c\u0103 nu s-a mai \u00eent\u00e2mplat a\u015fa ceva p\u00e2n\u0103 acum.<\/em><\/p>\n\n\n\n<p><em>A\u015f fi vrut, a\u015fadar, ca domnul pre\u015fedinte \u0163inut cu for\u0163a\nla PNL Giurgiu, Dan Motreanu, s\u0103 aib\u0103 curajul m\u0103car s\u0103 organizeze \u015fi s\u0103\nparticipe la conferin\u0163e de pres\u0103, aici, \u00een Giurgiu! Altfel, veneticul Dan Motreanu\nnici nu are dreptul s\u0103 vorbeasc\u0103 despre jude\u0163ul nostru, despre dezvoltare \u015fi\ninvesti\u0163ii!\u201d<\/em>, a mai declarat pre\u015fedintele executiv\nal PSD Giurgiu, Marian Mina.<\/p>\n","protected":false},"excerpt":{"rendered":"<p>Marian Mina a f\u0103cut aceast\u0103 declara\u0163ie vineri, 17 ianuarie, \u00een conferin\u0163\u0103 de pres\u0103. &nbsp;\u201eAm \u00een\u0163eles c\u0103 pre\u015fedintele PNL Giurgiu, veneticul Dan Motreanu, c\u00e2nd mai ajunge c\u00e2teodat\u0103 pe la Giurgiu, acuz\u0103 \u201elipsa de investi\u0163ii\u201d \u00een jude\u0163ul nostru. Consider c\u0103 domnul Motreanu nu este avizat s\u0103 vorbeasc\u0103 despre Giurgiu! Nu doar pentru c\u0103 nu este giurgiuvean&#8211; \u015fi [&hellip;]<\/p>\n","protected":false},"author":1,"featured_media":70840,"comment_status":"open","ping_status":"open","sticky":false,"template":"","format":"standard","meta":{"slim_seo":{"title":"Pre\u015fedintele executiv al PSD Giurgiu: \u201eVeneticul Dan Motreanu nu este avizat s\u0103 vorbeasc\u0103 despre Giurgiu!\u201d - GIURGIU NET","description":"Marian Mina a f\u0103cut aceast\u0103 declara\u0163ie vineri, 17 ianuarie, \u00een conferin\u0163\u0103 de pres\u0103. &nbsp;\u201eAm \u00een\u0163eles c\u0103 pre\u015fedintele PNL Giurgiu, veneticul Dan Motreanu, c\u00e2nd"},"footnotes":""},"categories":[18,25,26,28],"tags":[1626],"class_list":{"0":"post-70839","1":"post","2":"type-post","3":"status-publish","4":"format-standard","5":"has-post-thumbnail","7":"category-actual","8":"category-pol","9":"category-soc","10":"category-uo","11":"tag-marian-mina"},"_links":{"self":[{"href":"https:\/\/giurgiu-net.ro\/index.php\/wp-json\/wp\/v2\/posts\/70839","targetHints":{"allow":["GET"]}}],"collection":[{"href":"https:\/\/giurgiu-net.ro\/index.php\/wp-json\/wp\/v2\/posts"}],"about":[{"href":"https:\/\/giurgiu-net.ro\/index.php\/wp-json\/wp\/v2\/types\/post"}],"author":[{"embeddable":true,"href":"https:\/\/giurgiu-net.ro\/index.php\/wp-json\/wp\/v2\/users\/1"}],"replies":[{"embeddable":true,"href":"https:\/\/giurgiu-net.ro\/index.php\/wp-json\/wp\/v2\/comments?post=70839"}],"version-history":[{"count":0,"href":"https:\/\/giurgiu-net.ro\/index.php\/wp-json\/wp\/v2\/posts\/70839\/revisions"}],"wp:featuredmedia":[{"embeddable":true,"href":"https:\/\/giurgiu-net.ro\/index.php\/wp-json\/wp\/v2\/media\/70840"}],"wp:attachment":[{"href":"https:\/\/giurgiu-net.ro\/index.php\/wp-json\/wp\/v2\/media?parent=70839"}],"wp:term":[{"taxonomy":"category","embeddable":true,"href":"https:\/\/giurgiu-net.ro\/index.php\/wp-json\/wp\/v2\/categories?post=70839"},{"taxonomy":"post_tag","embeddable":true,"href":"https:\/\/giurgiu-net.ro\/index.php\/wp-json\/wp\/v2\/tags?post=70839"}],"curies":[{"name":"wp","href":"https:\/\/api.w.org\/{rel}","templated":true}]}}