{"id":70824,"date":"2020-01-17T10:19:24","date_gmt":"2020-01-17T08:19:24","guid":{"rendered":"http:\/\/giurgiu-net.ro\/?p=70824"},"modified":"2020-01-17T10:19:24","modified_gmt":"2020-01-17T08:19:24","slug":"25-de-asistenti-maternali-profesionisti-vor-fi-angajati-in-2020-la-protectia-copilului-giurgiu","status":"publish","type":"post","link":"https:\/\/giurgiu-net.ro\/index.php\/2020\/01\/17\/25-de-asistenti-maternali-profesionisti-vor-fi-angajati-in-2020-la-protectia-copilului-giurgiu\/","title":{"rendered":"25 de asisten\u0163i maternali profesioni\u015fti vor fi angaja\u0163i, \u00een 2020, la Protec\u0163ia Copilului Giurgiu"},"content":{"rendered":"\n<p>Dup\u0103 ce, \u00een cursul anului 2019, au fost angaja\u021bi 25 de asisten\u021bi maternali profesioni\u0219ti, \u0219i \u00een acest an Direc\u0163ia General\u0103 de Asisten\u0163\u0103 Social\u0103 \u015fi Protec\u0163ia Copilului Giurgiu va angaja al\u021bi 25 de asisten\u0163i maternali profesioni\u015fti. <\/p>\n\n\n\n<p>\u00cen cadrul unui proiect cu finan\u021bare european\u0103, recrutarea persoanelor\ncare doresc s\u0103 devin\u0103 asisten\u0163i maternali profesioni\u015fti a fost demarat\u0103 \u00een decembrie 2018 \u0219i va continua p\u00e2n\u0103\u00een anul 2023.<\/p>\n\n\n\n<p>\u00cen cursul anului 2019, persoanele interesate au depus cereri la Direc\u021bia General\u0103 de Asisten\u021b\u0103 Social\u0103\u0219i Protec\u021bia Copilului Giurgiu iar cele care au \u00eendeplinit condi\u021biile prev\u0103zute delege pentru a deveni asisten\u021bi maternali profesioni\u0219ti au urmat cursuri de formare profesional\u0103. Dup\u0103 ob\u0163inerea atestatului de asistent maternal profesionist, atestat\nemis de c\u0103tre Comisia pentru Protec\u021bia Copilului Giurgiu, persoanele respective, \u00een num\u0103r de 25, au primit 27 copii \u00een plasament, acestea fiind angajate ca\nsalaria\u021bi ai D.G.A.S.P.C. Giurgiu la data instituirii\nplasamentului.<\/p>\n\n\n\n<p>\u201c<em>De la \u00eenceputul acestui an, o persoan\u0103 a fost deja\nangajat\u0103 ca asistent maternal profesionist, urm\u00e2nd ca p\u00e2n\u0103 la sf\u00e2r\u0219itul anului\n2020, alte 24 de persoane s\u0103 primeasc\u0103 \u00een plasament copii \u0219i s\u0103 fie angajate ca\nsalaria\u021bi ai D.G.A.S.P.C. Giurgiu. A\u0219adar, persoanele cu domiciliul sau\nre\u0219edin\u021ba \u00een jude\u021bul Giurgiu care doresc s\u0103 devin\u0103 <\/em><em>asisten\u0163i maternali profesioni\u015fti<\/em><em> pot\ndepune cereri la Direc\u021bia General\u0103 de <\/em><em>A<\/em><em>sisten\u021b\u0103 Social\u0103 \u0219i Protec\u021bia Copilului Giurgiu. <\/em><em>Dup\u0103 depunerea cererilor, este realizat\u0103 evaluarea solicitan\u0163ilor, \u00een\nvederea stabilirii capacit\u0103\u0163ii de a oferi \u00eengrijirea potrivit\u0103\ncopilulului\/copiilor pe care \u00eei vor primi \u00een plasament<\/em>\u201d, a declarat C\u0103t\u0103lin\nLupu, director general al D.G.A.S.P.C. Giurgiu.<\/p>\n\n\n\n<p>\u00cen vederea inform\u0103riipersoanelor care doresc s\u0103 devin\u0103 asisten\u021bi maternali profesioni\u0219ti, D.G.A.S.P.C. Giurgiu colaboreaz\u0103 cu autorit\u0103\u021bile locale din jude\u021b;urmeaz\u0103 ca pe parcusul\nanului s\u0103 se desf\u0103\u0219oare \u00eent\u00e2lniri, la nivelul comunelor \u0219i ora\u0219elor din jude\u021b, \u00een cadrul c\u0103rora persoanele\ninteresate s\u0103 poat\u0103 afla de la speciali\u0219tii Compartimentului Asisten\u021b\u0103\nMaternal\u0103 din cadrul D.G.A.S.P.C. Giurgiu informa\u021bii privind condi\u0163iile necesare pentru ob\u0163inereaatestatului de asistent maternal\nprofesionist.<\/p>\n\n\n\n<p>Extinderea re\u0163elei de asisten\u0163\u0103 maternal\u0103 din\njude\u021bul Giurgiu se face \u00een cadrul unui proiect cu\nfinan\u0163areeuropean\u0103- \u201eTEAM-UP: Progres \u00een\ncalitatea \u00eengrijirii alternative a copiilor\u201d.Proiectulvine \u00een sprijinul dezvolt\u0103rii \u0219i profesionaliz\u0103rii re\u021belei de asisten\u021b\u0103 maternal\u0103,care reprezint\u0103 una din cele mai bune op\u021biuni pentru asigurarea cre\u0219terii \u0219i \u00eengrijirii copiilor afla\u021bi \u00een sistemul de protec\u021bie special\u0103.<\/p>\n\n\n\n<p>Comunicat de pres\u0103- Denisa Cristescu, Consilier Rela\u0163ii cu Mass-Media-D.G.A.S.P.C..Giurgiu<\/p>\n","protected":false},"excerpt":{"rendered":"<p>Dup\u0103 ce, \u00een cursul anului 2019, au fost angaja\u021bi 25 de asisten\u021bi maternali profesioni\u0219ti, \u0219i \u00een acest an Direc\u0163ia General\u0103 de Asisten\u0163\u0103 Social\u0103 \u015fi Protec\u0163ia Copilului Giurgiu va angaja al\u021bi 25 de asisten\u0163i maternali profesioni\u015fti. \u00cen cadrul unui proiect cu finan\u021bare european\u0103, recrutarea persoanelor care doresc s\u0103 devin\u0103 asisten\u0163i maternali profesioni\u015fti a fost demarat\u0103 \u00een [&hellip;]<\/p>\n","protected":false},"author":1,"featured_media":64876,"comment_status":"open","ping_status":"open","sticky":false,"template":"","format":"standard","meta":{"slim_seo":{"title":"25 de asisten\u0163i maternali profesioni\u015fti vor fi angaja\u0163i, \u00een 2020, la Protec\u0163ia Copilului Giurgiu - GIURGIU NET","description":"Dup\u0103 ce, \u00een cursul anului 2019, au fost angaja\u021bi 25 de asisten\u021bi maternali profesioni\u0219ti, \u0219i \u00een acest an Direc\u0163ia General\u0103 de Asisten\u0163\u0103 Social\u0103 \u015fi Protec\u0163ia Cop"},"footnotes":""},"categories":[18,26,28],"tags":[892],"class_list":{"0":"post-70824","1":"post","2":"type-post","3":"status-publish","4":"format-standard","5":"has-post-thumbnail","7":"category-actual","8":"category-soc","9":"category-uo","10":"tag-dgaspc-giurgiu"},"_links":{"self":[{"href":"https:\/\/giurgiu-net.ro\/index.php\/wp-json\/wp\/v2\/posts\/70824","targetHints":{"allow":["GET"]}}],"collection":[{"href":"https:\/\/giurgiu-net.ro\/index.php\/wp-json\/wp\/v2\/posts"}],"about":[{"href":"https:\/\/giurgiu-net.ro\/index.php\/wp-json\/wp\/v2\/types\/post"}],"author":[{"embeddable":true,"href":"https:\/\/giurgiu-net.ro\/index.php\/wp-json\/wp\/v2\/users\/1"}],"replies":[{"embeddable":true,"href":"https:\/\/giurgiu-net.ro\/index.php\/wp-json\/wp\/v2\/comments?post=70824"}],"version-history":[{"count":0,"href":"https:\/\/giurgiu-net.ro\/index.php\/wp-json\/wp\/v2\/posts\/70824\/revisions"}],"wp:featuredmedia":[{"embeddable":true,"href":"https:\/\/giurgiu-net.ro\/index.php\/wp-json\/wp\/v2\/media\/64876"}],"wp:attachment":[{"href":"https:\/\/giurgiu-net.ro\/index.php\/wp-json\/wp\/v2\/media?parent=70824"}],"wp:term":[{"taxonomy":"category","embeddable":true,"href":"https:\/\/giurgiu-net.ro\/index.php\/wp-json\/wp\/v2\/categories?post=70824"},{"taxonomy":"post_tag","embeddable":true,"href":"https:\/\/giurgiu-net.ro\/index.php\/wp-json\/wp\/v2\/tags?post=70824"}],"curies":[{"name":"wp","href":"https:\/\/api.w.org\/{rel}","templated":true}]}}