{"id":70818,"date":"2020-01-17T07:53:43","date_gmt":"2020-01-17T05:53:43","guid":{"rendered":"http:\/\/giurgiu-net.ro\/?p=70818"},"modified":"2020-01-17T07:53:43","modified_gmt":"2020-01-17T05:53:43","slug":"pamflet-chemati-preotul-si-la-prefectura-sa-vina-si-cu-lumanare-si-cu-agheasma","status":"publish","type":"post","link":"https:\/\/giurgiu-net.ro\/index.php\/2020\/01\/17\/pamflet-chemati-preotul-si-la-prefectura-sa-vina-si-cu-lumanare-si-cu-agheasma\/","title":{"rendered":"PAMFLET: Chema\u0163i preotul (\u015fi) la Prefectur\u0103! S\u0103 vin\u0103 \u015fi cu lum\u00e2nare \u015fi cu agheasm\u0103!"},"content":{"rendered":"\n<p class=\"has-text-align-center\"><em><strong>Ini\u0163ial, am crezut c\u0103-i vreun titlu din Times New Roman sau Kamikaze, pe cuv\u00e2nt! :))) Dar, cic\u0103 e real\u0103 treaba!<\/strong><\/em><\/p>\n\n\n\n<p>\u201eDana Danciu o consiliaz\u0103 <strong>\u015fi<\/strong> pe prefecta Aneta Matei\u201d, scriu jurnali\u015ftii\nde la Giurgiu pe Surse \u015fi prima zi de lucru a \u015fefei de la OFL Giurgiu ar fi\nchiar azi.<\/p>\n\n\n\n<p>Am scris, a\u015fadar, articolul la prima or\u0103, ca s\u0103 aib\u0103 timp angaja\u0163ii s\u0103-\u015fi ia la ei icoane, cruci, agheasm\u0103( \u015fi dic\u0163ionarul limbii rom\u00e2ne), p\u00e2n\u0103 ajunge preotul la ei! \u015ei doamnele la serviciu&#8230;<\/p>\n\n\n\n<p>Pentru cine n-a auzit de Dana Danciu, facem\nun rezumat: pe so\u0163ul ei l-a descoperit Beianu pe Facebook \u015fi i-a b\u0103gat repede\n\u00een partid, la pachet. Mai repede dec\u00e2t PNL central l-a f\u0103cut mare pe Rare\u015f\nBogdan, \u00een detrimentul unor liberali cu rezultate, \u015fi mai repede dec\u00e2t USR l-a\n\u00eenghi\u0163it pe Moise Guran cu microfon cu tot. \u00cen acela\u015fi context.<\/p>\n\n\n\n<p>Dintr-o \u201evoce a so\u0163ului\u201d pe re\u0163ele de socializare, Danciu s-a v\u0103zut \u015fef\u0103 peste femeile din PNL Giurgiu. Este unilateral\u0103 chestia, c\u0103 cic\u0103 femeile din PNL n-ar vedea-o la fel&#8230; \u00cen fine. La prima strigare, Dana l-a tr\u0103dat pe Beianu \u015fi l-a luat \u00een bra\u0163e, politic vorbind pe Anton. Pentru c\u0103 n-a apucat s\u0103 urce pe scara ierarhic\u0103 din partid, l-a tr\u0103dat \u015fi pe Anton ca s\u0103-l pupe-n&#8230; scaun pe Dan Motreanu. <\/p>\n\n\n\n<p>Nu noi am zis, ci colegii domniei sale ne povestesc faptul c\u0103 \u015fedin\u0163ele cu ea ar fi un real deliciu. \u00cen sensul bun pentru ei, nu \u015fi pentru ea. Greu cu discursul, spun sursele noastre, greu cu gramatica(am \u015fi ar\u0103tat, de-a lungul vremii), greu cu mobilizarea la partid(se vede). Foarte u\u015for cu laudele de sine pe Facebook \u015fi bezelele so\u0163ului c\u0103tre Orban, dar la asta se pricepe oricine.<br \/> <\/p>\n\n\n\n<p>A\u015fadar, fra\u0163i giurgiuveni, ce dracului consiliere o s\u0103-i ofere tanti asta prefectei de la ALDE? <\/p>\n\n\n\n<p>O s\u0103-i \u0163in\u0103, prin so\u0163, pagina de Facebook? O\ns\u0103-\u015fi fac\u0103 selfie-uri \u00een birou, strig\u00e2ndu-\u015fi una alteia \u201elove u\u201d? O s\u0103 o cheme\n\u015fi pe \u015fefa de la APIA, cu titlul: \u201eGirs just wanna have fun?\u201d(<em>Fetele vor doar s\u0103 se distreze)<\/em><\/p>\n\n\n\n<p>O s-o sape la temelie, ca pe Beni &amp;Anton, poate-poate se pune ea prefect\u0103, p\u00e2n\u0103 nu cade Guvernul?<\/p>\n\n\n\n<p>Doamna Aneta, nu v\u0103 cunoa\u015ftem, f\u0103r\u0103\nsup\u0103rare, deci, cine v-a p\u0103c\u0103lit, doamn\u0103? Cine v-a consiliat, doamn\u0103, s\u0103 v\u0103\nconsilieze cealalt\u0103 doamn\u0103 de la PNL?<\/p>\n\n\n\n<p>Noi zicem s-o avansa\u0163i, de luni, s-o trimite\u0163i consiliera Raluc\u0103i Turcan, c\u0103 <strong>propagheaz\u0103 <\/strong>am\u00e2ndou\u0103 acelea\u015fi abera\u0163ii politice! <\/p>\n\n\n\n<p>Adic\u0103, dracu \u015ftie, poate tot Dana Danciu e consiliera \u015fi a vicepremierului \u015fi a premierului \u015fi a pre\u015fedintelui Iohannis, de \u0103\u015ftia le zic \u015fi le fac toate pe dos! <\/p>\n\n\n\n<p>Hai, Doamne-ajut\u0103 Prefectura Giurgiu!<\/p>\n\n\n\n<p>*Acesta este un pamflet ce trebuie tratat ca atare&#8230;<\/p>\n","protected":false},"excerpt":{"rendered":"<p>Ini\u0163ial, am crezut c\u0103-i vreun titlu din Times New Roman sau Kamikaze, pe cuv\u00e2nt! :))) Dar, cic\u0103 e real\u0103 treaba! \u201eDana Danciu o consiliaz\u0103 \u015fi pe prefecta Aneta Matei\u201d, scriu jurnali\u015ftii de la Giurgiu pe Surse \u015fi prima zi de lucru a \u015fefei de la OFL Giurgiu ar fi chiar azi. Am scris, a\u015fadar, articolul [&hellip;]<\/p>\n","protected":false},"author":1,"featured_media":70819,"comment_status":"open","ping_status":"open","sticky":false,"template":"","format":"standard","meta":{"slim_seo":{"title":"PAMFLET: Chema\u0163i preotul (\u015fi) la Prefectur\u0103! S\u0103 vin\u0103 \u015fi cu lum\u00e2nare \u015fi cu agheasm\u0103! - GIURGIU NET","description":"Ini\u0163ial, am crezut c\u0103-i vreun titlu din Times New Roman sau Kamikaze, pe cuv\u00e2nt! :))) Dar, cic\u0103 e real\u0103 treaba! \u201eDana Danciu o consiliaz\u0103 \u015fi pe prefecta Aneta M"},"footnotes":""},"categories":[18,23,25,28],"tags":[823],"class_list":{"0":"post-70818","1":"post","2":"type-post","3":"status-publish","4":"format-standard","5":"has-post-thumbnail","7":"category-actual","8":"category-pam","9":"category-pol","10":"category-uo","11":"tag-dana-danciu"},"_links":{"self":[{"href":"https:\/\/giurgiu-net.ro\/index.php\/wp-json\/wp\/v2\/posts\/70818","targetHints":{"allow":["GET"]}}],"collection":[{"href":"https:\/\/giurgiu-net.ro\/index.php\/wp-json\/wp\/v2\/posts"}],"about":[{"href":"https:\/\/giurgiu-net.ro\/index.php\/wp-json\/wp\/v2\/types\/post"}],"author":[{"embeddable":true,"href":"https:\/\/giurgiu-net.ro\/index.php\/wp-json\/wp\/v2\/users\/1"}],"replies":[{"embeddable":true,"href":"https:\/\/giurgiu-net.ro\/index.php\/wp-json\/wp\/v2\/comments?post=70818"}],"version-history":[{"count":0,"href":"https:\/\/giurgiu-net.ro\/index.php\/wp-json\/wp\/v2\/posts\/70818\/revisions"}],"wp:featuredmedia":[{"embeddable":true,"href":"https:\/\/giurgiu-net.ro\/index.php\/wp-json\/wp\/v2\/media\/70819"}],"wp:attachment":[{"href":"https:\/\/giurgiu-net.ro\/index.php\/wp-json\/wp\/v2\/media?parent=70818"}],"wp:term":[{"taxonomy":"category","embeddable":true,"href":"https:\/\/giurgiu-net.ro\/index.php\/wp-json\/wp\/v2\/categories?post=70818"},{"taxonomy":"post_tag","embeddable":true,"href":"https:\/\/giurgiu-net.ro\/index.php\/wp-json\/wp\/v2\/tags?post=70818"}],"curies":[{"name":"wp","href":"https:\/\/api.w.org\/{rel}","templated":true}]}}