{"id":70813,"date":"2020-01-16T18:48:49","date_gmt":"2020-01-16T16:48:49","guid":{"rendered":"http:\/\/giurgiu-net.ro\/?p=70813"},"modified":"2020-01-16T18:48:49","modified_gmt":"2020-01-16T16:48:49","slug":"deontologii-fara-rusine-e-si-ce-daca-au-zis","status":"publish","type":"post","link":"https:\/\/giurgiu-net.ro\/index.php\/2020\/01\/16\/deontologii-fara-rusine-e-si-ce-daca-au-zis\/","title":{"rendered":"&#8222;Deontologii&#8221; f\u0103r\u0103 ru\u015fine! E, \u015fi ce dac\u0103-au zis?!"},"content":{"rendered":"\n<p>Sunt \u015fi acum virale \u00een mediul online filmule\u0163e din emisiuni de-ale lui Rare\u015f Bogdan, \u00een care \u201edeontologul\u201d zis \u015fi Ruj Roz \u00eei trimitea pe PNL-i\u015fti \u201ela lada de gunoi a istoriei, la canal \u015fi la dracu\u2019\u201d, \u00eei numea \u201emar\u0163afoi\u201d \u015fi spunea c\u0103 sunt \u201eo ru\u015fine pentru Rom\u00e2nia\u201d. La fel de celebr\u0103 este \u015fi declara\u0163ia lui referitoare la \u201epoliticieni\u201d, reu\u015find, de fapt, s\u0103-\u015fi fac\u0103 un autoportret foarte reu\u015fit. <\/p>\n\n\n\n<figure class=\"wp-block-image size-full\"><img loading=\"lazy\" decoding=\"async\" width=\"600\" height=\"575\" src=\"https:\/\/giurgiu-net.ro\/wp-content\/uploads\/2020\/01\/01-Rares-Bogdan-.jpg\" alt=\"\" class=\"wp-image-70814\" srcset=\"https:\/\/giurgiu-net.ro\/wp-content\/uploads\/2020\/01\/01-Rares-Bogdan-.jpg 600w, https:\/\/giurgiu-net.ro\/wp-content\/uploads\/2020\/01\/01-Rares-Bogdan--300x288.jpg 300w\" sizes=\"auto, (max-width: 600px) 100vw, 600px\" \/><\/figure>\n\n\n\n<p>Pentru c\u0103, de\u015fi jura, cu ambele m\u00e2ini pe inim\u0103, c\u0103 nu are nicio inten\u0163ie s\u0103 intre \u00een politic\u0103, imediat ce a prins u\u015fa deschis\u0103, s-a \u015fi coco\u0163at c\u00e2t mai sus. Fix \u00een PNL. <\/p>\n\n\n\n<p>Ca s\u0103 nu r\u0103m\u00e2n\u0103 \u00een urm\u0103 la achizi\u0163ii de genul acesta, USR \u015fi-a g\u0103sit, la r\u00e2ndu-i, &#8222;mascota&#8221;. Pe Moise Guran, alt \u201edeontolog\u201d care scuipa \u00een s\u00e2n \u015fi \u00ee\u015fi f\u0103cea cruce c\u00e2nd auzea despre jurnali\u015fti intra\u0163i \u00een politic\u0103. <\/p>\n\n\n\n<p>Chiar o fi uitat cum tr\u00e2mbi\u0163a el pe Facebook faptul c\u0103 o asemenea mutare este \u201eo tr\u0103dare a publicului\u201d, o \u201eindecen\u0163\u0103\u201d fa\u0163\u0103 de meseria de jurnalist, fa\u0163\u0103 de sine, ca profesionist? Adev\u0103rul este c\u0103 Moise f\u0103cea referirire la #jurnali\u015fti, nu la portavoci ale PNL, respectiv USR.<\/p>\n\n\n\n<figure class=\"wp-block-image size-full\"><img loading=\"lazy\" decoding=\"async\" width=\"514\" height=\"231\" src=\"https:\/\/giurgiu-net.ro\/wp-content\/uploads\/2020\/01\/moise.jpg\" alt=\"\" class=\"wp-image-70815\" srcset=\"https:\/\/giurgiu-net.ro\/wp-content\/uploads\/2020\/01\/moise.jpg 514w, https:\/\/giurgiu-net.ro\/wp-content\/uploads\/2020\/01\/moise-300x135.jpg 300w\" sizes=\"auto, (max-width: 514px) 100vw, 514px\" \/><\/figure>\n\n\n\n<p>Deci, pe modelul &#8222;Ruj Roz&#8221;, Guran a calculat mai bine \u015fi i-a dat cu plus. Cu USR-PLUS. <\/p>\n\n\n\n<p>Frumos\nera s\u0103-\u015fi respecte propriul sfat \u015fi s\u0103 ia o pauz\u0103, c\u00e2\u0163iva ani, ca s\u0103 nu-l mai\nasocieze lumea cu ce f\u0103cea \u00eenainte. Nu de alta, dar cine o s\u0103-l mai cread\u0103 c\u00e2nd\nva promite ori va jura c\u0103 va face sau va drege?<\/p>\n\n\n\n<p>Pentru c\u0103, iat\u0103, de Rare\u015f Bogdan r\u00e2de toat\u0103 \u0163ara!<\/p>\n\n\n\n<p>Peni\u0163a Ascu\u0163it\u0103<\/p>\n","protected":false},"excerpt":{"rendered":"<p>Sunt \u015fi acum virale \u00een mediul online filmule\u0163e din emisiuni de-ale lui Rare\u015f Bogdan, \u00een care \u201edeontologul\u201d zis \u015fi Ruj Roz \u00eei trimitea pe PNL-i\u015fti \u201ela lada de gunoi a istoriei, la canal \u015fi la dracu\u2019\u201d, \u00eei numea \u201emar\u0163afoi\u201d \u015fi spunea c\u0103 sunt \u201eo ru\u015fine pentru Rom\u00e2nia\u201d. La fel de celebr\u0103 este \u015fi declara\u0163ia lui [&hellip;]<\/p>\n","protected":false},"author":1,"featured_media":70816,"comment_status":"open","ping_status":"open","sticky":false,"template":"","format":"standard","meta":{"slim_seo":{"title":"\"Deontologii\" f\u0103r\u0103 ru\u015fine! E, \u015fi ce dac\u0103-au zis?! - GIURGIU NET","description":"Sunt \u015fi acum virale \u00een mediul online filmule\u0163e din emisiuni de-ale lui Rare\u015f Bogdan, \u00een care \u201edeontologul\u201d zis \u015fi Ruj Roz \u00eei trimitea pe PNL-i\u015fti \u201ela lada de gu"},"footnotes":""},"categories":[18,20,23,25,28],"tags":[2025],"class_list":{"0":"post-70813","1":"post","2":"type-post","3":"status-publish","4":"format-standard","5":"has-post-thumbnail","7":"category-actual","8":"category-edit","9":"category-pam","10":"category-pol","11":"category-uo","12":"tag-pnl"},"_links":{"self":[{"href":"https:\/\/giurgiu-net.ro\/index.php\/wp-json\/wp\/v2\/posts\/70813","targetHints":{"allow":["GET"]}}],"collection":[{"href":"https:\/\/giurgiu-net.ro\/index.php\/wp-json\/wp\/v2\/posts"}],"about":[{"href":"https:\/\/giurgiu-net.ro\/index.php\/wp-json\/wp\/v2\/types\/post"}],"author":[{"embeddable":true,"href":"https:\/\/giurgiu-net.ro\/index.php\/wp-json\/wp\/v2\/users\/1"}],"replies":[{"embeddable":true,"href":"https:\/\/giurgiu-net.ro\/index.php\/wp-json\/wp\/v2\/comments?post=70813"}],"version-history":[{"count":0,"href":"https:\/\/giurgiu-net.ro\/index.php\/wp-json\/wp\/v2\/posts\/70813\/revisions"}],"wp:featuredmedia":[{"embeddable":true,"href":"https:\/\/giurgiu-net.ro\/index.php\/wp-json\/wp\/v2\/media\/70816"}],"wp:attachment":[{"href":"https:\/\/giurgiu-net.ro\/index.php\/wp-json\/wp\/v2\/media?parent=70813"}],"wp:term":[{"taxonomy":"category","embeddable":true,"href":"https:\/\/giurgiu-net.ro\/index.php\/wp-json\/wp\/v2\/categories?post=70813"},{"taxonomy":"post_tag","embeddable":true,"href":"https:\/\/giurgiu-net.ro\/index.php\/wp-json\/wp\/v2\/tags?post=70813"}],"curies":[{"name":"wp","href":"https:\/\/api.w.org\/{rel}","templated":true}]}}