{"id":70765,"date":"2020-01-14T09:32:31","date_gmt":"2020-01-14T07:32:31","guid":{"rendered":"http:\/\/giurgiu-net.ro\/?p=70765"},"modified":"2020-01-14T09:32:31","modified_gmt":"2020-01-14T07:32:31","slug":"pamflet-reforma-maxima-in-pnl-giurgiu-decat-deputatul-30-de-secunde-mai-bine-absentul-motreanu","status":"publish","type":"post","link":"https:\/\/giurgiu-net.ro\/index.php\/2020\/01\/14\/pamflet-reforma-maxima-in-pnl-giurgiu-decat-deputatul-30-de-secunde-mai-bine-absentul-motreanu\/","title":{"rendered":"PAMFLET: \u201eReform\u0103\u201d maxim\u0103 \u00een PNL Giurgiu&#8230; Dec\u00e2t deputatul \u201e30 de secunde\u201d, mai bine absentul Motreanu?"},"content":{"rendered":"\n<p>Colegii de la Giurgiu pe Surse au anun\u0163at, seara trecut\u0103, c\u0103 <strong><em>Dan Motreanu s-ar fi r\u0103zg\u00e2ndit \u015fi nu ar mai pleca de la \u015fefia PNL Giurgiu<\/em><\/strong>. Jurnali\u015ftii de la publica\u0163ia men\u0163ionat\u0103 spun c\u0103, \u00een acest sens, la Motreanu ar fi \u201einsistat\u201d at\u00e2t Ludovic Orban, c\u00e2t \u015fi mai mul\u0163i lideri PNL din teritoriu.<\/p>\n\n\n\n<p>Ce lovitur\u0103 mai mare ar putea fi pentru to\u0163i \u00eenfometa\u0163ii de \u015fefie dintr-o organiza\u0163ie \u00een care, oricum, pare c-au r\u0103mas numai \u201e\u015fefii\u201d? Niciuna.<\/p>\n\n\n\n<p>V\u0103 da\u0163i seama c\u0103 asta a fost un fel de:<strong> b\u0103, vai de capul vostru, niciunul dintre voi nu sunte\u0163i \u00een stare s\u0103 prelua\u0163i fr\u00e2iele PNL Giurgiu! <\/strong>Sunte\u0163i doar ni\u015fte yesmen, buni de sus\u0163inut \u00een campanie pe al\u0163ii, outsideri mereu. Sunte\u0163i ni\u015fte oameni politici mici, dar cu orgolii imense \u015fi care nu reu\u015fesc s\u0103 se \u00een\u0163eleag\u0103, s\u0103 formeze o echip\u0103, s\u0103 mai c\u00e2\u015ftige m\u0103car un tur de alegeri, s\u0103 aib\u0103 organiza\u0163ii \u00een tot jude\u0163ul, activit\u0103\u0163i etc&#8230;<\/p>\n\n\n\n<p>Nu, serios, \u0103sta pare a fi mesajul conducerii centrale a\nPNL c\u0103tre cei de la Giurgiu, nu vi se pare?<\/p>\n\n\n\n<p>Mam\u0103 \u015fi cum i-au tras-o(ne scuza\u0163i, dar nu ne-am putut ab\u0163ine!) lui <strong>Alexandru Andrei <\/strong>care, v\u0103 aminti\u0163i, ar fi umblat cu listu\u0163e prin jude\u0163, poate-poate str\u00e2nge c\u00e2teva ca s\u0103 fie m\u0103car nominalizat la func\u0163ia de pre\u015fedinte al PNL Giurgiu?<\/p>\n\n\n\n<p>Ce pumn \u00een plex i-au dat cu faza asta! Ce frumos l-au pus ei la locul lui, \u00eentr-un col\u0163i\u015for de unde s\u0103 fac\u0103 \u00een lini\u015fte stand-up comedy-ul lui specific&#8230; Ce ru\u015finos! Dac\u0103 eram \u00een locul lui, dup\u0103 treaba asta, ne-am fi dat demisia, z\u0103u \u015fi c\u0103utam repejor alt partid unde s\u0103 fie func\u0163ia de pre\u015fedinte vacant\u0103&#8230;<\/p>\n\n\n\n<p>P\u0103i, la valoarea lui, s\u0103 vin\u0103 Orban s\u0103 spun\u0103 c\u0103 mai bine tot Dan Motreanu care a f\u0103cut fix un drac pentru PNL Giurgiu, cu PNL Giurgiu, de c\u00e2nd a fost numit?<\/p>\n\n\n\n<p>Dar dna Danciu, v\u0103 da\u0163i seama? Cum era ea c\u00e2t pe ce s\u0103 fie? Costeleeee, ce f\u0103cur\u0103, m\u0103, \u0103\u015ftia, ai strigat degeaba? V\u0103leu, don posibil candidat la Prim\u0103rie M\u0103roiu, fir-ar!, ce aproape era\u0163i!<\/p>\n\n\n\n<p>C\u0103, asta e, dec\u00e2t voi, de-ai casei, mai bine absentul Motreanu?<\/p>\n\n\n\n<p>Nimeni n-o putea spune, prin asta, mai bine dec\u00e2t Orban:\nPNL Giurgiu e varz\u0103!<\/p>\n\n\n\n<p>A, nea Motrene, s\u0103 \u015ftii c\u0103 te a\u015fteapt\u0103 zile grele la Giurgiu, alea 4 pe an c\u00e2t le petreci aici! C\u0103, dac\u0103 ai intrat \u00een gura mare a \u0103stora, soarta lui Anton te pa\u015fte!<\/p>\n\n\n\n<p>Pariu?<\/p>\n\n\n\n<p><strong>Peni\u0163a Ascu\u0163it\u0103<\/strong><\/p>\n","protected":false},"excerpt":{"rendered":"<p>Colegii de la Giurgiu pe Surse au anun\u0163at, seara trecut\u0103, c\u0103 Dan Motreanu s-ar fi r\u0103zg\u00e2ndit \u015fi nu ar mai pleca de la \u015fefia PNL Giurgiu. Jurnali\u015ftii de la publica\u0163ia men\u0163ionat\u0103 spun c\u0103, \u00een acest sens, la Motreanu ar fi \u201einsistat\u201d at\u00e2t Ludovic Orban, c\u00e2t \u015fi mai mul\u0163i lideri PNL din teritoriu. Ce lovitur\u0103 mai [&hellip;]<\/p>\n","protected":false},"author":1,"featured_media":70766,"comment_status":"open","ping_status":"open","sticky":false,"template":"","format":"standard","meta":{"slim_seo":{"title":"PAMFLET: \u201eReform\u0103\u201d maxim\u0103 \u00een PNL Giurgiu... Dec\u00e2t deputatul \u201e30 de secunde\u201d, mai bine absentul Motreanu? - GIURGIU NET","description":"Colegii de la Giurgiu pe Surse au anun\u0163at, seara trecut\u0103, c\u0103 Dan Motreanu s-ar fi r\u0103zg\u00e2ndit \u015fi nu ar mai pleca de la \u015fefia PNL Giurgiu . Jurnali\u015ftii de la publi"},"footnotes":""},"categories":[18,23,25,28],"tags":[2027],"class_list":{"0":"post-70765","1":"post","2":"type-post","3":"status-publish","4":"format-standard","5":"has-post-thumbnail","7":"category-actual","8":"category-pam","9":"category-pol","10":"category-uo","11":"tag-pnl-giurgiu"},"_links":{"self":[{"href":"https:\/\/giurgiu-net.ro\/index.php\/wp-json\/wp\/v2\/posts\/70765","targetHints":{"allow":["GET"]}}],"collection":[{"href":"https:\/\/giurgiu-net.ro\/index.php\/wp-json\/wp\/v2\/posts"}],"about":[{"href":"https:\/\/giurgiu-net.ro\/index.php\/wp-json\/wp\/v2\/types\/post"}],"author":[{"embeddable":true,"href":"https:\/\/giurgiu-net.ro\/index.php\/wp-json\/wp\/v2\/users\/1"}],"replies":[{"embeddable":true,"href":"https:\/\/giurgiu-net.ro\/index.php\/wp-json\/wp\/v2\/comments?post=70765"}],"version-history":[{"count":0,"href":"https:\/\/giurgiu-net.ro\/index.php\/wp-json\/wp\/v2\/posts\/70765\/revisions"}],"wp:featuredmedia":[{"embeddable":true,"href":"https:\/\/giurgiu-net.ro\/index.php\/wp-json\/wp\/v2\/media\/70766"}],"wp:attachment":[{"href":"https:\/\/giurgiu-net.ro\/index.php\/wp-json\/wp\/v2\/media?parent=70765"}],"wp:term":[{"taxonomy":"category","embeddable":true,"href":"https:\/\/giurgiu-net.ro\/index.php\/wp-json\/wp\/v2\/categories?post=70765"},{"taxonomy":"post_tag","embeddable":true,"href":"https:\/\/giurgiu-net.ro\/index.php\/wp-json\/wp\/v2\/tags?post=70765"}],"curies":[{"name":"wp","href":"https:\/\/api.w.org\/{rel}","templated":true}]}}