{"id":70012,"date":"2019-11-18T09:26:05","date_gmt":"2019-11-18T07:26:05","guid":{"rendered":"http:\/\/giurgiu-net.ro\/?p=70012"},"modified":"2019-11-18T09:26:05","modified_gmt":"2019-11-18T07:26:05","slug":"inspiratia-de-luni-faraproduseromanesti","status":"publish","type":"post","link":"https:\/\/giurgiu-net.ro\/index.php\/2019\/11\/18\/inspiratia-de-luni-faraproduseromanesti\/","title":{"rendered":"InspiRa\u0163ia de Luni: #NuVorProduseRom\u00e2ne\u015fti"},"content":{"rendered":"\n<p class=\"wp-block-paragraph\">Nu mi\u015fca\u0163i, sta\u0163i \u00een repaus!<\/p>\n\n\n\n<p class=\"wp-block-paragraph\">Iat\u0103-apare&#8230; \u201eFanta Klaus\u201d!<\/p>\n\n\n\n<p class=\"wp-block-paragraph\">Galben, mut, dar plin de&#8230; bule,<\/p>\n\n\n\n<p class=\"wp-block-paragraph\">Ur\u0103-i curge prin celule.<\/p>\n\n\n\n<p class=\"wp-block-paragraph\">Umple pie\u0163e, aprozare;<\/p>\n\n\n\n<p class=\"wp-block-paragraph\">La el TOTU-i de v\u00e2nzare.<\/p>\n\n\n\n<p class=\"wp-block-paragraph\">S\u0103r\u0103cie \u015fi scandal-<\/p>\n\n\n\n<p class=\"wp-block-paragraph\">Ia \u201ecadoul\u201d liberal!<\/p>\n\n\n\n<figure class=\"wp-block-image\"><img decoding=\"async\" src=\"https:\/\/giurgiu-net.ro\/wp-content\/uploads\/2019\/11\/fanta-bun.jpg\" alt=\"\" class=\"wp-image-70013\"\/><\/figure>\n","protected":false},"excerpt":{"rendered":"<p>Nu mi\u015fca\u0163i, sta\u0163i \u00een repaus! Iat\u0103-apare&#8230; \u201eFanta Klaus\u201d! Galben, mut, dar plin de&#8230; bule, Ur\u0103-i curge prin celule. Umple pie\u0163e, aprozare; La el TOTU-i de v\u00e2nzare. S\u0103r\u0103cie \u015fi scandal- Ia \u201ecadoul\u201d liberal!<\/p>\n","protected":false},"author":1,"featured_media":70013,"comment_status":"open","ping_status":"open","sticky":false,"template":"","format":"standard","meta":{"slim_seo":{"title":"InspiRa\u0163ia de Luni: #NuVorProduseRom\u00e2ne\u015fti - GIURGIU NET","description":"Nu mi\u015fca\u0163i, sta\u0163i \u00een repaus! Iat\u0103-apare... \u201eFanta Klaus\u201d! Galben, mut, dar plin de... bule, Ur\u0103-i curge prin celule. Umple pie\u0163e, aprozare; La el TOTU-i de v\u00e2nz"},"footnotes":""},"categories":[18,23,25,28],"tags":[1490],"class_list":["post-70012","post","type-post","status-publish","format-standard","has-post-thumbnail","category-actual","category-pam","category-pol","category-uo","tag-klaus-iohannis"],"_links":{"self":[{"href":"https:\/\/giurgiu-net.ro\/index.php\/wp-json\/wp\/v2\/posts\/70012","targetHints":{"allow":["GET"]}}],"collection":[{"href":"https:\/\/giurgiu-net.ro\/index.php\/wp-json\/wp\/v2\/posts"}],"about":[{"href":"https:\/\/giurgiu-net.ro\/index.php\/wp-json\/wp\/v2\/types\/post"}],"author":[{"embeddable":true,"href":"https:\/\/giurgiu-net.ro\/index.php\/wp-json\/wp\/v2\/users\/1"}],"replies":[{"embeddable":true,"href":"https:\/\/giurgiu-net.ro\/index.php\/wp-json\/wp\/v2\/comments?post=70012"}],"version-history":[{"count":0,"href":"https:\/\/giurgiu-net.ro\/index.php\/wp-json\/wp\/v2\/posts\/70012\/revisions"}],"wp:attachment":[{"href":"https:\/\/giurgiu-net.ro\/index.php\/wp-json\/wp\/v2\/media?parent=70012"}],"wp:term":[{"taxonomy":"category","embeddable":true,"href":"https:\/\/giurgiu-net.ro\/index.php\/wp-json\/wp\/v2\/categories?post=70012"},{"taxonomy":"post_tag","embeddable":true,"href":"https:\/\/giurgiu-net.ro\/index.php\/wp-json\/wp\/v2\/tags?post=70012"}],"curies":[{"name":"wp","href":"https:\/\/api.w.org\/{rel}","templated":true}]}}