{"id":69653,"date":"2019-10-09T13:04:22","date_gmt":"2019-10-09T10:04:22","guid":{"rendered":"http:\/\/giurgiu-net.ro\/?p=69653"},"modified":"2019-10-09T13:04:22","modified_gmt":"2019-10-09T10:04:22","slug":"ministrul-economiei-intrevedere-cu-reprezentanti-ai-conducerii-ford-europa-au-fost-discutate-strategii-de-sustinere-si-dezvoltare-a-industriei-auto-din-romania","status":"publish","type":"post","link":"https:\/\/giurgiu-net.ro\/index.php\/2019\/10\/09\/ministrul-economiei-intrevedere-cu-reprezentanti-ai-conducerii-ford-europa-au-fost-discutate-strategii-de-sustinere-si-dezvoltare-a-industriei-auto-din-romania\/","title":{"rendered":"Ministrul Economiei, \u00eentrevedere cu reprezentan\u0163i ai conducerii Ford Europa: &#8222;Au fost discutate strategii de sus\u021binere si dezvoltare a industriei auto din Rom\u00e2nia&#8221;"},"content":{"rendered":"\n<p>Ministrul giurgiuvean al Economiei, Niculae B\u0103d\u0103l\u0103u, a postat pe pagina sa de Facebook, informa\u0163ii despre \u00eentrunirea de ast\u0103zi:<\/p>\n\n\n\n<p>&#8222;Am avut ast\u0103zi o \u00eentrevedere la sediul Ministerului Economiei cu domnul Andrew McCall \u2013 Vicepre\u0219edinte Rela\u021bii Guvernamentale \u0219i Comunitare Ford Europa. In cadrul int\u00e2lnirii au fost discutate strategii de sus\u021binere si dezvoltare a industriei auto din Rom\u00e2nia, cu prec\u0103dere rolul investitorului Ford \u00een Rom\u00e2nia \u0219i aportul acestuia la economia rom\u00e2neasc\u0103.<\/p>\n\n\n\n<p><em>Am subliniat faptul c\u0103 Rom\u00e2nia este un mediu cu oportunit\u0103\u021bi de noi investi\u021bii \u0219i de dezvoltare a proiectelor \u00een derulare. Ministerul Economiei dore\u0219te o colaborare c\u00e2t mai bun\u0103 \u0219i continu\u0103 cu Ford Rom\u00e2nia \u00een vederea dezvolt\u0103rii unei economii sustenabile<\/em>.<\/p>\n\n\n\n<p>Reprezentantul Ford, domnul Andrew McCall a apreciat sprijinul autorit\u0103\u021bilor rom\u00e2ne \u0219i totodat\u0103 a subliniat necesitatea cooper\u0103rii cu Ministerul Economiei \u00een urm\u0103toarea perioad\u0103, dat fiind contextul Brexitului si posibilele consecin\u021be asupra industriei auto. Marea Britanie reprezint\u0103 o pia\u021b\u0103 relevant\u0103 pentru industria auto av\u00e2nd \u00een vedere c\u0103 Rom\u00e2nia export\u0103 circa 20% din produc\u021bia intern\u0103 c\u0103tre Marea Britanie.<\/p>\n\n\n\n<p>Din partea Ford Rom\u00e2nia, doamna Andreea Radu \u2013 Director Rela\u021bii Guvernamentale Ford Romania \u0219i domnul Alexandru Vasiliu \u2013 Manager Rela\u021bii Juridice Ford Rom\u00e2nia, au f\u0103cut aprecieri referitoare la \u00eencurajarea for\u021bei de munc\u0103 si continuarea m\u0103surilor guvernamentale de sus\u021binere a angajatorilor&#8221;.<\/p>\n","protected":false},"excerpt":{"rendered":"<p>Ministrul giurgiuvean al Economiei, Niculae B\u0103d\u0103l\u0103u, a postat pe pagina sa de Facebook, informa\u0163ii despre \u00eentrunirea de ast\u0103zi: &#8222;Am avut ast\u0103zi o \u00eentrevedere la sediul Ministerului Economiei cu domnul Andrew McCall \u2013 Vicepre\u0219edinte Rela\u021bii Guvernamentale \u0219i Comunitare Ford Europa. In cadrul int\u00e2lnirii au fost discutate strategii de sus\u021binere si dezvoltare a industriei auto din Rom\u00e2nia, [&hellip;]<\/p>\n","protected":false},"author":1,"featured_media":69654,"comment_status":"open","ping_status":"open","sticky":false,"template":"","format":"standard","meta":{"slim_seo":{"title":"Ministrul Economiei, \u00eentrevedere cu reprezentan\u0163i ai conducerii Ford Europa: \"Au fost discutate strategii de sus\u021binere si dezvoltare a industriei auto din Rom\u00e2nia\" - GIURGIU NET","description":"Ministrul giurgiuvean al Economiei, Niculae B\u0103d\u0103l\u0103u, a postat pe pagina sa de Facebook, informa\u0163ii despre \u00eentrunirea de ast\u0103zi: \"Am avut ast\u0103zi o \u00eentrevedere la"},"footnotes":""},"categories":[18,19,22,28],"tags":[],"class_list":{"0":"post-69653","1":"post","2":"type-post","3":"status-publish","4":"format-standard","5":"has-post-thumbnail","7":"category-actual","8":"category-adm","9":"category-nt","10":"category-uo"},"_links":{"self":[{"href":"https:\/\/giurgiu-net.ro\/index.php\/wp-json\/wp\/v2\/posts\/69653","targetHints":{"allow":["GET"]}}],"collection":[{"href":"https:\/\/giurgiu-net.ro\/index.php\/wp-json\/wp\/v2\/posts"}],"about":[{"href":"https:\/\/giurgiu-net.ro\/index.php\/wp-json\/wp\/v2\/types\/post"}],"author":[{"embeddable":true,"href":"https:\/\/giurgiu-net.ro\/index.php\/wp-json\/wp\/v2\/users\/1"}],"replies":[{"embeddable":true,"href":"https:\/\/giurgiu-net.ro\/index.php\/wp-json\/wp\/v2\/comments?post=69653"}],"version-history":[{"count":0,"href":"https:\/\/giurgiu-net.ro\/index.php\/wp-json\/wp\/v2\/posts\/69653\/revisions"}],"wp:featuredmedia":[{"embeddable":true,"href":"https:\/\/giurgiu-net.ro\/index.php\/wp-json\/"}],"wp:attachment":[{"href":"https:\/\/giurgiu-net.ro\/index.php\/wp-json\/wp\/v2\/media?parent=69653"}],"wp:term":[{"taxonomy":"category","embeddable":true,"href":"https:\/\/giurgiu-net.ro\/index.php\/wp-json\/wp\/v2\/categories?post=69653"},{"taxonomy":"post_tag","embeddable":true,"href":"https:\/\/giurgiu-net.ro\/index.php\/wp-json\/wp\/v2\/tags?post=69653"}],"curies":[{"name":"wp","href":"https:\/\/api.w.org\/{rel}","templated":true}]}}