{"id":69580,"date":"2019-10-02T12:43:08","date_gmt":"2019-10-02T09:43:08","guid":{"rendered":"http:\/\/giurgiu-net.ro\/?p=69580"},"modified":"2019-10-02T12:43:08","modified_gmt":"2019-10-02T09:43:08","slug":"sa-va-fie-rusine-domnilor-deputati-de-giurgiu-toma-petcualde-si-alexandru-andreipnl-nu-ati-semnat-impotriva-psd-ci-a-romanilor-a-giurgiuvenilor","status":"publish","type":"post","link":"https:\/\/giurgiu-net.ro\/index.php\/2019\/10\/02\/sa-va-fie-rusine-domnilor-deputati-de-giurgiu-toma-petcualde-si-alexandru-andreipnl-nu-ati-semnat-impotriva-psd-ci-a-romanilor-a-giurgiuvenilor\/","title":{"rendered":"S\u0103 v\u0103 fie ru\u015fine, domnilor deputa\u0163i de Giurgiu Toma Petcu(ALDE) \u015fi Alexandru Andrei(PNL)! Nu a\u0163i semnat \u00eempotriva PSD, ci a rom\u00e2nilor, a giurgiuvenilor!"},"content":{"rendered":"\n<p><strong>S\u0103 v\u0103 fie\nru\u015fine, domnilor Petcu \u015fi Andrei<\/strong>, fa\u0163\u0103 de to\u0163i <em>giurgiuvenii<\/em> care au crezut \u00een voi, care v-au trimis \u00een Parlament\nca s\u0103 contribui\u0163i la <strong>\u00eembun\u0103t\u0103\u0163irea<\/strong>\nvie\u0163ii lor, nu ca s\u0103 face\u0163i jocuri politice!<\/p>\n\n\n\n<p>Ce\nle ve\u0163i spune, dac\u0103 li se vor t\u0103ia salariile sau pensiile? C\u0103 a\u015fa e mai bine,\nc\u0103 dac\u0103 au mai mult nu e s\u0103n\u0103tos, doamne fere\u015fte, ca s\u0103 nu se \u00eenve\u0163e?!<\/p>\n\n\n\n<p><strong>Domnule Petcu<\/strong>, a\u0163i fost <strong><em>ministru <\/em><\/strong>\u00een Guvernul PSD-ALDE, nu v-a tremurat m\u00e2na c\u00e2nd a\u0163i semnat acum mo\u0163iunea? Nu a\u0163i sim\u0163it c\u0103, de fapt, v\u0103 huli\u0163i singur? <\/p>\n\n\n\n<p> <strong>Domnule Alexandru Andrei<\/strong>, a\u0163i fost, p\u00e2n\u0103 acum c\u00e2teva luni, deputat din partea PSD \u015fi nu mai contenea\u0163i cu laudele la adresa Guvernului! Nu v-a tremurat m\u00e2na c\u00e2nd a\u0163i semnat mo\u0163iunea? Nu v\u0103 este, a\u015fa, m\u0103car jen\u0103 s\u0103 schimba\u0163i discursurile(\u015fi partidele) ca pe \u015fosete? Cine s\u0103 v\u0103 mai cread\u0103?! <\/p>\n\n\n\n<p><strong>S\u0103 v\u0103 fie ru\u015fine, domnilor Petcu \u015fi Andrei<\/strong>, fa\u0163\u0103 de <em>pensionarii <\/em>c\u0103rora le-a\u0163i promis venituri mai mari! Pe care \u00eei felicita\u0163i, de Ziua lor, pe Facebook, dar la care nu pare c\u0103 v\u0103 g\u00e2ndi\u0163i, c\u00e2nd sunt amenin\u0163a\u0163i c\u0103, dac\u0103 vine dreapta la Guvernare, toat\u0103 lumea trebuie s\u0103 dea \u00eenapoi ce-a primit\u2026<\/p>\n\n\n\n<p>Sunt\nb\u0103tr\u00e2nii no\u015ftri, domnilor Petcu \u015fi Andrei, oameni care au muncit toat\u0103 via\u0163a\nlor \u015fi care, \u00een ultimii ani, au beneficiat, prin m\u0103surile luate de Guvernul PSD\nde <strong><em>major\u0103ri\n<\/em><\/strong>semnificative! C\u00e2nd \u00eei \u201ciubi\u0163i\u201d, de fapt? C\u00e2nd le cere\u0163i votul sau c\u00e2nd\nsemna\u0163i PUR POLITIC mo\u0163iuni?<\/p>\n\n\n\n<p><strong>S\u0103 v\u0103 fie\nru\u015fine, domnilor Petcu \u015fi Andrei<\/strong>, fa\u0163\u0103 de to\u0163i <em>elevii \u015fi studen\u0163ii, fa\u0163\u0103 de angaja\u0163i \u015fi antreprenori<\/em>, \u00een fa\u0163a\nc\u0103rora v-a\u0163i plecat, pentru un vot, promi\u0163\u00e2ndu-le c\u0103 ve\u0163i face <strong>tot ce v\u0103 st\u0103 \u00een putin\u0163\u0103<\/strong> pentru BINELE\nLOR! Pentru BINELE LOR, domnilor deputa\u0163i, nu al dumneavoastr\u0103 sau al\npartidului pe care \u00eel reprezenta\u0163i!<\/p>\n\n\n\n<p><strong>S\u0103 v\u0103 fie ru\u015fine<\/strong> fa\u0163\u0103 de <em>medici \u015fi de profesori<\/em>, amenin\u0163a\u0163i \u015fi ei de PNL-i\u015fti cu \u201ccriza\u201d care (\u015ftiu ei, peneli\u015ftii, c\u0103) \u201csigur\u201d va veni, c\u0103 a\u015fa au mai justificat o dat\u0103 t\u0103ierile acelea cu 25% la toat\u0103 lumea!<\/p>\n\n\n\n<p><strong>S\u0103 v\u0103 fie ru\u015fine<\/strong> am\u00e2ndurora pentru c\u0103 a\u0163i semnat nu \u00eempotriva PSD, ci a milioanelor de rom\u00e2ni care vor \u015fi merit\u0103 s\u0103 aib\u0103 o via\u0163\u0103 bun\u0103, normal\u0103, cu munc\u0103 pl\u0103tit\u0103 bine, cu drepturi respectate, cu aloca\u0163ii mari, cu spitale moderne, cu drumuri moderne, cu \u015fcoli moderne!<\/p>\n\n\n\n<p>\u015ei s\u0103 \u015fti\u0163i c\u0103 giurgiuvenii <strong>NU<\/strong> uit\u0103 repede \u015fi chiar suntem curio\u015fi ce-o s\u0103 le mai promite\u0163i c\u00e2nd o s\u0103 le cere\u0163i iar\u0103\u015fi votul\u2026 <\/p>\n\n\n\n<p>C\u0103 noi \u015ftim exact ce v\u0103 vor r\u0103spunde!<\/p>\n\n\n\n<p><\/p>\n","protected":false},"excerpt":{"rendered":"<p>S\u0103 v\u0103 fie ru\u015fine, domnilor Petcu \u015fi Andrei, fa\u0163\u0103 de to\u0163i giurgiuvenii care au crezut \u00een voi, care v-au trimis \u00een Parlament ca s\u0103 contribui\u0163i la \u00eembun\u0103t\u0103\u0163irea vie\u0163ii lor, nu ca s\u0103 face\u0163i jocuri politice! Ce le ve\u0163i spune, dac\u0103 li se vor t\u0103ia salariile sau pensiile? C\u0103 a\u015fa e mai bine, c\u0103 dac\u0103 au [&hellip;]<\/p>\n","protected":false},"author":1,"featured_media":69581,"comment_status":"open","ping_status":"open","sticky":false,"template":"","format":"standard","meta":{"slim_seo":{"title":"S\u0103 v\u0103 fie ru\u015fine, domnilor deputa\u0163i de Giurgiu Toma Petcu(ALDE) \u015fi Alexandru Andrei(PNL)! Nu a\u0163i semnat \u00eempotriva PSD, ci a rom\u00e2nilor, a giurgiuvenilor! - GIURGIU NET","description":"S\u0103 v\u0103 fie ru\u015fine, domnilor Petcu \u015fi Andrei , fa\u0163\u0103 de to\u0163i giurgiuvenii care au crezut \u00een voi, care v-au trimis \u00een Parlament ca s\u0103 contribui\u0163i la \u00eembun\u0103t\u0103\u0163irea v"},"footnotes":""},"categories":[18,25,26,28],"tags":[],"class_list":{"0":"post-69580","1":"post","2":"type-post","3":"status-publish","4":"format-standard","5":"has-post-thumbnail","7":"category-actual","8":"category-pol","9":"category-soc","10":"category-uo"},"_links":{"self":[{"href":"https:\/\/giurgiu-net.ro\/index.php\/wp-json\/wp\/v2\/posts\/69580","targetHints":{"allow":["GET"]}}],"collection":[{"href":"https:\/\/giurgiu-net.ro\/index.php\/wp-json\/wp\/v2\/posts"}],"about":[{"href":"https:\/\/giurgiu-net.ro\/index.php\/wp-json\/wp\/v2\/types\/post"}],"author":[{"embeddable":true,"href":"https:\/\/giurgiu-net.ro\/index.php\/wp-json\/wp\/v2\/users\/1"}],"replies":[{"embeddable":true,"href":"https:\/\/giurgiu-net.ro\/index.php\/wp-json\/wp\/v2\/comments?post=69580"}],"version-history":[{"count":0,"href":"https:\/\/giurgiu-net.ro\/index.php\/wp-json\/wp\/v2\/posts\/69580\/revisions"}],"wp:featuredmedia":[{"embeddable":true,"href":"https:\/\/giurgiu-net.ro\/index.php\/wp-json\/"}],"wp:attachment":[{"href":"https:\/\/giurgiu-net.ro\/index.php\/wp-json\/wp\/v2\/media?parent=69580"}],"wp:term":[{"taxonomy":"category","embeddable":true,"href":"https:\/\/giurgiu-net.ro\/index.php\/wp-json\/wp\/v2\/categories?post=69580"},{"taxonomy":"post_tag","embeddable":true,"href":"https:\/\/giurgiu-net.ro\/index.php\/wp-json\/wp\/v2\/tags?post=69580"}],"curies":[{"name":"wp","href":"https:\/\/api.w.org\/{rel}","templated":true}]}}