{"id":69577,"date":"2019-10-02T10:46:34","date_gmt":"2019-10-02T07:46:34","guid":{"rendered":"http:\/\/giurgiu-net.ro\/?p=69577"},"modified":"2019-10-02T10:46:34","modified_gmt":"2019-10-02T07:46:34","slug":"atentie-giurgiuveni-program-prelungit-la-directia-de-evidenta-a-persoanelor","status":"publish","type":"post","link":"https:\/\/giurgiu-net.ro\/index.php\/2019\/10\/02\/atentie-giurgiuveni-program-prelungit-la-directia-de-evidenta-a-persoanelor\/","title":{"rendered":"Aten\u0163ie, giurgiuveni! Program prelungit la Direc\u0163ia de Eviden\u0163\u0103 a Persoanelor"},"content":{"rendered":"\n<p><strong><em>\u00a0\u00a0\u00a0\u00a0\u00a0\u00a0 Direc\u021bia de Eviden\u021b\u0103 a Persoanelor Giurgiu informeaz\u0103 cet\u0103\u021benii c\u0103, \u00eencep\u00e2nd cu data de 1 octombrie 2019, p\u00e2n\u0103 pe data de 1 noiembrie 2019 programul de joi pentru\u00a0depunerea documentelor \u00een vederea preschimb\u0103rii sau ob\u021binerii actelor de identitate a fost prelungit p\u00e2n\u0103 la ora 15:00.\u00a0 <\/em><\/strong><\/p>\n\n\n\n<p><strong><em>Totodat\u0103, \u00een perioada\n10 octombrie \u2013 9 noiembrie 2019, cet\u0103\u021benii vor avea la dispozi\u021bie un ghi\u0219eu\ndestinat exclusiv celor care vor s\u0103 ob\u021bin\u0103 vize de re\u0219edin\u021b\u0103. <\/em><\/strong><\/p>\n\n\n\n<p><strong><em>Astfel, \u00een\nperioada 1 octombrie \u2013 1 noiembrie 2019, programul de lucru al Direc\u021biei de\nEviden\u021b\u0103 a Persoanelor Giurgiu va fi urm\u0103torul:<\/em><\/strong><\/p>\n\n\n\n<p><strong><em>Primiri cereri:<\/em><\/strong><\/p>\n\n\n\n<ul class=\"wp-block-list\"><li><strong><em>Luni, mar\u021bi, miercuri,\nvineri: 08:30-13:00<\/em><\/strong><\/li><li><strong><em>Joi: 08:30-15:00<\/em><\/strong><\/li><\/ul>\n\n\n\n<p><strong><em>Eliber\u0103ri\ndocumente:<\/em><\/strong><\/p>\n\n\n\n<ul class=\"wp-block-list\"><li><strong><em>Luni, mar\u021bi, miercuri,\nvineri: 13:00-16:30<\/em><\/strong><\/li><li><strong><em>Joi: 13:00-18:30<\/em><\/strong><\/li><\/ul>\n\n\n\n<p><strong><em>Nu \u00een ultimul\nr\u00e2nd, \u00een s\u0103pt\u0103m\u00e2na premerg\u0103toare alegerilor preziden\u021biale , programul pentru\ndepunerea documentelor va fi prelungit p\u00e2n\u0103 la ora 16:00.<\/em><\/strong><\/p>\n\n\n\n<p><strong><em>Programul\nDirec\u021biei de Eviden\u021b\u0103 a Persoanelor \u00een perioada 04 \u2013 09 noiembrie 2019:<\/em><\/strong><\/p>\n\n\n\n<p><strong><em>Primiri\ndocumente<\/em><\/strong><\/p>\n\n\n\n<p><strong><em>Luni-vineri:\n08:30 \u2013 16:00<\/em><\/strong><\/p>\n\n\n\n<p><strong><em>Eliber\u0103ri\ndocumente:<\/em><\/strong><\/p>\n\n\n\n<p><strong><em>Luni, mar\u021bi,\nmiercuri, vineri:13:00-16:30<\/em><\/strong><\/p>\n\n\n\n<p><strong><em>Joi:13:00 &#8211;\n18:30<\/em><\/strong><\/p>\n","protected":false},"excerpt":{"rendered":"<p>\u00a0\u00a0\u00a0\u00a0\u00a0\u00a0 Direc\u021bia de Eviden\u021b\u0103 a Persoanelor Giurgiu informeaz\u0103 cet\u0103\u021benii c\u0103, \u00eencep\u00e2nd cu data de 1 octombrie 2019, p\u00e2n\u0103 pe data de 1 noiembrie 2019 programul de joi pentru\u00a0depunerea documentelor \u00een vederea preschimb\u0103rii sau ob\u021binerii actelor de identitate a fost prelungit p\u00e2n\u0103 la ora 15:00.\u00a0 Totodat\u0103, \u00een perioada 10 octombrie \u2013 9 noiembrie 2019, cet\u0103\u021benii vor [&hellip;]<\/p>\n","protected":false},"author":1,"featured_media":69578,"comment_status":"open","ping_status":"open","sticky":false,"template":"","format":"standard","meta":{"slim_seo":{"title":"Aten\u0163ie, giurgiuveni! Program prelungit la Direc\u0163ia de Eviden\u0163\u0103 a Persoanelor - GIURGIU NET","description":"\u00a0\u00a0\u00a0\u00a0\u00a0\u00a0 Direc\u021bia de Eviden\u021b\u0103 a Persoanelor Giurgiu informeaz\u0103 cet\u0103\u021benii c\u0103, \u00eencep\u00e2nd cu data de 1 octombrie 2019, p\u00e2n\u0103 pe data de 1 noiembrie 2019 programul de j"},"footnotes":""},"categories":[18,19,28],"tags":[],"class_list":{"0":"post-69577","1":"post","2":"type-post","3":"status-publish","4":"format-standard","5":"has-post-thumbnail","7":"category-actual","8":"category-adm","9":"category-uo"},"_links":{"self":[{"href":"https:\/\/giurgiu-net.ro\/index.php\/wp-json\/wp\/v2\/posts\/69577","targetHints":{"allow":["GET"]}}],"collection":[{"href":"https:\/\/giurgiu-net.ro\/index.php\/wp-json\/wp\/v2\/posts"}],"about":[{"href":"https:\/\/giurgiu-net.ro\/index.php\/wp-json\/wp\/v2\/types\/post"}],"author":[{"embeddable":true,"href":"https:\/\/giurgiu-net.ro\/index.php\/wp-json\/wp\/v2\/users\/1"}],"replies":[{"embeddable":true,"href":"https:\/\/giurgiu-net.ro\/index.php\/wp-json\/wp\/v2\/comments?post=69577"}],"version-history":[{"count":0,"href":"https:\/\/giurgiu-net.ro\/index.php\/wp-json\/wp\/v2\/posts\/69577\/revisions"}],"wp:featuredmedia":[{"embeddable":true,"href":"https:\/\/giurgiu-net.ro\/index.php\/wp-json\/"}],"wp:attachment":[{"href":"https:\/\/giurgiu-net.ro\/index.php\/wp-json\/wp\/v2\/media?parent=69577"}],"wp:term":[{"taxonomy":"category","embeddable":true,"href":"https:\/\/giurgiu-net.ro\/index.php\/wp-json\/wp\/v2\/categories?post=69577"},{"taxonomy":"post_tag","embeddable":true,"href":"https:\/\/giurgiu-net.ro\/index.php\/wp-json\/wp\/v2\/tags?post=69577"}],"curies":[{"name":"wp","href":"https:\/\/api.w.org\/{rel}","templated":true}]}}