{"id":69569,"date":"2019-10-01T11:00:57","date_gmt":"2019-10-01T08:00:57","guid":{"rendered":"http:\/\/giurgiu-net.ro\/?p=69569"},"modified":"2019-10-01T11:00:57","modified_gmt":"2019-10-01T08:00:57","slug":"recitificare-bugetara-la-judet-bani-pentru-sanatate-asistenta-sociala-si-infrastructura-rutiera","status":"publish","type":"post","link":"https:\/\/giurgiu-net.ro\/index.php\/2019\/10\/01\/recitificare-bugetara-la-judet-bani-pentru-sanatate-asistenta-sociala-si-infrastructura-rutiera\/","title":{"rendered":"Rectificare bugetar\u0103 la jude\u0163. Bani pentru s\u0103n\u0103tate, asisten\u0163\u0103 social\u0103 \u015fi infrastructur\u0103 rutier\u0103"},"content":{"rendered":"\n<p>\u00cen \u015fedin\u0163a ordinar\u0103 de luni, 30 septembrie, consilierii jude\u0163eni giurgiuveni au adoptat un proiect de hot\u0103r\u00e2re privind rectificarea bugetului Consiliului Jude\u0163ean Giurgiu.<\/p>\n\n\n\n<p>Astfel, au fost alocate suplimentar, prin redistribuire,\nsume pentru mai multe proiecte.<\/p>\n\n\n\n<p>\u00cen primul r\u00e2nd, va fi cofinan\u0163at proiectul \u201eNoduri bine\nconectate Giurgiu-Borovo la re\u0163eaua de transport TEN-T\u201d, c\u00e2\u015ftigat \u00een cadrul\nProgramului Interreg V-A Rom\u00e2nia Bulgaria 2014-2020.<\/p>\n\n\n\n<p>Principala activitate este aceea de execu\u0163ie lucr\u0103ri la obiectivul de investi\u0163ii <em><strong>\u201eModernizare DJ 601 Bolintin Vale-Malu Spart- DN 61\u201d<\/strong><\/em>. Se urm\u0103re\u015fte modernizarea a aproape 8 kilometri de drum jude\u0163ean, investi\u0163ia deservind peste 20.000 de persoane, iar valoarea total\u0103 a proiectului este de 11,637 mii lei.<\/p>\n\n\n\n<p>Totodat\u0103, a fost suplimentat bugetul de venituri \u015fi cheltuieli al Direc\u0163iei Generale de Asisten\u0163\u0103 Social\u0103 \u015fi Protec\u0163ia Copilului Giurgiu cu 372 de mii lei pentru implementarea proiectului <em><strong>\u201eVenus- \u00cempreun\u0103 pentru o via\u0163\u0103 \u00een siguran\u0163\u0103\u201d<\/strong><\/em>, proiect cofinanat din Fondul Social European.<\/p>\n\n\n\n<p>\u015ei bugetul <strong>Spitalului Jude\u0163ean de Urgen\u0163\u0103 Giurgiu <\/strong>a fost suplimentat cu 24 de mii lei pentru realizarea proiectului tehnic privind centrala fotovoltaic\u0103 \u015fi lucr\u0103ri de execu\u0163ie, remediere, repunere \u00een func\u0163iune a centralei fotovoltaice \u015fi integrare \u00een circut a energiei verde la Sec\u0163ia de la Vadu Lat.<\/p>\n\n\n\n<p>\u201e\u00cen programul de investi\u0163ii pe anul 2019 al Consiliului\nJude\u0163ean Giurgiu sunt cuprinse dou\u0103 investi\u0163ii ce vizeaz\u0103 \u00eembun\u0103t\u0103\u0163irea st\u0103rii\nde viabilitate a DJ 412 A<em>: Reabilitare DJ\n412 A, Ogrezeni-Malu Spart \u015fi DJ 412 A Aduna\u0163ii Cop\u0103ceni-D\u0103r\u0103\u015fti-Vla\u015fca-Novaci-\nPope\u015fti-Mih\u0103ile\u015fti<\/em>.<\/p>\n\n\n\n<p>\u00cen scopul \u00eembun\u0103t\u0103\u0163irii st\u0103rii de viabilitate \u015fi a sectoarelor de drum jude\u0163ean situate \u00eentre cele dou\u0103 tronsoane, \u00een programul de investi\u0163ii pe 2019 se include \u015fi proiectarea pentru obiectivul de investi\u0163ii: <em><strong>Reabilitare DJ 412 A Mih\u0103ile\u015fti-Ogrezeni,<\/strong><\/em> suma alocat\u0103 fiind de 162 de mii de lei.<\/p>\n\n\n\n<p>\u00cen plus, pentru \u00eembun\u0103t\u0103\u0163irea st\u0103rii de viabilitate a DJ 401, se include \u00een acela\u015fi program proiectarea privind <strong>reabilitarea DJ 401 limit\u0103 jude\u0163 Ilfov-Dobreni-V\u0103r\u0103\u015fti-Valea Dragului- Here\u015fti-Hotarele(DN 5 A)<\/strong>, suma alocat\u0103 fiind de 168 mii lei\u201d, se arat\u0103 \u00een referatul de aprobare al proiectului de hot\u0103r\u00e2re adoptat cu unanimitate de voturi.<\/p>\n","protected":false},"excerpt":{"rendered":"<p>\u00cen \u015fedin\u0163a ordinar\u0103 de luni, 30 septembrie, consilierii jude\u0163eni giurgiuveni au adoptat un proiect de hot\u0103r\u00e2re privind rectificarea bugetului Consiliului Jude\u0163ean Giurgiu. Astfel, au fost alocate suplimentar, prin redistribuire, sume pentru mai multe proiecte. \u00cen primul r\u00e2nd, va fi cofinan\u0163at proiectul \u201eNoduri bine conectate Giurgiu-Borovo la re\u0163eaua de transport TEN-T\u201d, c\u00e2\u015ftigat \u00een cadrul Programului Interreg [&hellip;]<\/p>\n","protected":false},"author":1,"featured_media":69570,"comment_status":"open","ping_status":"open","sticky":false,"template":"","format":"standard","meta":{"slim_seo":{"title":"Rectificare bugetar\u0103 la jude\u0163. Bani pentru s\u0103n\u0103tate, asisten\u0163\u0103 social\u0103 \u015fi infrastructur\u0103 rutier\u0103 - GIURGIU NET","description":"\u00cen \u015fedin\u0163a ordinar\u0103 de luni, 30 septembrie, consilierii jude\u0163eni giurgiuveni au adoptat un proiect de hot\u0103r\u00e2re privind rectificarea bugetului Consiliului Jude\u0163e"},"footnotes":""},"categories":[18,19,28],"tags":[606],"class_list":{"0":"post-69569","1":"post","2":"type-post","3":"status-publish","4":"format-standard","5":"has-post-thumbnail","7":"category-actual","8":"category-adm","9":"category-uo","10":"tag-cj-giurgiu"},"_links":{"self":[{"href":"https:\/\/giurgiu-net.ro\/index.php\/wp-json\/wp\/v2\/posts\/69569","targetHints":{"allow":["GET"]}}],"collection":[{"href":"https:\/\/giurgiu-net.ro\/index.php\/wp-json\/wp\/v2\/posts"}],"about":[{"href":"https:\/\/giurgiu-net.ro\/index.php\/wp-json\/wp\/v2\/types\/post"}],"author":[{"embeddable":true,"href":"https:\/\/giurgiu-net.ro\/index.php\/wp-json\/wp\/v2\/users\/1"}],"replies":[{"embeddable":true,"href":"https:\/\/giurgiu-net.ro\/index.php\/wp-json\/wp\/v2\/comments?post=69569"}],"version-history":[{"count":0,"href":"https:\/\/giurgiu-net.ro\/index.php\/wp-json\/wp\/v2\/posts\/69569\/revisions"}],"wp:featuredmedia":[{"embeddable":true,"href":"https:\/\/giurgiu-net.ro\/index.php\/wp-json\/"}],"wp:attachment":[{"href":"https:\/\/giurgiu-net.ro\/index.php\/wp-json\/wp\/v2\/media?parent=69569"}],"wp:term":[{"taxonomy":"category","embeddable":true,"href":"https:\/\/giurgiu-net.ro\/index.php\/wp-json\/wp\/v2\/categories?post=69569"},{"taxonomy":"post_tag","embeddable":true,"href":"https:\/\/giurgiu-net.ro\/index.php\/wp-json\/wp\/v2\/tags?post=69569"}],"curies":[{"name":"wp","href":"https:\/\/api.w.org\/{rel}","templated":true}]}}