{"id":69553,"date":"2019-09-30T13:29:21","date_gmt":"2019-09-30T10:29:21","guid":{"rendered":"http:\/\/giurgiu-net.ro\/?p=69553"},"modified":"2019-09-30T13:29:21","modified_gmt":"2019-09-30T10:29:21","slug":"audio-scandal-la-nivel-inalt-cuc-striga-la-altii-ca-au-umplut-guvernul-de-amante-iar-el-si-ar-fi-angajat-amanta-gravida-la-tarom-lumeapolitica-ro-sefa-portului-constant","status":"publish","type":"post","link":"https:\/\/giurgiu-net.ro\/index.php\/2019\/09\/30\/audio-scandal-la-nivel-inalt-cuc-striga-la-altii-ca-au-umplut-guvernul-de-amante-iar-el-si-ar-fi-angajat-amanta-gravida-la-tarom-lumeapolitica-ro-sefa-portului-constant\/","title":{"rendered":"SCANDAL LA NIVEL \u00ceNALT! CUC strig\u0103 la al\u0163ii c\u0103 au \u201cumplut\u201d institu\u0163iile de amante, iar el \u015fi-ar fi angajat amanta gravid\u0103 la Tarom! LUMEAPOLITIC\u0102.RO: \u201c\u015eefa portului Constan\u021ba \u00eel c\u0103l\u0103re\u0219te pe Cuc \u0219i-\u0219i ridic\u0103 fusti\u021ba!\u201d"},"content":{"rendered":"\n<p>\u00cen\naugust, anul acesta, ministrul Transporturilor, R\u0103zvan Cuc, f\u0103cea \u201cvaluri\u201d \u00een\npresa na\u0163ional\u0103 cu o declara\u0163ie referitoare la \u201cpilele\u201d \u015fi \u201camantele\u201d din\nGuvern. Nu a precizat, desigur, la ale cui se referea\u2026<\/p>\n\n\n\n<p><em>\u201eSe impune o restructurare masiv\u0103 \u00een toate companiile din\nminister. Filtrul \u00eel va face managementul. Dac\u0103 nu sunt \u00een stare s\u0103 fac\u0103\nfiltrul, atunci o s\u0103 \u00eencerc\u0103m prin Adunarea General\u0103 a Ac\u0163ionarilor\u2026.Managerii,\n\u00een general, vor s\u0103 aib\u0103 rezultate. <strong>Cu\npile, amante, nepoate, nepotisme nu po\u0163i s\u0103 generezi plus valoare \u015fi o valoare\nad\u0103ugat\u0103<\/strong>\u201d<\/em>, declara atunci ministrul Transporturilor,\nfiind taxat de mai mul\u0163i colegi din politic\u0103 pentru declara\u0163ia sa.<\/p>\n\n\n\n<p>Dup\u0103 doar c\u00e2teva luni, afl\u0103m c\u0103, de fapt, Cuc\nuna zice- despre al\u0163ii- \u015fi alta ar face.<\/p>\n\n\n\n<p>Curentul.ro a publicat, ast\u0103zi, un articol incendiar, cu un clip audio ce surprinde o discu\u0163ie \u00eentre presupusa amant\u0103 a lui Orlando Teodorovici \u015fi cumnata ministrului, Dana Costache- preluare din <strong>PutereaPolitic\u0103.ro.<\/strong><\/p>\n\n\n\n<figure class=\"wp-block-image\"><img decoding=\"async\" src=\"https:\/\/giurgiu-net.ro\/wp-content\/uploads\/2019\/09\/cuc-3.jpg\" alt=\"\" class=\"wp-image-69560\"\/><\/figure>\n\n\n\n<p>Cele dou\u0103 <em>\u201cpoart\u0103 o discu\u021bie \u201eelevat\u0103\u201d nu despre viitorul Rom\u00e2niei, ci despre curv\u0103s\u0103ria din guvern, \u00eenregistrare prezentat\u0103 de lumeapolitic\u0103.ro: (\u2026) fetele o iau la tocat pe <\/em><strong><em>Daniela \u0218erban<\/em><\/strong><em>, <\/em><strong><em>directoarea general\u0103 a Portului Constan\u021ba<\/em><\/strong><em>. Despre \u0218erban, care are 51 de ani \u0219i a absolvit \u00een 1986 un liceu industrial \u0219i mai la b\u0103tr\u00e2ne\u021be o facultate, cele dou\u0103 (\u2026) spun c\u0103 \u0219i-ar ridica fusti\u021ba atunci c\u00e2nd are un interes. (\u2026) <\/em><\/p>\n\n\n\n<p>(\u2026) <\/p>\n\n\n\n<p><em>Loredana Constantin poveste\u0219te cum l-a \u201ev\u00e2nat\u201d Daniela \u0218erban pe ministrul Cuc la un eveniment.  Tot din \u00eenregistrare afl\u0103m c\u0103 <\/em><strong><em>ministrul Cuc a angajat-o pe amanta gravid\u0103 la TAROM.  Compania se afl\u0103 \u00een subordinea Ministerului Transporturilor<\/em><\/strong><em>, dar ministrul a avut nevoie de un anume M\u0103rg\u0103rit pentru a rezolva problema\u201d<\/em> &#8211; text preluat din Curentul.ro. Articolul cu AUDIO <a rel=\"noreferrer noopener\" aria-label=\"AICI (se deschide \u00eentr-o fil\u0103 nou\u0103)\" href=\"https:\/\/www.curentul.info\/actualitate\/audio-despre-curvasaria-din-guvern-razvan-cuc-si-a-angajat-amanta-gravida-la-tarom-sefa-portului-constanta-il-calareste-pe-cuc-si-si-ridica-fustita\/?fbclid=IwAR3sFaPKhOTYqP61b9G8xSwRrCYKlu2Z8y5WiMY7Pf2UJWQLp8SU0vPVby4\" target=\"_blank\">AICI<\/a><\/p>\n\n\n\n<p>Iat\u0103 \u015fi transcrierea discu\u0163iei ce \u00eel vizeaz\u0103 pe \u201cmoralistul\u201d Cuc:<\/p>\n\n\n\n<p>\u201c-\n<strong><em>Venise<\/em><\/strong><em> cu Cuc(Daniela \u015eerban, n.r.) \u015fi era c\u0103lare\npe Cuc, s\u0103-l vr\u0103jeasc\u0103, s\u0103-l abureasc\u0103 \u015fi zicea c\u0103\u2026, p\u00e2n\u0103 s\u0103 vin\u0103 Cuc, c\u0103 ea\nl-a c\u00e2\u015ftigat\u2026 Da\u2019<\/em><em> \u015ftii c\u0103 e director general \u00een Port, la Port Constan\u0163a&#8230;<\/em><\/p>\n\n\n\n<p><em>&#8211;<strong>\u015etiu.<\/strong>..<\/em><\/p>\n\n\n\n<p><em>&#8211;<strong>\u015ei l-a vr\u0103jit pe Cuc<\/strong> \u015fi nu \u015ftiu ce \u015fi era toat\u0103 peste Cuc. \u0102sta se tot a\u015fa, se nu \u015ftiu ce, c\u0103 el credea c\u0103 vine Eugen, dar Eugen a venit pe la 1 noaptea&#8230; \u015fi a plecat. \u015ei, \u0103\u0103\u0103, ca s\u0103 aflu c\u0103, <strong>de fapt, \u0103sta(Cuc, n.r.) e cu una care-i gravid\u0103<\/strong>. <strong>Pe care a angajat-o la Tarom so\u0163u<\/strong><\/em><strong><em>\u2019\u2026 <\/em><\/strong><strong><em>\u0103steia, al Adrianei<\/em><\/strong><em>. Asta e D\u0103nu\u0163a, ca s\u0103 ne \u00een\u0163elegem, c\u00e2nd are interes, \u00ee\u015fi ridic\u0103 fusta\u201d.<\/em><\/p>\n\n\n\n<p>Acum, normal, fiecare face ce vrea cu via\u0163a lui, poate s\u0103\naib\u0103 c\u00e2te iubite sau iubi\u0163i dore\u015fte, dar <strong>acas\u0103\nla el<\/strong>! Nu se poate ca, \u00een calitate de ministru, s\u0103 te ba\u0163i cu pumnii-n\npiept c\u0103 faci tu ordine \u015fi cure\u0163i guvernul de amantele altora \u015fi s\u0103 apar\u0103 \u00een\npres\u0103 a\u015fa ceva! <\/p>\n\n\n\n<p>\u015eti\u0163i cum sun\u0103 asta? Exact: ca \u015fi cum le-ar fi f\u0103cut loc alor lui&#8230; <\/p>\n\n\n\n<p>Nu de alta, dar surse de \u00eencredere ne-au furnizat informa\u0163ia c\u0103 inclusiv la Agen\u0163ia de Control \u015fi \u00cencasare Giurgiu, \u015fef de tur\u0103 urmeaz\u0103 s\u0103 fie numit\u0103 mama unei stewardese focoase(Denisa C.- foto jos) \u015fi p\u0103tima\u015fe, despre care apropia\u0163ii sus\u0163in c\u0103 ar avea o leg\u0103tur\u0103 foarte, foarte str\u00e2ns\u0103 cu acela\u015fi ministru Cuc.<\/p>\n\n\n\n<figure class=\"wp-block-image\"><img decoding=\"async\" src=\"https:\/\/giurgiu-net.ro\/wp-content\/uploads\/2019\/09\/denisa.jpg\" alt=\"\" class=\"wp-image-69554\"\/><\/figure>\n\n\n\n<p>P\u0103i, ce facem aici, domnule ministru?! Facem autostr\u0103zi, c\u0103i ferate, metrou, avioane sau doar locuri c\u0103ldu\u0163e pentru feti\u0163e dulci? A\u015ftept\u0103m un r\u0103spuns b\u0103rb\u0103tesc, desigur!<\/p>\n\n\n\n<p>Noi \u015ftim c\u0103&#8230; tinere\u0163e, c\u0103 s\u00e2nge proasp\u0103t, pasiuni \u015fi interes nesperat, dar nu prin institu\u0163iile unde ar trebui s\u0103 avem profesioni\u015fti! C\u0103 \u015fi de aia suntem unde suntem!<\/p>\n\n\n\n<p>\u015ei degeaba rupe\u0163i contracte \u00een fa\u0163a camerelor video \u015fi degeaba urla\u0163i la al\u0163ii c\u0103 au amante angajate pe nu \u015ftim pe unde. Azi, Rom\u00e2nia s-a convins \u00eenc\u0103 o dat\u0103 c\u0103 nu \u00eentotdeauna oamenii \u015fi sunt ceea ce vor s\u0103 par\u0103&#8230;<\/p>\n\n\n\n<p>Redac\u0163ia<\/p>\n","protected":false},"excerpt":{"rendered":"<p>\u00cen august, anul acesta, ministrul Transporturilor, R\u0103zvan Cuc, f\u0103cea \u201cvaluri\u201d \u00een presa na\u0163ional\u0103 cu o declara\u0163ie referitoare la \u201cpilele\u201d \u015fi \u201camantele\u201d din Guvern. Nu a precizat, desigur, la ale cui se referea\u2026 \u201eSe impune o restructurare masiv\u0103 \u00een toate companiile din minister. Filtrul \u00eel va face managementul. Dac\u0103 nu sunt \u00een stare s\u0103 fac\u0103 filtrul, [&hellip;]<\/p>\n","protected":false},"author":1,"featured_media":69555,"comment_status":"open","ping_status":"open","sticky":false,"template":"","format":"standard","meta":{"slim_seo":{"title":"SCANDAL LA NIVEL \u00ceNALT! CUC strig\u0103 la al\u0163ii c\u0103 au \u201cumplut\u201d institu\u0163iile de amante, iar el \u015fi-ar fi angajat amanta gravid\u0103 la Tarom! LUMEAPOLITIC\u0102.RO: \u201c\u015eefa portului Constan\u021ba \u00eel c\u0103l\u0103re\u0219te pe Cuc \u0219i-\u0219i ridic\u0103 fusti\u021ba!\u201d - GIURGIU NET","description":"\u00cen august, anul acesta, ministrul Transporturilor, R\u0103zvan Cuc, f\u0103cea \u201cvaluri\u201d \u00een presa na\u0163ional\u0103 cu o declara\u0163ie referitoare la \u201cpilele\u201d \u015fi \u201camantele\u201d din Guver"},"footnotes":""},"categories":[18,31,24,25],"tags":[2290],"class_list":{"0":"post-69553","1":"post","2":"type-post","3":"status-publish","4":"format-standard","5":"has-post-thumbnail","7":"category-actual","8":"category-mon","9":"category-ps","10":"category-pol","11":"tag-razvan-cuc"},"_links":{"self":[{"href":"https:\/\/giurgiu-net.ro\/index.php\/wp-json\/wp\/v2\/posts\/69553","targetHints":{"allow":["GET"]}}],"collection":[{"href":"https:\/\/giurgiu-net.ro\/index.php\/wp-json\/wp\/v2\/posts"}],"about":[{"href":"https:\/\/giurgiu-net.ro\/index.php\/wp-json\/wp\/v2\/types\/post"}],"author":[{"embeddable":true,"href":"https:\/\/giurgiu-net.ro\/index.php\/wp-json\/wp\/v2\/users\/1"}],"replies":[{"embeddable":true,"href":"https:\/\/giurgiu-net.ro\/index.php\/wp-json\/wp\/v2\/comments?post=69553"}],"version-history":[{"count":0,"href":"https:\/\/giurgiu-net.ro\/index.php\/wp-json\/wp\/v2\/posts\/69553\/revisions"}],"wp:featuredmedia":[{"embeddable":true,"href":"https:\/\/giurgiu-net.ro\/index.php\/wp-json\/"}],"wp:attachment":[{"href":"https:\/\/giurgiu-net.ro\/index.php\/wp-json\/wp\/v2\/media?parent=69553"}],"wp:term":[{"taxonomy":"category","embeddable":true,"href":"https:\/\/giurgiu-net.ro\/index.php\/wp-json\/wp\/v2\/categories?post=69553"},{"taxonomy":"post_tag","embeddable":true,"href":"https:\/\/giurgiu-net.ro\/index.php\/wp-json\/wp\/v2\/tags?post=69553"}],"curies":[{"name":"wp","href":"https:\/\/api.w.org\/{rel}","templated":true}]}}