{"id":69544,"date":"2019-09-29T09:25:27","date_gmt":"2019-09-29T06:25:27","guid":{"rendered":"http:\/\/giurgiu-net.ro\/?p=69544"},"modified":"2019-09-29T09:25:27","modified_gmt":"2019-09-29T06:25:27","slug":"inspiratia-de-duminica-nu-conteaza-cate-n-s-in-nume-important-e-sa-vaaburesc","status":"publish","type":"post","link":"https:\/\/giurgiu-net.ro\/index.php\/2019\/09\/29\/inspiratia-de-duminica-nu-conteaza-cate-n-s-in-nume-important-e-sa-vaaburesc\/","title":{"rendered":"InspiRa\u0163ia de Duminic\u0103: Nu conteaz\u0103 c\u00e2te &#8222;n&#8221;-s \u00een nume, important e s\u0103 v\u0103 &#8222;aburesc&#8221;?!"},"content":{"rendered":"\n<p>\u00cen primul r\u00e2nd, m\u0103rturisesc faptul c\u0103 sunt uimit\u0103: Marian M\u0103roiu face campanie \u015fi altcuiva dec\u00e2t lui \u00eensu\u015fi??? Trebuie s\u0103 not\u0103m \u00een calendar.<\/p>\n\n\n\n<p>De dou\u0103 ori. O dat\u0103 pentru c\u0103, \u00een sf\u00e2r\u015fit, nu mai \u00eemparte oamenilor pliante cu el, POSIBIL candidat la Prim\u0103rie, de\u015fi e cu totul \u015fi cu totul alt\u0103 campanie electoral\u0103. \u015ei doi: pentru c\u0103 nu \u015ftie cum se scrie corect numele candidatului PNL la pre\u015fedin\u0163ie. A\u015fa ceva?!<\/p>\n\n\n\n<figure class=\"wp-block-image\"><img decoding=\"async\" src=\"https:\/\/giurgiu-net.ro\/wp-content\/uploads\/2019\/09\/iohanis-cu-un-n.jpg\" alt=\"\" class=\"wp-image-69545\"\/><\/figure>\n\n\n\n<p>Domnul M\u0103roiu, dup\u0103 faza asta, or s\u0103 v\u0103 pun\u0103 \u0103ia, la partid, s\u0103 scrie\u0163i pe board, la \u015fedin\u0163\u0103, de 100 de ori numele corect al lui Klaus IohaNNis! S\u0103 fie sigur c\u0103 nu scrie\u0163i pe FB Klaus M\u0103roiu, Marian Diaconu sau Viorica Marian Iohanis, dracului!<\/p>\n\n\n\n<p>Oricum, nu conteaz\u0103, c\u0103 dac\u0103 pliantele nu sunt cu chipul dumneavoastr\u0103, cui \u00eei pas\u0103 ce scrie? Sau&#8230; poate de la PSD vi se trage, ptiu! <\/p>\n\n\n\n<p>Acum, ave\u0163i dreptate, \u015fi dac\u0103 e un singur &#8222;n&#8221;, ce? \u015ei dac\u0103 \u00een loc de &#8222;i&#8221;, ne mai scap\u0103 \u015fi c\u00e2te un &#8222;u&#8221;, CE?&#8230; Trece \u015fi campania asta \u015fi o s\u0103 v\u0103 pute\u0163i \u00eentoarce la propriul nume, chiar dac\u0103 v\u0103 vrea partidul ori ba. Nu?<\/p>\n\n\n\n<p>Na, c\u0103 ne-a\u0163i inspirat \u015fi o parafrazare a celebrului &#8222;Vinova\u0163ii f\u0103r\u0103 vin\u0103&#8221;:<\/p>\n\n\n\n<p>Sunt\n\u00eenalt la trup \u015fi am \u015fi\u2026 suflet,<\/p>\n\n\n\n<p>Vreau\ns\u0103 m\u0103 f\u0103lesc \u015fi candidez\u2026<\/p>\n\n\n\n<p>Nu\nconteaz\u0103 c\u00e2te \u201cn\u201d-s \u00een nume,<\/p>\n\n\n\n<p>Important e s\u0103 v\u0103 aburesc?!<\/p>\n\n\n\n<p>Simt \u015fi PDL-i\u015ftii d(r)aci, fuma\u0163i,<\/p>\n\n\n\n<p>Campania mea e tot \u00eemi doresc!<\/p>\n\n\n\n<p>Dac\u0103 acolo nu e al meu nume,<\/p>\n\n\n\n<p>N-are sens ca s\u0103 m\u0103 str\u0103duiesc!<\/p>\n\n\n\n<p>Lume,\nlume, soro lume,<\/p>\n\n\n\n<p>Ce conteaz\u0103 cum \u00eel cheam\u0103?<\/p>\n\n\n\n<p>Totul\ne s\u0103 ies primar!<\/p>\n\n\n\n<p>Pre\u015fedin\u0163ii\nf\u0103r\u0103 nume<\/p>\n\n\n\n<p>Candideaz\u0103\n\u00een zadar\u2026 <\/p>\n\n\n\n<p>Maleficent <\/p>\n\n\n\n<p>*Acesta este un pamflet ce trebuie tratat ca atare. Fotografia NU este trucaj!<\/p>\n\n\n\n<p>LATER EDIT: Dou\u0103 ore i-au trebuit stimabilului p\u00e2n\u0103 s\u0103-\u015fi dea seama&#8230;<\/p>\n\n\n\n<figure class=\"wp-block-image\"><img decoding=\"async\" src=\"https:\/\/giurgiu-net.ro\/wp-content\/uploads\/2019\/09\/editat.jpg\" alt=\"\" class=\"wp-image-69548\"\/><\/figure>\n","protected":false},"excerpt":{"rendered":"<p>\u00cen primul r\u00e2nd, m\u0103rturisesc faptul c\u0103 sunt uimit\u0103: Marian M\u0103roiu face campanie \u015fi altcuiva dec\u00e2t lui \u00eensu\u015fi??? Trebuie s\u0103 not\u0103m \u00een calendar. De dou\u0103 ori. O dat\u0103 pentru c\u0103, \u00een sf\u00e2r\u015fit, nu mai \u00eemparte oamenilor pliante cu el, POSIBIL candidat la Prim\u0103rie, de\u015fi e cu totul \u015fi cu totul alt\u0103 campanie electoral\u0103. \u015ei doi: pentru [&hellip;]<\/p>\n","protected":false},"author":1,"featured_media":69545,"comment_status":"open","ping_status":"open","sticky":false,"template":"","format":"standard","meta":{"slim_seo":{"title":"InspiRa\u0163ia de Duminic\u0103: Nu conteaz\u0103 c\u00e2te \"n\"-s \u00een nume, important e s\u0103 v\u0103 \"aburesc\"?! - GIURGIU NET","description":"\u00cen primul r\u00e2nd, m\u0103rturisesc faptul c\u0103 sunt uimit\u0103: Marian M\u0103roiu face campanie \u015fi altcuiva dec\u00e2t lui \u00eensu\u015fi??? Trebuie s\u0103 not\u0103m \u00een calendar. De dou\u0103 ori. O dat\u0103"},"footnotes":""},"categories":[18,23,25,28],"tags":[],"class_list":{"0":"post-69544","1":"post","2":"type-post","3":"status-publish","4":"format-standard","5":"has-post-thumbnail","7":"category-actual","8":"category-pam","9":"category-pol","10":"category-uo"},"_links":{"self":[{"href":"https:\/\/giurgiu-net.ro\/index.php\/wp-json\/wp\/v2\/posts\/69544","targetHints":{"allow":["GET"]}}],"collection":[{"href":"https:\/\/giurgiu-net.ro\/index.php\/wp-json\/wp\/v2\/posts"}],"about":[{"href":"https:\/\/giurgiu-net.ro\/index.php\/wp-json\/wp\/v2\/types\/post"}],"author":[{"embeddable":true,"href":"https:\/\/giurgiu-net.ro\/index.php\/wp-json\/wp\/v2\/users\/1"}],"replies":[{"embeddable":true,"href":"https:\/\/giurgiu-net.ro\/index.php\/wp-json\/wp\/v2\/comments?post=69544"}],"version-history":[{"count":0,"href":"https:\/\/giurgiu-net.ro\/index.php\/wp-json\/wp\/v2\/posts\/69544\/revisions"}],"wp:featuredmedia":[{"embeddable":true,"href":"https:\/\/giurgiu-net.ro\/index.php\/wp-json\/"}],"wp:attachment":[{"href":"https:\/\/giurgiu-net.ro\/index.php\/wp-json\/wp\/v2\/media?parent=69544"}],"wp:term":[{"taxonomy":"category","embeddable":true,"href":"https:\/\/giurgiu-net.ro\/index.php\/wp-json\/wp\/v2\/categories?post=69544"},{"taxonomy":"post_tag","embeddable":true,"href":"https:\/\/giurgiu-net.ro\/index.php\/wp-json\/wp\/v2\/tags?post=69544"}],"curies":[{"name":"wp","href":"https:\/\/api.w.org\/{rel}","templated":true}]}}