{"id":69536,"date":"2019-09-27T10:57:04","date_gmt":"2019-09-27T07:57:04","guid":{"rendered":"http:\/\/giurgiu-net.ro\/?p=69536"},"modified":"2019-09-27T10:57:04","modified_gmt":"2019-09-27T07:57:04","slug":"24-de-irakieni-si-doi-sirieni-care-voiau-sa-intre-ilegal-in-romania-prinsi-la-vama-giurgiu","status":"publish","type":"post","link":"https:\/\/giurgiu-net.ro\/index.php\/2019\/09\/27\/24-de-irakieni-si-doi-sirieni-care-voiau-sa-intre-ilegal-in-romania-prinsi-la-vama-giurgiu\/","title":{"rendered":"24 de irakieni \u015fi doi sirieni care voiau s\u0103 intre ilegal \u00een Rom\u00e2nia, prin\u015fi la Vama Giurgiu"},"content":{"rendered":"\n<p><em>Poli\u0163i\u015ftii de frontier\u0103 din cadrul Punctului de Trecere a Frontierei Giurgiu au descoperit, ascun\u0219i \u00eentr-o autoutilitar\u0103 \u00eenc\u0103rcat\u0103 cu struguri, dou\u0103zeci si patru de cet\u0103\u021beni irakieni \u0219i doi cet\u0103\u021beni sirieni care inten\u0163ionau s\u0103 intre ilegal \u00een Rom\u00e2nia.&nbsp;<\/em><em>\u015eoferul mijlocului de transport a fost re\u021binut pentru 24 de ore, urm\u00e2nd s\u0103 fie prezentat Judec\u0103torului de drepturi \u0219i libert\u0103\u021bi din cadrul Tribunalului Giurgiu, cu propunere de arestare preventiv\u0103 pentru 30 de zile.<\/em><\/p>\n\n\n\n<p>Potrivit unui comunicat de pres\u0103 al Poli\u0163iei de Frontier\u0103 Giurgiu, \u00een data de 26.09.2019, \u00een jurul orei 07.00, \u00een Punctul de Trecere a Frontierei Giurgiu s-a prezentat pentru a intra \u00een \u0163ar\u0103, la volanul unei autoutilitare marca Mercedes, \u00eenmatriculat\u0103 \u00een Rom\u00e2nia, cet\u0103\u0163eanul rom\u00e2n T.S. \u00een v\u00e2rst\u0103 de 62 de ani, care transporta, conform documentelor de \u00eenso\u0163ire a m\u0103rfii, struguri din Grecia pentru Rom\u00e2nia.<\/p>\n\n\n\n<p>&#8222;Proced\u00e2nd la verificarea mijlocului de transport, poli\u021bi\u0219tii de frontier\u0103 au observat c\u0103 peretele lateral al autoutilitarei este modificat \u0219i prins \u00een \u0219uruburi vopsite recent, fapt pentru care s-a procedat la deschiderea compartimentului marf\u0103.\u00a0\u00a0<\/p>\n\n\n\n<p>\u00cen urma controlului am\u0103nun\u0163it, \u00een compartimentul marf\u0103, \u00eentr-un loc special amenajat, \u00een partea din fa\u0163\u0103 a autoutilitarei, au fost descoperite ascunse 26 persoane, 25 adul\u0163i \u015fi un copil, care nu de\u0163ineau documente de identitate.<\/p>\n\n\n\n<p>La cercet\u0103ri, poli\u0163i\u015ftii de frontier\u0103 au stabilit c\u0103 persoanele \u00een cauz\u0103 sunt dou\u0103zeci si patru de cet\u0103\u021beni irakieni \u0219i doi cet\u0103\u021beni sirieni, cu v\u00e2rste cuprinse \u00eentre 2 \u0219i 49 de ani. Cei \u00een cauz\u0103 au declarat c\u0103 au fost urca\u021bi \u00een compartimentul special amenajat al autoutilitarei de doi cet\u0103\u021beni bulgari \u0219i pentru tot traseul, rudele lor urmau s\u0103 pl\u0103teasc\u0103, \u00een momentul \u00een care ajungeau \u00een Rom\u00e2nia, suma de 5.000 de euro pentru fiecare persoan\u0103, unui b\u0103rbat care a organizat transportul.<\/p>\n\n\n\n<p>Totodat\u0103, cei \u00een cauz\u0103 au mai men\u021bionat faptul c\u0103 au recurs la aceast\u0103 metod\u0103 deoarece inten\u021bionau s\u0103 ajung\u0103 \u00eentr-un stat din vestul Europei.<\/p>\n\n\n\n<p>Poli\u0163i\u015ftii de frontier\u0103 au procedat la \u00eentreruperea c\u0103l\u0103toriei persoanelor, iar conform protocolului rom\u00e2no-bulgar ace\u015ftia au fost prelua\u0163i de Poli\u0163ia de Frontier\u0103 Bulgar\u0103 \u00een vederea continu\u0103rii cercet\u0103rilor \u015fi dispunerii m\u0103surilor legale ce se impun.<\/p>\n\n\n\n<p>De asemenea, pe numele \u015foferului mijlocului de transport a fost emis\u0103 ordonan\u021b\u0103 de re\u021binere pentru 24 de ore, urm\u00e2nd sa fie prezentat Judec\u0103torului de drepturi \u0219i libert\u0103\u021bi din cadrul Tribunalului Giurgiu, cu propunere de arestare preventiv\u0103 pentru 30 de zile&#8221;, este precizat \u00een comunicat.<\/p>\n","protected":false},"excerpt":{"rendered":"<p>Poli\u0163i\u015ftii de frontier\u0103 din cadrul Punctului de Trecere a Frontierei Giurgiu au descoperit, ascun\u0219i \u00eentr-o autoutilitar\u0103 \u00eenc\u0103rcat\u0103 cu struguri, dou\u0103zeci si patru de cet\u0103\u021beni irakieni \u0219i doi cet\u0103\u021beni sirieni care inten\u0163ionau s\u0103 intre ilegal \u00een Rom\u00e2nia.&nbsp;\u015eoferul mijlocului de transport a fost re\u021binut pentru 24 de ore, urm\u00e2nd s\u0103 fie prezentat Judec\u0103torului de drepturi \u0219i libert\u0103\u021bi [&hellip;]<\/p>\n","protected":false},"author":1,"featured_media":69537,"comment_status":"open","ping_status":"open","sticky":false,"template":"","format":"standard","meta":{"slim_seo":{"title":"24 de irakieni \u015fi doi sirieni care voiau s\u0103 intre ilegal \u00een Rom\u00e2nia, prin\u015fi la Vama Giurgiu - GIURGIU NET","description":"Poli\u0163i\u015ftii de frontier\u0103 din cadrul Punctului de Trecere a Frontierei Giurgiu au descoperit, ascun\u0219i \u00eentr-o autoutilitar\u0103 \u00eenc\u0103rcat\u0103 cu struguri, dou\u0103zeci si patr"},"footnotes":""},"categories":[18,28],"tags":[],"class_list":{"0":"post-69536","1":"post","2":"type-post","3":"status-publish","4":"format-standard","5":"has-post-thumbnail","7":"category-actual","8":"category-uo"},"_links":{"self":[{"href":"https:\/\/giurgiu-net.ro\/index.php\/wp-json\/wp\/v2\/posts\/69536","targetHints":{"allow":["GET"]}}],"collection":[{"href":"https:\/\/giurgiu-net.ro\/index.php\/wp-json\/wp\/v2\/posts"}],"about":[{"href":"https:\/\/giurgiu-net.ro\/index.php\/wp-json\/wp\/v2\/types\/post"}],"author":[{"embeddable":true,"href":"https:\/\/giurgiu-net.ro\/index.php\/wp-json\/wp\/v2\/users\/1"}],"replies":[{"embeddable":true,"href":"https:\/\/giurgiu-net.ro\/index.php\/wp-json\/wp\/v2\/comments?post=69536"}],"version-history":[{"count":0,"href":"https:\/\/giurgiu-net.ro\/index.php\/wp-json\/wp\/v2\/posts\/69536\/revisions"}],"wp:featuredmedia":[{"embeddable":true,"href":"https:\/\/giurgiu-net.ro\/index.php\/wp-json\/"}],"wp:attachment":[{"href":"https:\/\/giurgiu-net.ro\/index.php\/wp-json\/wp\/v2\/media?parent=69536"}],"wp:term":[{"taxonomy":"category","embeddable":true,"href":"https:\/\/giurgiu-net.ro\/index.php\/wp-json\/wp\/v2\/categories?post=69536"},{"taxonomy":"post_tag","embeddable":true,"href":"https:\/\/giurgiu-net.ro\/index.php\/wp-json\/wp\/v2\/tags?post=69536"}],"curies":[{"name":"wp","href":"https:\/\/api.w.org\/{rel}","templated":true}]}}