{"id":69404,"date":"2019-09-24T11:33:40","date_gmt":"2019-09-24T08:33:40","guid":{"rendered":"http:\/\/giurgiu-net.ro\/?p=69404"},"modified":"2019-09-24T11:33:40","modified_gmt":"2019-09-24T08:33:40","slug":"consilierii-judeteni-giurgiuveni-se-vor-reuni-intr-o-noua-sedinta-ordinara-ce-proiecte-sunt-pe-ordinea-de-zi","status":"publish","type":"post","link":"https:\/\/giurgiu-net.ro\/index.php\/2019\/09\/24\/consilierii-judeteni-giurgiuveni-se-vor-reuni-intr-o-noua-sedinta-ordinara-ce-proiecte-sunt-pe-ordinea-de-zi\/","title":{"rendered":"Consilierii jude\u0163eni giurgiuveni se vor reuni \u00eentr-o nou\u0103 \u015fedin\u0163\u0103 ordinar\u0103. CE PROIECTE sunt pe ordinea de zi?"},"content":{"rendered":"\n<p class=\"wp-block-paragraph\">\u015eedin\u0163a ordinar\u0103 a Consiliului Jude\u0163ean Giurgiu va avea loc luni, 30 septembrie.<\/p>\n\n\n\n<p class=\"wp-block-paragraph\">Sunt opt proiecte pe ordinea de zi, dup\u0103 cum urmeaz\u0103:<\/p>\n\n\n\n<ol class=\"wp-block-list\"><li>Aprobarea procesului verbal al \u015fedin\u0163ei ordinare publice din data de 30 august 2019 a Consiliului Jude\u021bean Giurgiu<\/li><li><strong>Proiect de hot\u0103r\u00e2re <\/strong>privind rectificarea bugetului propriu de venituri \u0219i cheltuieli al jude\u021bului Giurgiu \u0219i a bugetului de venituri \u0219i cheltuieli al institu\u021biilor finan\u021bate integral sau par\u021bial din venituri proprii \u0219i subven\u021bii pe anul 2019<\/li><li><strong>Proiect de hot\u0103r\u00e2re <\/strong>privind aprobarea documenta\u021biei tehnico \u2013 economice pentru obiectivul de investi\u021bii \u201eRestaurare, consolidare \u0219i dotare Muzeul Jude\u021bean Teohari Antonescu\u201d, \u00een faza Documenta\u021bie de avizare a lucr\u0103rilor de interven\u021bii<\/li><li><strong>Proiect de hot\u0103r\u00e2re <\/strong>privind aprobarea actualiz\u0103rii Devizului general ca urmare a aplic\u0103rii prevederilor OUG nr.114\/2018, a principalilor indicatori tehnico \u2013 economici, precum \u0219i a cheltuielilor de cofinan\u021bare de la bugetul local pentru obiectivul de investi\u021bii <strong>\u201cReabilitare DJ 413&nbsp; DJ 603 &#8211; Halta CFR Mihai Bravu \u2013 DN 41, km 0+000 &#8211; 9+690; 9,690 km\u201d<\/strong><\/li><li><strong>Proiect de hot\u0103r\u00e2re<\/strong> privind aprobarea componen\u021bei nominale a Comisiei de evaluare a persoanelor adulte cu handicap<\/li><li><strong>Proiect de hot\u0103r\u00e2re <\/strong>privind aprobarea proiectului \u201eRestaurare, consolidare \u0219i dotare Muzeul Jude\u0163ean Teohari Antonescu\u201d \u015fi a cheltuielilor legate de proiect<\/li><li><strong>Proiect de hot\u0103r\u00e2re <\/strong>pentru modificarea \u0219i completarea Anexei nr.2 la Hot\u0103r\u00e2rea nr.10 din 31 ianuarie 2018 a Consiliului Jude\u0163ean Giurgiu privind stabilirea salariilor de baz\u0103 pentru personalul din cadrul familiei ocupa\u0163ionale \u201cAdministra\u0163ie\u201d din aparatul de specialitate al Consiliului Jude\u0163ean Giurgiu, precum \u015fi din cadrul serviciilor publice din subordinea acestuia<\/li><li><strong>Proiect de hot\u0103r\u00e2re <\/strong>privind modificarea Anexei la Hot\u0103r\u00e2rea Consiliului Jude\u0163ean nr.95 din 28 aprilie 2017 privind aprobarea modific\u0103rii statului de func\u0163ii al Centrului de Asisten\u0163\u0103 Medico-Social\u0103 Mogo\u015fe\u015fti <\/li><\/ol>\n\n\n\n<p class=\"wp-block-paragraph\">Proiectele pot fi studiate <a href=\"https:\/\/www.cjgiurgiu.ro\/portal\/giurgiu\/cj\/portal.nsf\/AllByUNID?OpenView&amp;GetPage=\/portal%2Fgiurgiu%2Fcj%2Fstiri.nsf%2FvwStiri%2F1175219F2E3EB696C225847F0024D9E7%3FOpenDocument%7CTipDocument%3DSedinte\" target=\"_blank\" rel=\"noreferrer noopener\" aria-label=\"AICI (se deschide \u00eentr-o fil\u0103 nou\u0103)\">AICI<\/a><\/p>\n","protected":false},"excerpt":{"rendered":"<p>\u015eedin\u0163a ordinar\u0103 a Consiliului Jude\u0163ean Giurgiu va avea loc luni, 30 septembrie. Sunt opt proiecte pe ordinea de zi, dup\u0103 cum urmeaz\u0103: Aprobarea procesului verbal al \u015fedin\u0163ei ordinare publice din data de 30 august 2019 a Consiliului Jude\u021bean Giurgiu Proiect de hot\u0103r\u00e2re privind rectificarea bugetului propriu de venituri \u0219i cheltuieli al jude\u021bului Giurgiu \u0219i a [&hellip;]<\/p>\n","protected":false},"author":1,"featured_media":68049,"comment_status":"open","ping_status":"open","sticky":false,"template":"","format":"standard","meta":{"slim_seo":{"title":"Consilierii jude\u0163eni giurgiuveni se vor reuni \u00eentr-o nou\u0103 \u015fedin\u0163\u0103 ordinar\u0103. CE PROIECTE sunt pe ordinea de zi? - GIURGIU NET","description":"\u015eedin\u0163a ordinar\u0103 a Consiliului Jude\u0163ean Giurgiu va avea loc luni, 30 septembrie. Sunt opt proiecte pe ordinea de zi, dup\u0103 cum urmeaz\u0103: Proiectele pot fi studiat"},"footnotes":""},"categories":[18,19,26,28],"tags":[606],"class_list":["post-69404","post","type-post","status-publish","format-standard","has-post-thumbnail","category-actual","category-adm","category-soc","category-uo","tag-cj-giurgiu"],"_links":{"self":[{"href":"https:\/\/giurgiu-net.ro\/index.php\/wp-json\/wp\/v2\/posts\/69404","targetHints":{"allow":["GET"]}}],"collection":[{"href":"https:\/\/giurgiu-net.ro\/index.php\/wp-json\/wp\/v2\/posts"}],"about":[{"href":"https:\/\/giurgiu-net.ro\/index.php\/wp-json\/wp\/v2\/types\/post"}],"author":[{"embeddable":true,"href":"https:\/\/giurgiu-net.ro\/index.php\/wp-json\/wp\/v2\/users\/1"}],"replies":[{"embeddable":true,"href":"https:\/\/giurgiu-net.ro\/index.php\/wp-json\/wp\/v2\/comments?post=69404"}],"version-history":[{"count":0,"href":"https:\/\/giurgiu-net.ro\/index.php\/wp-json\/wp\/v2\/posts\/69404\/revisions"}],"wp:featuredmedia":[{"embeddable":true,"href":"https:\/\/giurgiu-net.ro\/index.php\/wp-json\/wp\/v2\/media\/68049"}],"wp:attachment":[{"href":"https:\/\/giurgiu-net.ro\/index.php\/wp-json\/wp\/v2\/media?parent=69404"}],"wp:term":[{"taxonomy":"category","embeddable":true,"href":"https:\/\/giurgiu-net.ro\/index.php\/wp-json\/wp\/v2\/categories?post=69404"},{"taxonomy":"post_tag","embeddable":true,"href":"https:\/\/giurgiu-net.ro\/index.php\/wp-json\/wp\/v2\/tags?post=69404"}],"curies":[{"name":"wp","href":"https:\/\/api.w.org\/{rel}","templated":true}]}}