{"id":69377,"date":"2019-09-23T14:00:55","date_gmt":"2019-09-23T11:00:55","guid":{"rendered":"http:\/\/giurgiu-net.ro\/?p=69377"},"modified":"2019-09-23T14:00:55","modified_gmt":"2019-09-23T11:00:55","slug":"pesta-porcina-giurgiu-peste-200-de-focare-in-61-de-localitati","status":"publish","type":"post","link":"https:\/\/giurgiu-net.ro\/index.php\/2019\/09\/23\/pesta-porcina-giurgiu-peste-200-de-focare-in-61-de-localitati\/","title":{"rendered":"PESTA PORCIN\u0102, GIURGIU: Peste 200 de focare, \u00een 61 de localit\u0103\u0163i"},"content":{"rendered":"\n<p class=\"wp-block-paragraph\">Prefectul jude\u0163ului Giurgiu, Carmen Cri\u015fu, a prezentat,\nluni, 23 septembrie, \u00een conferin\u0163\u0103 de pres\u0103, ultimele informa\u0163ii referitoare la\nevolu\u0163ia pestei porcine africane, \u00een Giurgiu.<\/p>\n\n\n\n<p class=\"wp-block-paragraph\">Astfel, potrivit oficialului, \u00een prezent sunt 212 focare, \u00een 61 de localit\u0103\u0163i, la porcii domestici, \u015fi 68 de focare la mistre\u0163i, pe 12 fonduri de v\u00e2n\u0103toare.<\/p>\n\n\n\n<p class=\"wp-block-paragraph\"><em>\u201e27 de focare au fost \u00eenchise \u015fi se desf\u0103\u015foar\u0103 o campanie de v\u00e2n\u0103toare a mistre\u0163ilor pe toate fondurile. \u00cen jude\u0163ul nostru, pesta porcin\u0103 african\u0103 a fost transmis\u0103 de la mistre\u0163i care au infestat iarba, hrana porcilor domestici\u201d<\/em>, a anun\u0163at Cri\u015fu.<\/p>\n\n\n\n<p class=\"wp-block-paragraph\">Prefectul jude\u0163ului a atras aten\u0163ia asupra faptul c\u0103, din\np\u0103cate, nu to\u0163i locuitorii au declarat cazurile \u00een care le-au murit animalele.<\/p>\n\n\n\n<p class=\"wp-block-paragraph\"><em>\u201eNe-am trezit c\u0103 am \u00eenchis un focar \u00eentr-o localitate \u015fi, la c\u00e2teva zile, boala a ap\u0103rut iar. Acest lucru nu trebuia s\u0103 se mai \u00eent\u00e2mple! \u00cei rog pe giurgiuveni s\u0103 anun\u0163e, pentru c\u0103, altfel, nu vom sc\u0103pa de pesta porcin\u0103 african\u0103 niciodat\u0103!\u201d<\/em>, a mai spus Cri\u015fu.<\/p>\n\n\n\n<p class=\"wp-block-paragraph\">Ea a precizat c\u0103,p\u00e2n\u0103, \u00een prezent, au fost sacrifica\u0163i, la nivelul jude\u0163ului, 1619 porci.<\/p>\n\n\n\n<p class=\"wp-block-paragraph\"><em>\u201eOamenii vor primi desp\u0103gubiri, unele au fost date deja. Oricum, num\u0103rul focarelor care apar a mai sc\u0103zut. Dac\u0103, \u00eenainte, aveam \u015fi c\u00e2te 8 pe zi, acum se \u00eenregistreaz\u0103 2-3 cazuri noi, pe s\u0103pt\u0103m\u00e2n\u0103!\u201d<\/em>, a subliniat prefectul Carmen Cri\u015fu.<\/p>\n","protected":false},"excerpt":{"rendered":"<p>Prefectul jude\u0163ului Giurgiu, Carmen Cri\u015fu, a prezentat, luni, 23 septembrie, \u00een conferin\u0163\u0103 de pres\u0103, ultimele informa\u0163ii referitoare la evolu\u0163ia pestei porcine africane, \u00een Giurgiu. Astfel, potrivit oficialului, \u00een prezent sunt 212 focare, \u00een 61 de localit\u0103\u0163i, la porcii domestici, \u015fi 68 de focare la mistre\u0163i, pe 12 fonduri de v\u00e2n\u0103toare. \u201e27 de focare au fost [&hellip;]<\/p>\n","protected":false},"author":1,"featured_media":62304,"comment_status":"open","ping_status":"open","sticky":false,"template":"","format":"standard","meta":{"slim_seo":{"title":"PESTA PORCIN\u0102, GIURGIU: Peste 200 de focare, \u00een 61 de localit\u0103\u0163i - GIURGIU NET","description":"Prefectul jude\u0163ului Giurgiu, Carmen Cri\u015fu, a prezentat, luni, 23 septembrie, \u00een conferin\u0163\u0103 de pres\u0103, ultimele informa\u0163ii referitoare la evolu\u0163ia pestei porcine"},"footnotes":""},"categories":[18,26,28],"tags":[1978],"class_list":["post-69377","post","type-post","status-publish","format-standard","has-post-thumbnail","category-actual","category-soc","category-uo","tag-pesta-porcina"],"_links":{"self":[{"href":"https:\/\/giurgiu-net.ro\/index.php\/wp-json\/wp\/v2\/posts\/69377","targetHints":{"allow":["GET"]}}],"collection":[{"href":"https:\/\/giurgiu-net.ro\/index.php\/wp-json\/wp\/v2\/posts"}],"about":[{"href":"https:\/\/giurgiu-net.ro\/index.php\/wp-json\/wp\/v2\/types\/post"}],"author":[{"embeddable":true,"href":"https:\/\/giurgiu-net.ro\/index.php\/wp-json\/wp\/v2\/users\/1"}],"replies":[{"embeddable":true,"href":"https:\/\/giurgiu-net.ro\/index.php\/wp-json\/wp\/v2\/comments?post=69377"}],"version-history":[{"count":0,"href":"https:\/\/giurgiu-net.ro\/index.php\/wp-json\/wp\/v2\/posts\/69377\/revisions"}],"wp:featuredmedia":[{"embeddable":true,"href":"https:\/\/giurgiu-net.ro\/index.php\/wp-json\/wp\/v2\/media\/62304"}],"wp:attachment":[{"href":"https:\/\/giurgiu-net.ro\/index.php\/wp-json\/wp\/v2\/media?parent=69377"}],"wp:term":[{"taxonomy":"category","embeddable":true,"href":"https:\/\/giurgiu-net.ro\/index.php\/wp-json\/wp\/v2\/categories?post=69377"},{"taxonomy":"post_tag","embeddable":true,"href":"https:\/\/giurgiu-net.ro\/index.php\/wp-json\/wp\/v2\/tags?post=69377"}],"curies":[{"name":"wp","href":"https:\/\/api.w.org\/{rel}","templated":true}]}}