{"id":69259,"date":"2019-09-18T05:56:48","date_gmt":"2019-09-18T02:56:48","guid":{"rendered":"http:\/\/giurgiu-net.ro\/?p=69259"},"modified":"2019-09-18T05:56:48","modified_gmt":"2019-09-18T02:56:48","slug":"la-giurgiu-de-ziua-nationala-de-curatenie-mii-de-voluntari-se-unesc-pentru-o-cauza-comuna-curatarea-planetei-de-deseuri","status":"publish","type":"post","link":"https:\/\/giurgiu-net.ro\/index.php\/2019\/09\/18\/la-giurgiu-de-ziua-nationala-de-curatenie-mii-de-voluntari-se-unesc-pentru-o-cauza-comuna-curatarea-planetei-de-deseuri\/","title":{"rendered":"La Giurgiu, de \u201cZiua Na\u021bional\u0103 de Cur\u0103\u021benie\u201d, mii de voluntari se unesc pentru o cauz\u0103 comun\u0103  \u2013 cur\u0103\u021barea planetei de de\u0219euri"},"content":{"rendered":"\n<p><strong>\u201dLet\u2019s do it, Romania!\u201d revine cu o nou\u0103 zi de cur\u0103\u021benie na\u021bional\u0103 pe 21 septembrie 2019, activitate desfasurata \u00een 26 de jude\u021be, printre care \u0219i Giurgiu, Rom\u00e2nia al\u0103tur\u00e2ndu-se astfel celor peste 100 de \u021b\u0103ri care fac cur\u0103\u021benie \u00een aceea\u0219i zi.<\/strong> \u201dNe-am propus ca \u0219i anul acesta s\u0103 ne al\u0103tur\u0103m mi\u0219c\u0103rii globale Let\u2019s do it, World! \u0219i s\u0103 facem din nou cur\u0103\u021benie \u00een Rom\u00e2nia al\u0103turi de voluntarii no\u0219tri. Anul acesta, \u00eemplinim 9 ani de la prima ac\u021biune \u0219i ne bucur\u0103m s\u0103 s\u0103rb\u0103torim \u00eempreun\u0103, pentru o Rom\u00e2nie mai curat\u0103\u201d, a declarat \u0218tefan Buciuc, pre\u0219edintele Asocia\u021biei \u201dLet\u2019s do it, Romania!\u201d.<\/p>\n\n\n\n<p>\u00cen 2018, pe 15 septembrie, la nivelul jude\u021bului Giurgiu, ac\u021biunea de cur\u0103\u021benie general\u0103 s-a finalizat cu peste 14.000 de saci plini cu gunoaie. Peste 11.000 de voluntari s-au implicat \u00een lupta \u00eempotriva uneia dintre cele mai acute probleme de mediu \u2013 de\u0219eurile. La cur\u0103\u021benie au participat peste 40 de prim\u0103rii, copii cu profesori \u015fi parin\u0163i din \u0219coli din tot jude\u0163ul, institu\u021bii jude\u021bene, ong-uri, sute de angaja\u021bi ai Poli\u021biei, Pompierilor, Jandarmeriei Rom\u00e2ne, precum \u0219i angaja\u021bi ai penitenciarelor \u0219i de\u021binu\u021bi, chiar \u015fi copii si adulti din centre speciale.&nbsp;Cu totii s-au al\u0103turat celei mai mari campanii de cur\u0103\u021benie la nivel interna\u021bional, oferind un exemplu de spirit civic, de mobilizare pentru o cauz\u0103 comun\u0103 &#8211; colectarea de\u015feurilor abandonate \u00een natur\u0103 \u015fi \u00een spatiul public.<\/p>\n\n\n\n<p>\u00cen jude\u021bul Giurgiu, anul acesta de organizarea Zilei de Cur\u0103\u021benie se ocupa Asociatia Prietenii de l\u00e2ng\u0103 tine, echipa ce a coordonat \u00een jude\u0163 ac\u021biunile Let&#8217;s do it, Romania! din 2012 p\u00e2n\u0103 \u00een prezent.<\/p>\n\n\n\n<p>V\u0103 asteptam sambata, 21 septembrie, intre orele 09,00-12,00, pentru a duce traditia mai departe \u00een cadrul proiectului \u201cZiua Na\u021bional\u0103 de Cur\u0103\u021benie 2019\u201d- \u201cLet\u2019s Do It, Romania\u201d!, eveniment organizat in municipiul si judetul Giurgiu de catre Asocia\u021bia Prietenii de lang\u0103 tine .<\/p>\n\n\n\n<p>&nbsp;<strong>Va invitam sambata, 21 septembrie 2019, in intervalul 9,00-12,00, s\u0103 scriem impreuna un nou capitol al zilei de curatenie la Giurgiu. Let\u2019s Do It Again, Giurgiu!&nbsp;<\/strong><\/p>\n\n\n\n<p>Pentru \u00eenscriere contactati-ne pe <a href=\"mailto:giurgiu@letsdoitromania.ro\">giurgiu@letsdoitromania.ro<\/a>&nbsp;<\/p>\n\n\n\n<figure class=\"wp-block-embed-facebook wp-block-embed\"><div class=\"wp-block-embed__wrapper\">\nhttps:\/\/www.facebook.com\/prieteniidelangatine\/\n<\/div><\/figure>\n\n\n\n<figure class=\"wp-block-embed-facebook wp-block-embed\"><div class=\"wp-block-embed__wrapper\">\nhttps:\/\/www.facebook.com\/LETSDOITGIURGIU\/\n<\/div><\/figure>\n\n\n\n<p>###<\/p>\n\n\n\n<p>\u201cZiua Na\u021bional\u0103 de Cur\u0103\u021benie\u201d este un proiect ini\u021biat \u00een Estonia \u00eenc\u0103 din anul 2008. &nbsp;\u00cen&nbsp; edi\u021biile desf\u0103\u0219urate in Giurgiu, \u00eencepand cu anul 2010, &nbsp;am reu\u0219it s\u0103 mobiliz\u0103m aproximativ 50 mii de voluntari, dintre care mai mult de jumatate erau tineri,&nbsp; autoritati judetene \u0219i  prim\u0103rii din judet \u0219i am reu\u0219it s\u0103 str\u00e2ngem mii de tone de de\u0219euri.&nbsp;<\/p>\n\n\n\n<p><strong>Hai s\u0103 facem cur\u0103\u021benie \u00een toat\u0103 \u021bara. \u00centr-o singur\u0103 zi! Hai s\u0103 facem cur\u0103\u021benie \u00een municipiul si judetul Giurgiu. \u00centr-o singur\u0103 zi!\u00a0<\/strong><\/p>\n\n\n\n<p>Comunicat de pres\u0103 Let&#8217;s do it, Romania!\/ Asocia\u0163ia Prietenii de l\u00e2ng\u0103 tine<br \/><\/p>\n","protected":false},"excerpt":{"rendered":"<p>\u201dLet\u2019s do it, Romania!\u201d revine cu o nou\u0103 zi de cur\u0103\u021benie na\u021bional\u0103 pe 21 septembrie 2019, activitate desfasurata \u00een 26 de jude\u021be, printre care \u0219i Giurgiu, Rom\u00e2nia al\u0103tur\u00e2ndu-se astfel celor peste 100 de \u021b\u0103ri care fac cur\u0103\u021benie \u00een aceea\u0219i zi. \u201dNe-am propus ca \u0219i anul acesta s\u0103 ne al\u0103tur\u0103m mi\u0219c\u0103rii globale Let\u2019s do it, World! [&hellip;]<\/p>\n","protected":false},"author":1,"featured_media":69260,"comment_status":"open","ping_status":"open","sticky":false,"template":"","format":"standard","meta":{"slim_seo":{"title":"La Giurgiu, de \u201cZiua Na\u021bional\u0103 de Cur\u0103\u021benie\u201d, mii de voluntari se unesc pentru o cauz\u0103 comun\u0103 \u2013 cur\u0103\u021barea planetei de de\u0219euri - GIURGIU NET","description":"\u201dLet\u2019s do it, Romania!\u201d revine cu o nou\u0103 zi de cur\u0103\u021benie na\u021bional\u0103 pe 21 septembrie 2019, activitate desfasurata \u00een 26 de jude\u021be, printre care \u0219i Giurgiu, Rom\u00e2n"},"footnotes":""},"categories":[18,29,26,28],"tags":[],"class_list":{"0":"post-69259","1":"post","2":"type-post","3":"status-publish","4":"format-standard","5":"has-post-thumbnail","7":"category-actual","8":"category-educatie-si-cultura","9":"category-soc","10":"category-uo"},"_links":{"self":[{"href":"https:\/\/giurgiu-net.ro\/index.php\/wp-json\/wp\/v2\/posts\/69259","targetHints":{"allow":["GET"]}}],"collection":[{"href":"https:\/\/giurgiu-net.ro\/index.php\/wp-json\/wp\/v2\/posts"}],"about":[{"href":"https:\/\/giurgiu-net.ro\/index.php\/wp-json\/wp\/v2\/types\/post"}],"author":[{"embeddable":true,"href":"https:\/\/giurgiu-net.ro\/index.php\/wp-json\/wp\/v2\/users\/1"}],"replies":[{"embeddable":true,"href":"https:\/\/giurgiu-net.ro\/index.php\/wp-json\/wp\/v2\/comments?post=69259"}],"version-history":[{"count":0,"href":"https:\/\/giurgiu-net.ro\/index.php\/wp-json\/wp\/v2\/posts\/69259\/revisions"}],"wp:featuredmedia":[{"embeddable":true,"href":"https:\/\/giurgiu-net.ro\/index.php\/wp-json\/"}],"wp:attachment":[{"href":"https:\/\/giurgiu-net.ro\/index.php\/wp-json\/wp\/v2\/media?parent=69259"}],"wp:term":[{"taxonomy":"category","embeddable":true,"href":"https:\/\/giurgiu-net.ro\/index.php\/wp-json\/wp\/v2\/categories?post=69259"},{"taxonomy":"post_tag","embeddable":true,"href":"https:\/\/giurgiu-net.ro\/index.php\/wp-json\/wp\/v2\/tags?post=69259"}],"curies":[{"name":"wp","href":"https:\/\/api.w.org\/{rel}","templated":true}]}}