{"id":69222,"date":"2019-09-15T09:48:35","date_gmt":"2019-09-15T06:48:35","guid":{"rendered":"http:\/\/giurgiu-net.ro\/?p=69222"},"modified":"2019-09-15T09:48:35","modified_gmt":"2019-09-15T06:48:35","slug":"partidele-din-opozitie-au-ocazia-sa-si-dovedeasca-preocuparea-pentru-bunastarea-romanilor-cititi-aici-ce-prevede-pactul-propus-de-premierul-dancila","status":"publish","type":"post","link":"https:\/\/giurgiu-net.ro\/index.php\/2019\/09\/15\/partidele-din-opozitie-au-ocazia-sa-si-dovedeasca-preocuparea-pentru-bunastarea-romanilor-cititi-aici-ce-prevede-pactul-propus-de-premierul-dancila\/","title":{"rendered":"Partidele din Opozi\u0163ie au ocazia s\u0103-\u015fi dovedeasc\u0103 &#8222;preocuparea pentru bun\u0103starea rom\u00e2nilor&#8221;. CITI\u0162I AICI ce prevede Pactul  propus de premierul D\u0103ncil\u0103!"},"content":{"rendered":"\n<p>PSD, prin pre\u015fedintele Viorica D\u0103ncil\u0103, a propus Pactul Na\u021bional pentru Bun\u0103starea Rom\u00e2nilor.<\/p>\n\n\n\n<p>Premierul a semnat deja acest pact \u0219i i-a invitat pe liderii tuturor partidelor parlamentare s\u0103 fac\u0103 la fel.<br \/><\/p>\n\n\n\n<p>&#8222;<em>Rom\u00e2nii au nevoie de garan\u021bia clasei politice c\u0103 nu va mai veni cineva s\u0103 le taie salariile \u0219i pensiile, a\u0219a cum s-a \u00eent\u00e2mplat \u00een 2010.<\/em><br \/><\/p>\n\n\n\n<p><em>Rom\u00e2nii trebuie s\u0103 primeasc\u0103 asigurarea c\u0103 vor fi respectate legile deja votate \u00een Parlament, prin care salariile bugetarilor \u0219i pensiile oamenilor vor fi m\u0103rite conform calendarului, \u00een 2020 \u0219i 2021&#8243;<\/em>, scrie pe Facebook, legat de acest subiect, ministrul Economiei, giurgiuveanul Niculae B\u0103d\u0103l\u0103u.<\/p>\n\n\n\n<figure class=\"wp-block-image\"><img decoding=\"async\" src=\"https:\/\/giurgiu-net.ro\/wp-content\/uploads\/2019\/04\/badalau.jpg\" alt=\"\" class=\"wp-image-66716\"\/><\/figure>\n\n\n\n<p>Potrivit Pactului Na\u0163ional pentru Bun\u0103starea Rom\u00e2nilor: locuitorii acestei \u0163\u0103ri <em>trebuie s\u0103 primeasc\u0103 asigurarea c\u0103 vor fi respectate legile deja votate \u00een Parlament, prin care salariile bugetarilor \u0219i pensiile oamenilor vor fi m\u0103rite conform calendarului, \u00een 2020 \u0219i 2021.<\/em><\/p>\n\n\n\n<p>Astfel, prin Pactul Na\u0163ional pentru\nBun\u0103starea Rom\u00e2nilor, toate partidele se angajeaz\u0103 \u00een fa\u0163a oamenilor: <strong><em>S\u0103 NU\n<\/em><\/strong><strong><em>aduc\u0103 atingere \u00een niciun fel bun\u0103st\u0103rii&nbsp;rom\u00e2nilor\npe care \u00eei reprezint\u0103, indiferent dac\u0103 se afl\u0103 la guvernare sau \u00een\nopozi\u021bie.&nbsp;<\/em><\/strong><\/p>\n\n\n\n<p>&#8222;Noi, partidele semnatare ale prezentului PACT,&nbsp;Cu privire la <strong>PENSIILE ROM\u00c2NILOR<\/strong>, ne angaj\u0103m s\u0103 <strong>NU<\/strong> sus\u021binem modificarea \/ am\u00e2narea aplic\u0103rii articolelor din Legea&nbsp;Pensiilor care prev\u0103d: <em>majorarea punctului de pensie de la 1 septembrie 2020 la 1775 lei,&nbsp;cre\u0219terea nivelului indemniza\u021biei minime la 775 lei \u00eencep\u00e2nd cu 1 septembrie 2020 \u0219i&nbsp;recalcularea pensiilor<\/em>.<\/p>\n\n\n\n<p>Cu privire la <strong>SALARIILE ROM\u00c2NILOR<\/strong>,&nbsp;ne angaj\u0103m s\u0103 <strong>NU<\/strong> sus\u021binem modificarea \/ am\u00e2narea aplic\u0103rii articolelor din\nLegea&nbsp;Salariz\u0103rii care prev\u0103d: <em>majorarea\nsalariilor din \u00eentregul sistem public, prev\u0103zut\u0103 la 1&nbsp;ianuarie 2020 \u0219i 1\nianuarie 2021, majorarea salariilor din Educa\u021bie de la&nbsp;1 septembrie 2020,\nacordarea de vouchere de vacan\u021b\u0103 \u0219i indemniza\u021bii de hran\u0103, acordarea&nbsp;de\nsporuri, prime \u0219i bonusuri.<\/em><\/p>\n\n\n\n<p>Cu privire la <strong>SUS\u021aINEREA FACILIT\u0102\u021aILOR PENTRU IMM-URI<\/strong>,&nbsp;ne angaj\u0103m s\u0103 <strong>NU<\/strong> sus\u021binem modificarea \/ am\u00e2narea\naplic\u0103rii articolelor din Codul Fiscal&nbsp;care vizeaz\u0103 <em>impozitarea \u00eentreprinderilor mici \u0219i mijlocii cu cifra de afaceri\nanual\u0103 mai mic\u0103&nbsp;de 1 milion de euro.<\/em><\/p>\n\n\n\n<p>Cu privire la <strong>SISTEMUL DE IMPOZITARE<\/strong>,&nbsp;Ne angaj\u0103m s\u0103 <strong>NU<\/strong> sus\u021binem modificarea \/ am\u00e2narea aplic\u0103rii articolelor din Codul\nFiscal&nbsp;care vizeaz\u0103 <em>nivelul de\nimpozitare al persoanelor fizice \u0219i juridice care desf\u0103\u0219oar\u0103\nactivit\u0103\u021bi&nbsp;independente.<\/em><\/p>\n\n\n\n<p>Cu privire la <strong>ANTREPRENORII DEBUTAN\u021aI,<\/strong>&nbsp;ne angaj\u0103m s\u0103 <strong>CONTINU\u0102M<\/strong> <em>aplicarea anual\u0103 a\nProgramului Start-Up Nation privind&nbsp;acordarea de granturi \u00een valoare de\n200.000 lei pentru un num\u0103r de 10.000 de firme&nbsp;debutante.<\/em><\/p>\n\n\n\n<p>Modific\u0103ri asupra actelor normative men\u021bionate pot fi ini\u021biate sau acceptate de c\u0103tre&nbsp;semnatarii acestui Pact strict \u00een sensul \u00eembun\u0103t\u0103\u021birii sau acord\u0103rii de facilit\u0103\u021bi suplimentare&nbsp;beneficiarilor, f\u0103r\u0103 a afecta \u00een niciun fel drepturile oamenilor \u0219i angajamentele luate&nbsp;\u00een fa\u021ba acestora&#8221;, se arat\u0103 \u00een textul Pactului Na\u0163ional pentru Bun\u0103starea Rom\u00e2nilor.<\/p>\n\n\n\n<figure class=\"wp-block-image\"><img decoding=\"async\" src=\"https:\/\/giurgiu-net.ro\/wp-content\/uploads\/2019\/09\/71199460_1003132013364694_2114512893465591808_n.jpg\" alt=\"\" class=\"wp-image-69223\"\/><\/figure>\n\n\n\n<figure class=\"wp-block-image\"><img decoding=\"async\" src=\"https:\/\/giurgiu-net.ro\/wp-content\/uploads\/2019\/09\/70163289_1003132043364691_7303991400410906624_n.jpg\" alt=\"\" class=\"wp-image-69224\"\/><\/figure>\n","protected":false},"excerpt":{"rendered":"<p>PSD, prin pre\u015fedintele Viorica D\u0103ncil\u0103, a propus Pactul Na\u021bional pentru Bun\u0103starea Rom\u00e2nilor. Premierul a semnat deja acest pact \u0219i i-a invitat pe liderii tuturor partidelor parlamentare s\u0103 fac\u0103 la fel. &#8222;Rom\u00e2nii au nevoie de garan\u021bia clasei politice c\u0103 nu va mai veni cineva s\u0103 le taie salariile \u0219i pensiile, a\u0219a cum s-a \u00eent\u00e2mplat \u00een 2010. [&hellip;]<\/p>\n","protected":false},"author":1,"featured_media":69225,"comment_status":"open","ping_status":"open","sticky":false,"template":"","format":"standard","meta":{"slim_seo":{"title":"Partidele din Opozi\u0163ie au ocazia s\u0103-\u015fi dovedeasc\u0103 \"preocuparea pentru bun\u0103starea rom\u00e2nilor\". CITI\u0162I AICI ce prevede Pactul propus de premierul D\u0103ncil\u0103! - GIURGIU NET","description":"PSD, prin pre\u015fedintele Viorica D\u0103ncil\u0103, a propus Pactul Na\u021bional pentru Bun\u0103starea Rom\u00e2nilor. Premierul a semnat deja acest pact \u0219i i-a invitat pe liderii tutur"},"footnotes":""},"categories":[18,19,22,25,26,28],"tags":[],"class_list":{"0":"post-69222","1":"post","2":"type-post","3":"status-publish","4":"format-standard","5":"has-post-thumbnail","7":"category-actual","8":"category-adm","9":"category-nt","10":"category-pol","11":"category-soc","12":"category-uo"},"_links":{"self":[{"href":"https:\/\/giurgiu-net.ro\/index.php\/wp-json\/wp\/v2\/posts\/69222","targetHints":{"allow":["GET"]}}],"collection":[{"href":"https:\/\/giurgiu-net.ro\/index.php\/wp-json\/wp\/v2\/posts"}],"about":[{"href":"https:\/\/giurgiu-net.ro\/index.php\/wp-json\/wp\/v2\/types\/post"}],"author":[{"embeddable":true,"href":"https:\/\/giurgiu-net.ro\/index.php\/wp-json\/wp\/v2\/users\/1"}],"replies":[{"embeddable":true,"href":"https:\/\/giurgiu-net.ro\/index.php\/wp-json\/wp\/v2\/comments?post=69222"}],"version-history":[{"count":0,"href":"https:\/\/giurgiu-net.ro\/index.php\/wp-json\/wp\/v2\/posts\/69222\/revisions"}],"wp:featuredmedia":[{"embeddable":true,"href":"https:\/\/giurgiu-net.ro\/index.php\/wp-json\/"}],"wp:attachment":[{"href":"https:\/\/giurgiu-net.ro\/index.php\/wp-json\/wp\/v2\/media?parent=69222"}],"wp:term":[{"taxonomy":"category","embeddable":true,"href":"https:\/\/giurgiu-net.ro\/index.php\/wp-json\/wp\/v2\/categories?post=69222"},{"taxonomy":"post_tag","embeddable":true,"href":"https:\/\/giurgiu-net.ro\/index.php\/wp-json\/wp\/v2\/tags?post=69222"}],"curies":[{"name":"wp","href":"https:\/\/api.w.org\/{rel}","templated":true}]}}