{"id":69104,"date":"2019-09-10T08:30:45","date_gmt":"2019-09-10T05:30:45","guid":{"rendered":"http:\/\/giurgiu-net.ro\/?p=69104"},"modified":"2019-09-10T08:30:45","modified_gmt":"2019-09-10T05:30:45","slug":"presedintele-cj-giurgiu-alaturi-de-elevii-si-dascalii-din-judet-la-deschiderea-noului-an-scolar","status":"publish","type":"post","link":"https:\/\/giurgiu-net.ro\/index.php\/2019\/09\/10\/presedintele-cj-giurgiu-alaturi-de-elevii-si-dascalii-din-judet-la-deschiderea-noului-an-scolar\/","title":{"rendered":"Pre\u015fedintele CJ Giurgiu, al\u0103turi de elevii \u015fi dasc\u0103lii din jude\u0163, la deschiderea noului an \u015fcolar"},"content":{"rendered":"\n<p class=\"wp-block-paragraph\">Luni, 9 septembrie, pre\u015fedintele Consiliului Jude\u0163ean Giurgiu, Marian Mina, a participat la festivitatea de deschidere a noului an \u015fcolar, la \u015fcolile din Malu Spart \u015fi Buturugeni!<\/p>\n\n\n\n<p class=\"wp-block-paragraph\">&#8222;Autorit\u0103\u0163ile locale, jude\u0163ene \u015fi centrale au datoria s\u0103 asigure, \u00een fiecare localitate, condi\u0163ii de studiu, respectiv de predare, \u00een \u015fcoli moderne, dotate corespunz\u0103tor, iar, \u00een jude\u0163ul nostru, acest lucru este o #prioritate!<\/p>\n\n\n\n<p class=\"wp-block-paragraph\">\u00cei felicit pe to\u0163i primarii care au reu\u015fit s\u0103 reabiliteze, s\u0103 modernizeze \u015fi chiar s\u0103 construiasc\u0103 noi unit\u0103\u0163i de \u00eenv\u0103\u0163\u0103m\u00e2nt, iar tuturor elevilor \u015fi profesorilor giurgiuveni le doresc un an nou \u015fcolar cu succes!<\/p>\n\n\n\n<p class=\"wp-block-paragraph\">Sunt \u00eencrez\u0103tor c\u0103 eforturile f\u0103cute de fiecare \u00een parte, de p\u0103rin\u0163i, de copii, de dasc\u0103li \u015fi de autorit\u0103\u0163i se vor reg\u0103si \u00een rezultatele ob\u0163inute \u00een acest nou an \u015fcolar 2019-2020!&#8221;, a scris Marian Mina, pe Facebook.<\/p>\n\n\n\n<ul class=\"wp-block-gallery columns-2 is-cropped wp-block-gallery-1 is-layout-flex wp-block-gallery-is-layout-flex\"><li class=\"blocks-gallery-item\"><figure><img decoding=\"async\" src=\"https:\/\/giurgiu-net.ro\/wp-content\/uploads\/2019\/09\/70605330_999313337079895_3993900422241714176_n-300x259.jpg\" alt=\"\" data-id=\"69105\" data-link=\"https:\/\/giurgiu-net.ro\/?attachment_id=69105\" class=\"wp-image-69105\"\/><\/figure><\/li><li class=\"blocks-gallery-item\"><figure><img decoding=\"async\" src=\"https:\/\/giurgiu-net.ro\/wp-content\/uploads\/2019\/09\/WhatsApp-Image-2019-09-09-at-20.38.55-2-300x200.jpeg\" alt=\"\" data-id=\"69106\" data-link=\"https:\/\/giurgiu-net.ro\/?attachment_id=69106\" class=\"wp-image-69106\"\/><\/figure><\/li><li class=\"blocks-gallery-item\"><figure><img decoding=\"async\" src=\"https:\/\/giurgiu-net.ro\/wp-content\/uploads\/2019\/09\/WhatsApp-Image-2019-09-09-at-20.38.56-1-300x200.jpeg\" alt=\"\" data-id=\"69107\" data-link=\"https:\/\/giurgiu-net.ro\/?attachment_id=69107\" class=\"wp-image-69107\"\/><\/figure><\/li><li class=\"blocks-gallery-item\"><figure><img decoding=\"async\" src=\"https:\/\/giurgiu-net.ro\/wp-content\/uploads\/2019\/09\/WhatsApp-Image-2019-09-09-at-20.55.24-3-1-300x221.jpeg\" alt=\"\" data-id=\"69108\" data-link=\"https:\/\/giurgiu-net.ro\/?attachment_id=69108\" class=\"wp-image-69108\"\/><\/figure><\/li><li class=\"blocks-gallery-item\"><figure><img decoding=\"async\" src=\"https:\/\/giurgiu-net.ro\/wp-content\/uploads\/2019\/09\/WhatsApp-Image-2019-09-09-at-20.55.26-1-300x225.jpeg\" alt=\"\" data-id=\"69109\" data-link=\"https:\/\/giurgiu-net.ro\/?attachment_id=69109\" class=\"wp-image-69109\"\/><\/figure><\/li><li class=\"blocks-gallery-item\"><figure><img decoding=\"async\" src=\"https:\/\/giurgiu-net.ro\/wp-content\/uploads\/2019\/09\/WhatsApp-Image-2019-09-09-at-20.55.26-2-300x225.jpeg\" alt=\"\" data-id=\"69111\" data-link=\"https:\/\/giurgiu-net.ro\/?attachment_id=69111\" class=\"wp-image-69111\"\/><\/figure><\/li><li class=\"blocks-gallery-item\"><figure><img decoding=\"async\" src=\"https:\/\/giurgiu-net.ro\/wp-content\/uploads\/2019\/09\/WhatsApp-Image-2019-09-09-at-20.55.26-3-274x300.jpeg\" alt=\"\" data-id=\"69112\" data-link=\"https:\/\/giurgiu-net.ro\/?attachment_id=69112\" class=\"wp-image-69112\"\/><\/figure><\/li><li class=\"blocks-gallery-item\"><figure><img decoding=\"async\" src=\"https:\/\/giurgiu-net.ro\/wp-content\/uploads\/2019\/09\/WhatsApp-Image-2019-09-09-at-20.55.26-300x294.jpeg\" alt=\"\" data-id=\"69113\" data-link=\"https:\/\/giurgiu-net.ro\/?attachment_id=69113\" class=\"wp-image-69113\"\/><\/figure><\/li><\/ul>\n","protected":false},"excerpt":{"rendered":"<p>Luni, 9 septembrie, pre\u015fedintele Consiliului Jude\u0163ean Giurgiu, Marian Mina, a participat la festivitatea de deschidere a noului an \u015fcolar, la \u015fcolile din Malu Spart \u015fi Buturugeni! &#8222;Autorit\u0103\u0163ile locale, jude\u0163ene \u015fi centrale au datoria s\u0103 asigure, \u00een fiecare localitate, condi\u0163ii de studiu, respectiv de predare, \u00een \u015fcoli moderne, dotate corespunz\u0103tor, iar, \u00een jude\u0163ul nostru, acest lucru [&hellip;]<\/p>\n","protected":false},"author":1,"featured_media":69110,"comment_status":"open","ping_status":"open","sticky":false,"template":"","format":"standard","meta":{"slim_seo":{"title":"Pre\u015fedintele CJ Giurgiu, al\u0103turi de elevii \u015fi dasc\u0103lii din jude\u0163, la deschiderea noului an \u015fcolar - GIURGIU NET","description":"Luni, 9 septembrie, pre\u015fedintele Consiliului Jude\u0163ean Giurgiu, Marian Mina, a participat la festivitatea de deschidere a noului an \u015fcolar, la \u015fcolile din Malu S"},"footnotes":""},"categories":[18,29,26,28],"tags":[1626],"class_list":["post-69104","post","type-post","status-publish","format-standard","has-post-thumbnail","category-actual","category-educatie-si-cultura","category-soc","category-uo","tag-marian-mina"],"_links":{"self":[{"href":"https:\/\/giurgiu-net.ro\/index.php\/wp-json\/wp\/v2\/posts\/69104","targetHints":{"allow":["GET"]}}],"collection":[{"href":"https:\/\/giurgiu-net.ro\/index.php\/wp-json\/wp\/v2\/posts"}],"about":[{"href":"https:\/\/giurgiu-net.ro\/index.php\/wp-json\/wp\/v2\/types\/post"}],"author":[{"embeddable":true,"href":"https:\/\/giurgiu-net.ro\/index.php\/wp-json\/wp\/v2\/users\/1"}],"replies":[{"embeddable":true,"href":"https:\/\/giurgiu-net.ro\/index.php\/wp-json\/wp\/v2\/comments?post=69104"}],"version-history":[{"count":0,"href":"https:\/\/giurgiu-net.ro\/index.php\/wp-json\/wp\/v2\/posts\/69104\/revisions"}],"wp:attachment":[{"href":"https:\/\/giurgiu-net.ro\/index.php\/wp-json\/wp\/v2\/media?parent=69104"}],"wp:term":[{"taxonomy":"category","embeddable":true,"href":"https:\/\/giurgiu-net.ro\/index.php\/wp-json\/wp\/v2\/categories?post=69104"},{"taxonomy":"post_tag","embeddable":true,"href":"https:\/\/giurgiu-net.ro\/index.php\/wp-json\/wp\/v2\/tags?post=69104"}],"curies":[{"name":"wp","href":"https:\/\/api.w.org\/{rel}","templated":true}]}}