{"id":69014,"date":"2019-09-08T11:35:43","date_gmt":"2019-09-08T08:35:43","guid":{"rendered":"http:\/\/giurgiu-net.ro\/?p=69014"},"modified":"2019-09-08T11:35:43","modified_gmt":"2019-09-08T08:35:43","slug":"sfanta-maria-mica-traditii-si-obiceiuri","status":"publish","type":"post","link":"https:\/\/giurgiu-net.ro\/index.php\/2019\/09\/08\/sfanta-maria-mica-traditii-si-obiceiuri\/","title":{"rendered":"Sf\u00e2nta Maria Mic\u0103, tradi\u0163ii \u015fi obiceiuri"},"content":{"rendered":"\n<p> \u00cen 8 septembrie, cre\u015ftinii pr\u0103znuiesc Na\u015fterea Maicii Domnului sau Sf\u00e2nta Maria Mic\u0103, a\u015fa cum mai este cunoscut\u0103 \u00een popor cea mai mare s\u0103rb\u0103toare a toamnei. Importan\u0163a vener\u0103rii Maicii Domnului este simbolizat\u0103 de num\u0103rul foarte mare de biserici care \u00eei poart\u0103 numele \u015fi de cele mai mult de 2.2 milioane de persoane care \u00ee\u015fi s\u0103rb\u0103toresc onomastica cu aceast\u0103 ocazie. <\/p>\n\n\n\n<p>Sf\u00e2nta Maria Mic\u0103 marcheaz\u0103 \u00een calendarul popular hotarul dintre var\u0103 \u015fi toamn\u0103, iar pentru locuitorii satului tradi\u0163ional anun\u0163a b\u0103tutul nucilor, culesul viilor, al ogoarelor \u015fi sem\u0103natul gr\u00e2ului, orzului \u015fi secarei de toamn\u0103.<\/p>\n\n\n\n<p>Gospodinele \u00eempart struguri \u015fi prune de sufletul mor\u0163ilor, ca s\u0103 primeasc\u0103 \u015fi ei din roadele toamnei, &#8222;pe cealalt\u0103 lume&#8221;.<\/p>\n\n\n\n<p>Este vremea c\u00e2nd r\u00e2ndunelele pleac\u0103 spre zone mai calde \u015fi insectele \u00eencep s\u0103 se ascund\u0103 \u00een p\u0103m\u00e2nt.<\/p>\n\n\n\n<p>Din aceast\u0103 zi, plantele de leac \u00ee\u015fi pierd puterea t\u0103m\u0103duitoare, apele se r\u0103cesc \u015fi \u00eencep t\u0103rgurile \u015fi iarmaroacele.<\/p>\n\n\n\n<p>Ca la orice mare praznic, nu se fac treburi gospod\u0103re\u015fti, nu se spal\u0103 rufe \u015fi nu se face cur\u0103\u0163enie \u00een cas\u0103, ca s\u0103 nu se atrag\u0103 r\u0103ul.<\/p>\n\n\n\n<p>Casa \u00een care arde candela va fi binecuvantat\u0103 cu armonie \u015fi \u00eentelegere \u015fi ferit\u0103 de foc, de vijelie sau grindin\u0103, de rele \u015fi nenorociri.<\/p>\n\n\n\n<p>\u00cen popor se spune c\u0103, de Sf\u00e2nta Maria Mic\u0103, sunt ascultate mai ales rug\u0103ciunile femeilor care vor s\u0103 aib\u0103 copii, ale celor \u00eens\u0103rcinate, pe care Maica Domnului le va ajuta s\u0103 aib\u0103 o na\u015ftere u\u015foar\u0103, \u015fi ale celor care vor s\u0103 se c\u0103s\u0103toreasc\u0103, ca s\u0103-\u015fi g\u0103seasc\u0103 perechea potrivit\u0103.<\/p>\n\n\n\n<p>Surs\u0103: tvr.ro<\/p>\n","protected":false},"excerpt":{"rendered":"<p>\u00cen 8 septembrie, cre\u015ftinii pr\u0103znuiesc Na\u015fterea Maicii Domnului sau Sf\u00e2nta Maria Mic\u0103, a\u015fa cum mai este cunoscut\u0103 \u00een popor cea mai mare s\u0103rb\u0103toare a toamnei. Importan\u0163a vener\u0103rii Maicii Domnului este simbolizat\u0103 de num\u0103rul foarte mare de biserici care \u00eei poart\u0103 numele \u015fi de cele mai mult de 2.2 milioane de persoane care \u00ee\u015fi s\u0103rb\u0103toresc onomastica [&hellip;]<\/p>\n","protected":false},"author":1,"featured_media":69015,"comment_status":"open","ping_status":"open","sticky":false,"template":"","format":"standard","meta":{"slim_seo":{"title":"Sf\u00e2nta Maria Mic\u0103, tradi\u0163ii \u015fi obiceiuri - GIURGIU NET","description":"\u00cen 8 septembrie, cre\u015ftinii pr\u0103znuiesc Na\u015fterea Maicii Domnului sau Sf\u00e2nta Maria Mic\u0103, a\u015fa cum mai este cunoscut\u0103 \u00een popor cea mai mare s\u0103rb\u0103toare a toamnei. Imp"},"footnotes":""},"categories":[18,26,28],"tags":[],"class_list":{"0":"post-69014","1":"post","2":"type-post","3":"status-publish","4":"format-standard","5":"has-post-thumbnail","7":"category-actual","8":"category-soc","9":"category-uo"},"_links":{"self":[{"href":"https:\/\/giurgiu-net.ro\/index.php\/wp-json\/wp\/v2\/posts\/69014","targetHints":{"allow":["GET"]}}],"collection":[{"href":"https:\/\/giurgiu-net.ro\/index.php\/wp-json\/wp\/v2\/posts"}],"about":[{"href":"https:\/\/giurgiu-net.ro\/index.php\/wp-json\/wp\/v2\/types\/post"}],"author":[{"embeddable":true,"href":"https:\/\/giurgiu-net.ro\/index.php\/wp-json\/wp\/v2\/users\/1"}],"replies":[{"embeddable":true,"href":"https:\/\/giurgiu-net.ro\/index.php\/wp-json\/wp\/v2\/comments?post=69014"}],"version-history":[{"count":0,"href":"https:\/\/giurgiu-net.ro\/index.php\/wp-json\/wp\/v2\/posts\/69014\/revisions"}],"wp:featuredmedia":[{"embeddable":true,"href":"https:\/\/giurgiu-net.ro\/index.php\/wp-json\/"}],"wp:attachment":[{"href":"https:\/\/giurgiu-net.ro\/index.php\/wp-json\/wp\/v2\/media?parent=69014"}],"wp:term":[{"taxonomy":"category","embeddable":true,"href":"https:\/\/giurgiu-net.ro\/index.php\/wp-json\/wp\/v2\/categories?post=69014"},{"taxonomy":"post_tag","embeddable":true,"href":"https:\/\/giurgiu-net.ro\/index.php\/wp-json\/wp\/v2\/tags?post=69014"}],"curies":[{"name":"wp","href":"https:\/\/api.w.org\/{rel}","templated":true}]}}