{"id":69008,"date":"2019-09-07T09:20:48","date_gmt":"2019-09-07T06:20:48","guid":{"rendered":"http:\/\/giurgiu-net.ro\/?p=69008"},"modified":"2019-09-07T09:20:48","modified_gmt":"2019-09-07T06:20:48","slug":"campanie-in-scolile-din-giurgiu-derulata-de-jandarmi-politisti-pompieri-si-specialisti-antidrog","status":"publish","type":"post","link":"https:\/\/giurgiu-net.ro\/index.php\/2019\/09\/07\/campanie-in-scolile-din-giurgiu-derulata-de-jandarmi-politisti-pompieri-si-specialisti-antidrog\/","title":{"rendered":"Campanie \u00een \u015fcolile din Giurgiu, derulat\u0103 de jandarmi, poli\u0163i\u015fti, pompieri \u015fi speciali\u015fti antidrog"},"content":{"rendered":"\n<p><strong>Luni,\n09 septembrie a.c., jandarmii giurgiuveni vor fi al\u0103turi de elevi \u015fi de cadrele\ndidactice cu ocazia festivit\u0103\u0163ilor de deschidere a noului an \u015fcolar.\nInstitu\u0163iile de \u00eenv\u0103\u0163\u0103m\u00e2nt au fost incluse \u00een itinerarul de patrulare al\njandarmilor, astfel \u00eenc\u00e2t activit\u0103\u0163ile organizate \u00een prima zi de \u015fcoal\u0103 s\u0103 se\ndesf\u0103\u015foare \u00eentr-un climat de ordine \u015fi siguran\u0163\u0103. <\/strong><\/p>\n\n\n\n<p>&#8222;Odat\u0103 cu \u00eenceperea noului an \u0219colar, timp de dou\u0103 s\u0103pt\u0103m\u00e2ni, la nivelul jude\u021bului se va desf\u0103\u0219ura campania <strong>\u201c10 pentru Siguran\u021b\u0103\u201d, <\/strong>care presupune organizarea unor activit\u0103\u021bi de informare \u0219i prevenire, \u00een sistem integrat. Reprezentan\u021bi ai Jandarmeriei, Poli\u021biei, Poli\u021biei de Frontier\u0103, Inspectoratului pentru Situa\u021bii de Urgen\u021b\u0103 \u0219i ai Centrului de Prevenire, Evaluare \u0219i Consiliere Antidrog vor participa la activit\u0103\u021bi dedicate elevilor, profesorilor \u0219i p\u0103rin\u021bilor \u00een localit\u0103\u021bile Giurgiu, Bolintin Vale, Mih\u0103ile\u0219ti, Bolintin Deal, Buturugeni, Milcov\u0103\u021bu, Uzunu \u0219i Clejani. <\/p>\n\n\n\n<p>\u00cen anul \u015fcolar 2019-2020 jandarmii vor\nfi prezen\u0163i \u00een zona urm\u0103toarelor institu\u0163ii de \u00eenv\u0103\u0163\u0103m\u00e2nt la intrarea \/ ie\u015firea\nelevilor de la cursuri: <em>Colegiul Na\u021bional<\/em>\n<em>\u201eIon Maiorescu\u201d; Liceul Teoretic \u201eTudor\nVianu\u201d; Liceul Teoretic \u201eNicolae Cartojan\u201d; Colegiul Tehnic \u201eViceamiral Ioan\nB\u0103l\u0103nescu\u201d, \u0218coala Postliceal\u0103 Sanitar\u0103; Seminarul Teologic \u201dTeoctist\nPatriarhul\u201d <\/em>din municipiul Giurgiu<em>;\nLiceul Tehnologic \u201eTiu Dumitrescu\u201d din Mih\u0103ile\u015fti; Liceul Tehnologic \u201eDimitrie\nBolintineanu\u201d din Bolintin Vale; \u015ecoala gimnazial\u0103 nr. 1 din Clejani.<\/em><\/p>\n\n\n\n<p>Jandarmii vor ac\u0163iona independent \u015fi \u00een\nsistem integrat \u00een zona \u0219colilor \u0219i liceelor \u015fi vor asigura o interven\u0163ie\nrapid\u0103 la evenimentele sesizate \u00een incinta sau \u00een apropierea unit\u0103\u0163ilor\n\u015fcolare. Colaborarea cu directorii institu\u0163iilor aflate \u00een responsabilitatea\nJandarmeriei va fi foarte str\u00e2ns\u0103, astfel \u00eenc\u00e2t fiecare situa\u0163ie s\u0103 fie\ngestionat\u0103 \u00een mod corespunz\u0103tor. <\/p>\n\n\n\n<p>Pentru\ncre\u015fterea gradului de siguran\u0163\u0103 a elevilor, au fost stabilite urm\u0103toarele\ndirec\u0163ii de ac\u0163iune: <\/p>\n\n\n\n<ul class=\"wp-block-list\"><li>prezen\u0163a \u00een zona institu\u0163iilor de \u00eenv\u0103\u021b\u0103m\u00e2nt pentru descurajarea oric\u0103ror \u00eencerc\u0103ri de \u00eenc\u0103lcare a normelor de convie\u0163uire social\u0103;<\/li><li>desf\u0103\u015furarea unor ac\u0163iuni comune cu alte institu\u0163ii pentru \u00eent\u0103rirea climatului de siguran\u0163\u0103 public\u0103, prevenirea \u015fi descurajarea faptelor antisociale; <\/li><li>desf\u0103\u015furarea unor activit\u0103\u0163i de informare a elevilor \u015fi de prevenire a violen\u0163ei, a delincven\u0163ei juvenile, promovarea \u015fi respectarea drepturilor omului, prevenirea criminalit\u0103\u0163ii stradale, a consumului de droguri sau a altor substan\u0163e halucinogene, folosirea responsabil\u0103 a re\u0163elelor de socializare etc.&#8221;, se arat\u0103 \u00eentr-un comunicat de pres\u0103 al Jandarmeriei Giurgiu.<\/li><\/ul>\n","protected":false},"excerpt":{"rendered":"<p>Luni, 09 septembrie a.c., jandarmii giurgiuveni vor fi al\u0103turi de elevi \u015fi de cadrele didactice cu ocazia festivit\u0103\u0163ilor de deschidere a noului an \u015fcolar. Institu\u0163iile de \u00eenv\u0103\u0163\u0103m\u00e2nt au fost incluse \u00een itinerarul de patrulare al jandarmilor, astfel \u00eenc\u00e2t activit\u0103\u0163ile organizate \u00een prima zi de \u015fcoal\u0103 s\u0103 se desf\u0103\u015foare \u00eentr-un climat de ordine \u015fi siguran\u0163\u0103. &#8222;Odat\u0103 [&hellip;]<\/p>\n","protected":false},"author":1,"featured_media":69009,"comment_status":"open","ping_status":"open","sticky":false,"template":"","format":"standard","meta":{"slim_seo":{"title":"Campanie \u00een \u015fcolile din Giurgiu, derulat\u0103 de jandarmi, poli\u0163i\u015fti, pompieri \u015fi speciali\u015fti antidrog - GIURGIU NET","description":"Luni, 09 septembrie a.c., jandarmii giurgiuveni vor fi al\u0103turi de elevi \u015fi de cadrele didactice cu ocazia festivit\u0103\u0163ilor de deschidere a noului an \u015fcolar. Insti"},"footnotes":""},"categories":[18,26,28],"tags":[],"class_list":{"0":"post-69008","1":"post","2":"type-post","3":"status-publish","4":"format-standard","5":"has-post-thumbnail","7":"category-actual","8":"category-soc","9":"category-uo"},"_links":{"self":[{"href":"https:\/\/giurgiu-net.ro\/index.php\/wp-json\/wp\/v2\/posts\/69008","targetHints":{"allow":["GET"]}}],"collection":[{"href":"https:\/\/giurgiu-net.ro\/index.php\/wp-json\/wp\/v2\/posts"}],"about":[{"href":"https:\/\/giurgiu-net.ro\/index.php\/wp-json\/wp\/v2\/types\/post"}],"author":[{"embeddable":true,"href":"https:\/\/giurgiu-net.ro\/index.php\/wp-json\/wp\/v2\/users\/1"}],"replies":[{"embeddable":true,"href":"https:\/\/giurgiu-net.ro\/index.php\/wp-json\/wp\/v2\/comments?post=69008"}],"version-history":[{"count":0,"href":"https:\/\/giurgiu-net.ro\/index.php\/wp-json\/wp\/v2\/posts\/69008\/revisions"}],"wp:featuredmedia":[{"embeddable":true,"href":"https:\/\/giurgiu-net.ro\/index.php\/wp-json\/"}],"wp:attachment":[{"href":"https:\/\/giurgiu-net.ro\/index.php\/wp-json\/wp\/v2\/media?parent=69008"}],"wp:term":[{"taxonomy":"category","embeddable":true,"href":"https:\/\/giurgiu-net.ro\/index.php\/wp-json\/wp\/v2\/categories?post=69008"},{"taxonomy":"post_tag","embeddable":true,"href":"https:\/\/giurgiu-net.ro\/index.php\/wp-json\/wp\/v2\/tags?post=69008"}],"curies":[{"name":"wp","href":"https:\/\/api.w.org\/{rel}","templated":true}]}}