{"id":69000,"date":"2019-09-06T14:51:31","date_gmt":"2019-09-06T11:51:31","guid":{"rendered":"http:\/\/giurgiu-net.ro\/?p=69000"},"modified":"2019-09-06T14:51:31","modified_gmt":"2019-09-06T11:51:31","slug":"sansa-uriasa-pentru-giurgiu-vom-avea-aeroport-lucrarile-vor-incepe-in-aceasta-toamna","status":"publish","type":"post","link":"https:\/\/giurgiu-net.ro\/index.php\/2019\/09\/06\/sansa-uriasa-pentru-giurgiu-vom-avea-aeroport-lucrarile-vor-incepe-in-aceasta-toamna\/","title":{"rendered":"\u015eans\u0103 uria\u015f\u0103 pentru Giurgiu! Vom avea AEROPORT! Lucr\u0103rile vor \u00eencepe \u00een aceast\u0103 toamn\u0103"},"content":{"rendered":"\n<p>Anun\u0163ul a fost f\u0103cut vineri, 6 septembrie, de\nc\u0103tre ministrul Economiei, Niculae B\u0103d\u0103l\u0103u, prezent la Giurgiu, \u00eentr-o\nconferin\u0163\u0103 de pres\u0103.<\/p>\n\n\n\n<p>El a declarat c\u0103, s\u0103pt\u0103m\u00e2na aceasta, a avut o\n\u00eent\u00e2lnire, al\u0103turi de premierul Viorica D\u0103ncil\u0103, cu reprezentan\u0163ii companiei ce\nse va ocupa de construc\u0163ia aeroportului privat de la Giurgiu.<\/p>\n\n\n\n<p>\u201e\u00cen octombrie ar putea \u00eencepe lucr\u0103rile la Aeroportul\n<em>Constantin Br\u00e2ncu\u015fi<\/em> ce se va\n\u00eentinde pe 2.500 de hectare. Este un aeroport privat, iar Ministerul Economiei,\nal\u0103turi de alte multe ministere, \u00ee\u015fi vor aduce contribu\u0163ia la aceast\u0103\ninvesti\u0163ie\u201d, a spus ministrul B\u0103d\u0103l\u0103u, preciz\u00e2nd c\u0103 institu\u0163ia pe care o\nconduce va contribui la construirea unei sta\u0163ii \u201ede putere de 350 de megawati\u201d.<\/p>\n\n\n\n<p>Oficialul guvernamental a precizat c\u0103 se vor\nimplica \u015fi firme rom\u00e2ne\u015fti, dar, de asemenea, \u015fi autorit\u0103\u0163ile jude\u0163ene ar putea\navea o contribu\u0163ie.<\/p>\n\n\n\n<p>\u201eAeroportul va fi \u015fi pentru pasageri \u015fi pentru\nmarf\u0103. Va fi unul dintre cele mai mari aeroporturi din Europa, iar compania ce\nva investi este din Emiratele Arabe\u201d, a mai spus Niculae B\u0103d\u0103l\u0103u, subliniind \u015fi\nimportan\u0163a uria\u015f\u0103 pe care o va avea aeroportul, \u00een ceea ce prive\u015fte crearea de\nlocuri de munc\u0103, pentru economia jude\u0163ului nostru, per ansamblu.<\/p>\n\n\n\n<p>Locul unde va fi construit este, deocamdat\u0103,\nconfiden\u0163ial, \u00eens\u0103 ministrul Economiei a estimat c\u0103 investi\u0163ia ar putea fi gata\n\u00een maximum 5 ani.<\/p>\n\n\n\n<p>De asemenea, Niculae B\u0103d\u0103l\u0103u a spus c\u0103 va fi construit\u0103 o por\u0163iune de autostrad\u0103 special c\u0103tre aeroportul de la Giurgiu.<\/p>\n\n\n\n<ul class=\"wp-block-gallery columns-1 is-cropped wp-block-gallery-1 is-layout-flex wp-block-gallery-is-layout-flex\"><li class=\"blocks-gallery-item\"><figure><img decoding=\"async\" src=\"https:\/\/giurgiu-net.ro\/wp-content\/uploads\/2019\/09\/DSC_9196-300x186.jpg\" alt=\"\" data-id=\"69001\" data-link=\"https:\/\/giurgiu-net.ro\/?attachment_id=69001\" class=\"wp-image-69001\"\/><\/figure><\/li><li class=\"blocks-gallery-item\"><figure><img decoding=\"async\" src=\"https:\/\/giurgiu-net.ro\/wp-content\/uploads\/2019\/09\/DSC_9198-300x125.jpg\" alt=\"\" data-id=\"69002\" data-link=\"https:\/\/giurgiu-net.ro\/?attachment_id=69002\" class=\"wp-image-69002\"\/><\/figure><\/li><\/ul>\n","protected":false},"excerpt":{"rendered":"<p>Anun\u0163ul a fost f\u0103cut vineri, 6 septembrie, de c\u0103tre ministrul Economiei, Niculae B\u0103d\u0103l\u0103u, prezent la Giurgiu, \u00eentr-o conferin\u0163\u0103 de pres\u0103. El a declarat c\u0103, s\u0103pt\u0103m\u00e2na aceasta, a avut o \u00eent\u00e2lnire, al\u0103turi de premierul Viorica D\u0103ncil\u0103, cu reprezentan\u0163ii companiei ce se va ocupa de construc\u0163ia aeroportului privat de la Giurgiu. \u201e\u00cen octombrie ar putea \u00eencepe lucr\u0103rile [&hellip;]<\/p>\n","protected":false},"author":1,"featured_media":69003,"comment_status":"open","ping_status":"open","sticky":false,"template":"","format":"standard","meta":{"slim_seo":{"title":"\u015eans\u0103 uria\u015f\u0103 pentru Giurgiu! Vom avea AEROPORT! Lucr\u0103rile vor \u00eencepe \u00een aceast\u0103 toamn\u0103 - GIURGIU NET","description":"Anun\u0163ul a fost f\u0103cut vineri, 6 septembrie, de c\u0103tre ministrul Economiei, Niculae B\u0103d\u0103l\u0103u, prezent la Giurgiu, \u00eentr-o conferin\u0163\u0103 de pres\u0103. El a declarat c\u0103, s\u0103pt"},"footnotes":""},"categories":[18,19,22,26,28],"tags":[],"class_list":{"0":"post-69000","1":"post","2":"type-post","3":"status-publish","4":"format-standard","5":"has-post-thumbnail","7":"category-actual","8":"category-adm","9":"category-nt","10":"category-soc","11":"category-uo"},"_links":{"self":[{"href":"https:\/\/giurgiu-net.ro\/index.php\/wp-json\/wp\/v2\/posts\/69000","targetHints":{"allow":["GET"]}}],"collection":[{"href":"https:\/\/giurgiu-net.ro\/index.php\/wp-json\/wp\/v2\/posts"}],"about":[{"href":"https:\/\/giurgiu-net.ro\/index.php\/wp-json\/wp\/v2\/types\/post"}],"author":[{"embeddable":true,"href":"https:\/\/giurgiu-net.ro\/index.php\/wp-json\/wp\/v2\/users\/1"}],"replies":[{"embeddable":true,"href":"https:\/\/giurgiu-net.ro\/index.php\/wp-json\/wp\/v2\/comments?post=69000"}],"version-history":[{"count":0,"href":"https:\/\/giurgiu-net.ro\/index.php\/wp-json\/wp\/v2\/posts\/69000\/revisions"}],"wp:featuredmedia":[{"embeddable":true,"href":"https:\/\/giurgiu-net.ro\/index.php\/wp-json\/"}],"wp:attachment":[{"href":"https:\/\/giurgiu-net.ro\/index.php\/wp-json\/wp\/v2\/media?parent=69000"}],"wp:term":[{"taxonomy":"category","embeddable":true,"href":"https:\/\/giurgiu-net.ro\/index.php\/wp-json\/wp\/v2\/categories?post=69000"},{"taxonomy":"post_tag","embeddable":true,"href":"https:\/\/giurgiu-net.ro\/index.php\/wp-json\/wp\/v2\/tags?post=69000"}],"curies":[{"name":"wp","href":"https:\/\/api.w.org\/{rel}","templated":true}]}}