{"id":68960,"date":"2019-09-03T09:58:23","date_gmt":"2019-09-03T06:58:23","guid":{"rendered":"http:\/\/giurgiu-net.ro\/?p=68960"},"modified":"2019-09-03T09:58:23","modified_gmt":"2019-09-03T06:58:23","slug":"frumoasa-manastire-comana-si-episcopia-giurgiului-gazdele-editiei-a-iv-a-a-programului-national-de-tabere-pentru-tineret-ce-alte-obiective-turistice-au-vizitat-oaspetii","status":"publish","type":"post","link":"https:\/\/giurgiu-net.ro\/index.php\/2019\/09\/03\/frumoasa-manastire-comana-si-episcopia-giurgiului-gazdele-editiei-a-iv-a-a-programului-national-de-tabere-pentru-tineret-ce-alte-obiective-turistice-au-vizitat-oaspetii\/","title":{"rendered":"Frumoasa M\u0103n\u0103stire Comana \u015fi Episcopia Giurgiului, gazdele edi\u0163iei a IV-a a Programului Na\u0163ional de Tabere pentru Tineret. Ce alte obiective turistice au vizitat oaspe\u0163ii?"},"content":{"rendered":"\n<p class=\"wp-block-paragraph\">\u00cen perioada&nbsp;<strong>26 august &#8211; 1 septembrie 2019<\/strong>, EPISCOPIA GIURGIULUI a fost gazda unor oaspe\u021bi cu totul deosebi\u021bi. Este vorba de tineri \u0219i copii participan\u021bi la&nbsp;<strong>edi\u021bia a IV-a<\/strong>&nbsp;ai&nbsp;<strong>Programului Na\u021bional de Tabere pentru Tineret<\/strong>, organizat anul acesta la&nbsp;<em>M\u0103n\u0103stirea Comana<\/em>, jude\u021bul Giurgiu.<\/p>\n\n\n\n<p class=\"wp-block-paragraph\">Potrivit reprezentan\u0163ilor Episcopiei, \u00een aceast\u0103 perioad\u0103 participan\u021bii au avut ocazia s\u0103 viziteze importante centre de cultur\u0103, tradi\u021bie \u0219i spiritualitate din eparhia noastr\u0103 \u0219i nu numai.<\/p>\n\n\n\n<p class=\"wp-block-paragraph\">&#8222;Cu acest prilej, tinerii au vizitat\u00a0<strong>Moara de h\u00e2rtie \u2013 atelier muzeu \u0219i Satul me\u0219te\u0219ugurilor din localitatea Comana,<\/strong>\u00a0ce g\u0103zduie\u0219te 10 ateliere creative ce \u00ee\u015fi trag seva din me\u015fte\u015fugurile practicate \u00een satul tradi\u0163ional rom\u00e2nesc: \u021besut la r\u0103zboi, prelucrarea stufului \u0219i papurei, fier\u0103rie, ol\u0103rit \u0219i ceramic\u0103, lucru \u00een lemn, buc\u0103t\u0103rie tradi\u021bional\u0103, moar\u0103 pe piatr\u0103 \u0219i brut\u0103rie, dar \u015fi realizarea de h\u00e2rtie de m\u00e2n\u0103, tipar manual \u015fi leg\u0103torie de carte. Mare a fost bucuria elevilor din tab\u0103r\u0103, ce au vizitat moara de h\u00e2rtie, c\u00e2nd au avut posibilitatea s\u0103 realizeze singuri c\u00e2te o coal\u0103 de h\u00e2rtie de m\u00e2n\u0103 pe care au putut s\u0103 o p\u0103streze. Tinerii au\u00a0fost \u00eenso\u021bi\u021bi de p\u0103rintele Gabriel Stancu \u2013 parohia Cosoba, p\u0103rintele Dragomir Sebastian \u2013 parohia Pope\u0219ti Manuc, p\u0103rintele Ene Marius \u2013 parohia Sc\u0103ri\u0219oara \u2013 inspector catehez\u0103, p\u0103rin\u021bi din eparhia Giurgiului, foarte implica\u021bi \u00een activit\u0103\u021bile cu tinerii.<\/p>\n\n\n\n<p class=\"wp-block-paragraph\">\u00centr-o alt\u0103 zi a taberei tinerii au participat la un concurs de pr\u0103jituri organizat la&nbsp;<strong>biserica tinerilor \u201eBuna Vestire&#8221; din Giurgiu<\/strong>, unde s-au \u00eendulcit cu frumoasele cuvinte despre istoria locurilor \u00een care au p\u0103\u0219it.<\/p>\n\n\n\n<p class=\"wp-block-paragraph\">Nu au lipsit din program desigur vizitarea&nbsp;<strong><em>Deltei Neajlovului<\/em><\/strong>&nbsp;\u0219i alte activit\u0103\u021bi artistice \u0219i recreative.<\/p>\n\n\n\n<p class=\"wp-block-paragraph\">\u00cen data de 29 august 2019, \u00een ziua a patra a Taberei Na\u021bionale ,,Tradi\u021bie \u0219i Noutate&#8221; a Programului Na\u021bional de Tabere pentru Tineret, tinerii \u0219i copiii participan\u021bi au avut bucuria unui frumos pelerinaj. Primul popas a fost la&nbsp;<strong>M\u0103n\u0103stirea Sf. Gheorghe<\/strong>&nbsp;de la intrarea \u00een municipiul Giurgiu unde au primit de la m\u0103icu\u021bele din m\u0103n\u0103stire iconi\u021be cu chipul Sf. Gheorghe \u0219i albume cu m\u0103n\u0103stirea.<\/p>\n\n\n\n<p class=\"wp-block-paragraph\">Urm\u0103toarea oprire a fost la&nbsp;<strong>vechea Catedrala Episcopal\u0103<\/strong>&nbsp;din centrul ora\u0219ului unde tinerii au participat la Sf\u00e2nta Liturghie, dup\u0103 care au vizitat&nbsp;<strong>Schitul Sf. Nicola<\/strong>e \u0219i M\u0103n\u0103stirea Sf. Ioan Rusul unde au avut posibilitatea s\u0103 se \u00eenchine la ve\u0219m\u00e2ntul Sfintei Parascheva \u0219i la p\u0103rticele din moa\u0219tele Sf. Ioan Rusul.<\/p>\n\n\n\n<p class=\"wp-block-paragraph\">Pelerinajul a continuat dup\u0103 trecerea grani\u021bei \u0219i a&nbsp;<strong>Podului Prieteniei,<\/strong>&nbsp;de peste fluviului Dun\u0103rea, \u00een Bulgaria, unde tinerii au vizitat&nbsp;<strong>M\u0103n\u0103stirea Sf\u00e2ntul Dimitrie Basarabov<\/strong>&nbsp;pe valea R\u00e2ului Lom. Pelerinii au f\u0103cut un popas \u00een ora\u0219ul Ruse unde au vizitat&nbsp;<strong>Catedrala Mitropolitan\u0103 ,,Sf\u00e2nta Treime&#8221; \u0219i Muzeul Mitropoliei Ruse.<\/strong><\/p>\n\n\n\n<p class=\"wp-block-paragraph\">Ace\u0219tia au avut ocazia \u00eent\u00e2lnirii cu domnul General (r) Comandor Radu Teodoru. De asemenea au participat la o seara cultural\u0103 \u0219i recreativ\u0103 la Centrul Varlaam.<\/p>\n\n\n\n<p class=\"wp-block-paragraph\">\u00cen data de<strong>&nbsp;31 august 2019<\/strong>, \u00een ziua a \u0219asea a Taberei Na\u021bionale ,,Tradi\u021bie \u0219i Noutate&#8221; a Programului Na\u021bional de Tabere pentru Tineret, tinerii \u0219i copiii participan\u021bi au avut bucuria unui frumos pelerinaj. Primul popas a fost la&nbsp;<strong>Biserica ,,Sf. Nicolae&#8221; din Dr\u0103g\u0103nescu<\/strong>, unde preotul paroh Lucian Petcu le-a vorbit despre pictura bisericii realizat\u0103 de Parintele Arsenie Boca timp de 15 ani. Tinerii pelerini au primit iconi\u021be \u0219i c\u00e2te un pache\u021bel cu dulciuri din partea parohiei.<\/p>\n\n\n\n<p class=\"wp-block-paragraph\">A doua oprire a fost&nbsp;<strong>la M\u0103n\u0103stirea ,,Buna Vestire&#8221;<\/strong>&nbsp;&#8211;<strong>&nbsp;Bolintin<\/strong>, unde s-au \u00eenchinat la p\u0103rticele din moa\u0219tele Sf. Nectarie aflate \u00een biserica m\u0103n\u0103stirii, au vizitat m\u0103n\u0103stirea \u0219i au luat masa de pr\u00e2nz preg\u0103tit\u0103 de ob\u0219te la trapeza m\u0103n\u0103stirii.<\/p>\n\n\n\n<p class=\"wp-block-paragraph\">A treia vizit\u0103 din acest\u0103 zi a fost la&nbsp;<strong>M\u0103n\u0103stirea Str\u00e2mbu-G\u0103iseni<\/strong>&nbsp;care este \u00eenfiin\u0163at\u0103 \u00een secolul al XVI-lea, ctitorie a unuia dintre cei mai importan\u0163i dreg\u0103tori ai lui Neagoe Basarab, Vornicul Dr\u0103ghici, atestat\u0103 pentru \u00eent\u00e2ia oar\u0103, sub numele de Schitul Str\u00e2mbu, \u00eentr-un document din 3 aprilie 1526. Tinerii s-au \u00eenchinat, au vizitat m\u0103n\u0103stirea \u0219i au primit de la maica stare\u021b\u0103 Cecilia Moldoveanu pliante cu imagini din m\u0103n\u0103stire.<\/p>\n\n\n\n<p class=\"wp-block-paragraph\">\u00cen finalul pelerinajului, tinerii au mers la&nbsp;<strong>M\u0103n\u0103stirea \u201eIzvorul T\u0103m\u0103duirii&#8221; &#8211;<\/strong>&nbsp;din cadrul&nbsp;<strong>Centrului cultural-pastoral \u201eGavril Drug\u0103nescu&#8221;,<\/strong>&nbsp;pe care l-au vizitat. Au c\u00e2ntat la strana m\u0103n\u0103stirii \u0219i s-au rugat \u00eempreun\u0103 cu preo\u021bii.<\/p>\n\n\n\n<p class=\"wp-block-paragraph\">La final, to\u021bi cei prezen\u021bi s-au putut bucura de un minunat foc de tab\u0103r\u0103 pe care l-au \u00eenso\u021bit cu momente artistice&#8221;, se arat\u0103 \u00eentr-un comunicat al Episcopiei Giurgiului.<\/p>\n\n\n\n<p class=\"wp-block-paragraph\">Mai multe imagini<a href=\"https:\/\/episcopiagiurgiului.ro\/Stiri\/showarticle.php?articleID=6001\" target=\"_blank\" rel=\"noreferrer noopener\" aria-label=\" AICI (se deschide \u00eentr-o fil\u0103 nou\u0103)\"> AICI<\/a><br \/><\/p>\n","protected":false},"excerpt":{"rendered":"<p>\u00cen perioada&nbsp;26 august &#8211; 1 septembrie 2019, EPISCOPIA GIURGIULUI a fost gazda unor oaspe\u021bi cu totul deosebi\u021bi. Este vorba de tineri \u0219i copii participan\u021bi la&nbsp;edi\u021bia a IV-a&nbsp;ai&nbsp;Programului Na\u021bional de Tabere pentru Tineret, organizat anul acesta la&nbsp;M\u0103n\u0103stirea Comana, jude\u021bul Giurgiu. Potrivit reprezentan\u0163ilor Episcopiei, \u00een aceast\u0103 perioad\u0103 participan\u021bii au avut ocazia s\u0103 viziteze importante centre de cultur\u0103, [&hellip;]<\/p>\n","protected":false},"author":1,"featured_media":68961,"comment_status":"open","ping_status":"open","sticky":false,"template":"","format":"standard","meta":{"slim_seo":{"title":"Frumoasa M\u0103n\u0103stire Comana \u015fi Episcopia Giurgiului, gazdele edi\u0163iei a IV-a a Programului Na\u0163ional de Tabere pentru Tineret. Ce alte obiective turistice au vizitat oaspe\u0163ii? - GIURGIU NET","description":"\u00cen perioada&nbsp; 26 august - 1 septembrie 2019 , EPISCOPIA GIURGIULUI a fost gazda unor oaspe\u021bi cu totul deosebi\u021bi. Este vorba de tineri \u0219i copii participan\u021bi"},"footnotes":""},"categories":[18,29,26,28],"tags":[1048],"class_list":["post-68960","post","type-post","status-publish","format-standard","has-post-thumbnail","category-actual","category-educatie-si-cultura","category-soc","category-uo","tag-episcopia-giurgiu"],"_links":{"self":[{"href":"https:\/\/giurgiu-net.ro\/index.php\/wp-json\/wp\/v2\/posts\/68960","targetHints":{"allow":["GET"]}}],"collection":[{"href":"https:\/\/giurgiu-net.ro\/index.php\/wp-json\/wp\/v2\/posts"}],"about":[{"href":"https:\/\/giurgiu-net.ro\/index.php\/wp-json\/wp\/v2\/types\/post"}],"author":[{"embeddable":true,"href":"https:\/\/giurgiu-net.ro\/index.php\/wp-json\/wp\/v2\/users\/1"}],"replies":[{"embeddable":true,"href":"https:\/\/giurgiu-net.ro\/index.php\/wp-json\/wp\/v2\/comments?post=68960"}],"version-history":[{"count":0,"href":"https:\/\/giurgiu-net.ro\/index.php\/wp-json\/wp\/v2\/posts\/68960\/revisions"}],"wp:attachment":[{"href":"https:\/\/giurgiu-net.ro\/index.php\/wp-json\/wp\/v2\/media?parent=68960"}],"wp:term":[{"taxonomy":"category","embeddable":true,"href":"https:\/\/giurgiu-net.ro\/index.php\/wp-json\/wp\/v2\/categories?post=68960"},{"taxonomy":"post_tag","embeddable":true,"href":"https:\/\/giurgiu-net.ro\/index.php\/wp-json\/wp\/v2\/tags?post=68960"}],"curies":[{"name":"wp","href":"https:\/\/api.w.org\/{rel}","templated":true}]}}