{"id":68742,"date":"2019-08-06T09:16:27","date_gmt":"2019-08-06T06:16:27","guid":{"rendered":"http:\/\/giurgiu-net.ro\/?p=68742"},"modified":"2019-08-06T09:16:27","modified_gmt":"2019-08-06T06:16:27","slug":"giurgiu-gunoiul-ne-ustura-rau-la-buzunare-taxe-mai-mari-bani-in-plus-pentru-alte-tipuri-de-deseuri-decat-cele-menajere-pubele-pe-care-tot-noi-le-vom-plati","status":"publish","type":"post","link":"https:\/\/giurgiu-net.ro\/index.php\/2019\/08\/06\/giurgiu-gunoiul-ne-ustura-rau-la-buzunare-taxe-mai-mari-bani-in-plus-pentru-alte-tipuri-de-deseuri-decat-cele-menajere-pubele-pe-care-tot-noi-le-vom-plati\/","title":{"rendered":"GIURGIU: Gunoiul ne ustur\u0103 r\u0103u la buzunare! Taxe mai mari, bani \u00een plus pentru alte tipuri de de\u015feuri dec\u00e2t cele menajere, pubele pe care tot noi le vom pl\u0103ti"},"content":{"rendered":"\n<p class=\"wp-block-paragraph\">Parc\u0103 e din r\u0103u \u00een mai r\u0103u, \u00een ora\u015ful acesta. Paradoxal, \u00een\ntimp ce urbea devine tot mai murdar\u0103, la propriu, taxele pentru de\u015feurile\nproduse de cet\u0103\u0163eni sunt pe punctul de a cre\u015fte. \u015ei nu doar at\u00e2t.<\/p>\n\n\n\n<p class=\"wp-block-paragraph\">\u00cen ultima conferin\u0163\u0103 de pres\u0103, primarul Nicolae Barbu a anun\u0163at\nc\u0103 giurgiuvenii vor pl\u0103ti \u015fi pubelele(ca s\u0103 nu le mai distrug\u0103 sau s\u0103 le\n\u00eenstr\u0103ineze), dar \u015fi suplimentar de\u015feurile care nu sunt menajere: adic\u0103 resturi\nde vegeta\u0163ie, materiale de construc\u0163ie \u015f.a.m.d.<\/p>\n\n\n\n<p class=\"wp-block-paragraph\">Numai \u201cve\u015fti bune\u201d\u2026<\/p>\n\n\n\n<p class=\"wp-block-paragraph\">La fel ca \u015fi cu sintagma \u201csmart city\u201d, c\u00e2nd, de fapt, nimic din infrastructura noastr\u0103 e smart, a\u015fa \u015fi cu utopia unui sistem de colectare a gunoiului ca \u201cafar\u0103\u201d, peste noapte. Ne arunc\u0103m direct la ultima etap\u0103, ca s\u0103 dea bine pe h\u00e2rtie, probabil, \u015fi sunt omi\u015fi to\u0163i ceilal\u0163i pa\u015fi.  Pentru c\u0103, se pare c\u0103 nu exist\u0103 resurse de niciun fel ca s-o lu\u0103m treptat. Dar de ce trebuie s\u0103 suporte tot cet\u0103\u0163eanul de bun\u0103 credin\u0163\u0103 asta?<br \/><\/p>\n\n\n\n<p class=\"wp-block-paragraph\">\u00cen timp ce primarul Barbu poveste\u015fte despre c\u00e2t de frumos \u015fi curat \u015fi minunat este Giurgiu, l\u00e2ng\u0103 pubelele generale, s\u0103 le zicem a\u015fa, zac, zile \u00een \u015fir, dealuri sau chiar mun\u0163i de gunoaie pe care angaja\u0163ii operatorului nu \u00eei mai ridic\u0103, c\u0103, deh, trebuie pl\u0103ti\u0163i suplimentar.<\/p>\n\n\n\n<figure class=\"wp-block-image\"><img decoding=\"async\" src=\"https:\/\/giurgiu-net.ro\/wp-content\/uploads\/2019\/08\/gunoi.jpg\" alt=\"\" class=\"wp-image-68744\"\/><\/figure>\n\n\n\n<p class=\"wp-block-paragraph\">\u015ei de unde poli\u0163i\u015fti locali care s\u0103 se asigure c\u0103 oamenii\nnu arunc\u0103 aiurea ce nu le mai trebuie sau s\u0103 dea amenzi? S\u0103racii, abia ne-ajung\np\u00e2n\u0103 la 22.00 seara, cu picioarele din dotare, prin parcurile din centru\u2026<\/p>\n\n\n\n<p class=\"wp-block-paragraph\">Cum naiba de l-am g\u0103sit tocmai pe acest operator, Rosal Grup\nSA, ne\u00eenduplecabil fa\u0163\u0103 de o comunitate r\u0103mas\u0103 \u00een urm\u0103? F\u0103r\u0103 sup\u0103rare, dar a\u015fa\neste!<\/p>\n\n\n\n<p class=\"wp-block-paragraph\">Colectarea selectiv\u0103 a de\u015feurilor, \u00eencep\u00e2nd de la cel care\nproduce gunoiul, este obligatorie \u015fi c\u00e2t mai urgent\u0103, nu contest\u0103 nimeni asta. Dar parc\u0103 prea ne arunc\u0103m direct la o <em>taxare de lux<\/em> pentru un <em>serviciu\nde m\u00e2na a doua, <\/em>nu crede\u0163i?<\/p>\n\n\n\n<p class=\"wp-block-paragraph\">Colac peste de\u015feuri, \u00een dezbatere public\u0103 este \u015fi un proiect de hot\u0103r\u00e2re ce va fi supus votului \u00een Consiliul Local, prin care <strong>taxa de habitat se dore\u015fte a fi majorat\u0103 de la 8-10 lei p\u00e2n\u0103 la 12,05 lei de persoan\u0103, lunar<\/strong>. C\u0103 doar avem serviciu de lux\u2026 <\/p>\n\n\n\n<p class=\"wp-block-paragraph\">Cu gunoaiele \u00een fa\u0163a sau \u00een spatele blocurilor \u015fi cu mizeria de pe str\u0103zi, nu \u00eencape \u00eendoial\u0103 c\u0103 to\u0163i giurgiuvenii vor spune bucuro\u015fi: bravo, s\u0103 creasc\u0103 taxa, e minunat, merit\u0103m! <\/p>\n\n\n\n<p class=\"wp-block-paragraph\">\u015ei c\u00e2nd s\u0103-l credem pe primarul Barbu c\u00e2nd spune c\u0103 &#8222;\u0163ine&#8221; cu municipiul? C\u00e2nd sus\u0163ine c\u0103 pre\u0163ul apei ar putea cre\u015fte, dac\u0103 ne b\u0103g\u0103m \u00een proiectul pentru extinderea re\u0163elei \u00een jude\u0163, sau c\u00e2nd chiar cre\u015fte pre\u0163ul pentru gunoi c\u0103 a\u015fa vrea o societate privat\u0103?<\/p>\n\n\n\n<p class=\"wp-block-paragraph\">V\u0103 aminti\u0163i c\u0103, pe vremea lui Lucian Iliescu, \u00een fiecare sear\u0103, echipe de la Prim\u0103rie verificau dac\u0103 TOT gunoiul a fost ridicat, dac\u0103 pubelele sunt goale, dac\u0103 str\u0103zile sunt curate? Sigur, serviciul nu era externalizat \u015fi oamenii aveau chef de treab\u0103. Sau, m\u0103 rog, cu chef, f\u0103r\u0103 chef, \u00ee\u015fi f\u0103ceau datoria. Am ajuns s\u0103 regret\u0103m vremurile trecute p\u00e2n\u0103 \u015fi din acest punct de vedere\u2026 <\/p>\n\n\n\n<p class=\"wp-block-paragraph\">Cum ziceam \u015fi-ntr-un material anterior, am stat pe loc, \u00een ultimii ani, dac\u0103 nu chiar am mai c\u0103zut c\u00e2teva trepte pe scara moderniz\u0103rii municipiului Giurgiu. <\/p>\n\n\n\n<p class=\"wp-block-paragraph\">Succes cu dezbaterea public\u0103!<\/p>\n","protected":false},"excerpt":{"rendered":"<p>Parc\u0103 e din r\u0103u \u00een mai r\u0103u, \u00een ora\u015ful acesta. Paradoxal, \u00een timp ce urbea devine tot mai murdar\u0103, la propriu, taxele pentru de\u015feurile produse de cet\u0103\u0163eni sunt pe punctul de a cre\u015fte. \u015ei nu doar at\u00e2t. \u00cen ultima conferin\u0163\u0103 de pres\u0103, primarul Nicolae Barbu a anun\u0163at c\u0103 giurgiuvenii vor pl\u0103ti \u015fi pubelele(ca s\u0103 nu [&hellip;]<\/p>\n","protected":false},"author":1,"featured_media":68744,"comment_status":"open","ping_status":"open","sticky":false,"template":"","format":"standard","meta":{"slim_seo":{"title":"GIURGIU: Gunoiul ne ustur\u0103 r\u0103u la buzunare! Taxe mai mari, bani \u00een plus pentru alte tipuri de de\u015feuri dec\u00e2t cele menajere, pubele pe care tot noi le vom pl\u0103ti - GIURGIU NET","description":"Parc\u0103 e din r\u0103u \u00een mai r\u0103u, \u00een ora\u015ful acesta. Paradoxal, \u00een timp ce urbea devine tot mai murdar\u0103, la propriu, taxele pentru de\u015feurile produse de cet\u0103\u0163eni sunt p"},"footnotes":""},"categories":[18,19,26,28],"tags":[2158],"class_list":["post-68742","post","type-post","status-publish","format-standard","has-post-thumbnail","category-actual","category-adm","category-soc","category-uo","tag-primaria-giurgiu"],"_links":{"self":[{"href":"https:\/\/giurgiu-net.ro\/index.php\/wp-json\/wp\/v2\/posts\/68742","targetHints":{"allow":["GET"]}}],"collection":[{"href":"https:\/\/giurgiu-net.ro\/index.php\/wp-json\/wp\/v2\/posts"}],"about":[{"href":"https:\/\/giurgiu-net.ro\/index.php\/wp-json\/wp\/v2\/types\/post"}],"author":[{"embeddable":true,"href":"https:\/\/giurgiu-net.ro\/index.php\/wp-json\/wp\/v2\/users\/1"}],"replies":[{"embeddable":true,"href":"https:\/\/giurgiu-net.ro\/index.php\/wp-json\/wp\/v2\/comments?post=68742"}],"version-history":[{"count":0,"href":"https:\/\/giurgiu-net.ro\/index.php\/wp-json\/wp\/v2\/posts\/68742\/revisions"}],"wp:attachment":[{"href":"https:\/\/giurgiu-net.ro\/index.php\/wp-json\/wp\/v2\/media?parent=68742"}],"wp:term":[{"taxonomy":"category","embeddable":true,"href":"https:\/\/giurgiu-net.ro\/index.php\/wp-json\/wp\/v2\/categories?post=68742"},{"taxonomy":"post_tag","embeddable":true,"href":"https:\/\/giurgiu-net.ro\/index.php\/wp-json\/wp\/v2\/tags?post=68742"}],"curies":[{"name":"wp","href":"https:\/\/api.w.org\/{rel}","templated":true}]}}