{"id":68518,"date":"2019-07-29T09:13:16","date_gmt":"2019-07-29T06:13:16","guid":{"rendered":"http:\/\/giurgiu-net.ro\/?p=68518"},"modified":"2019-07-29T09:13:16","modified_gmt":"2019-07-29T06:13:16","slug":"inspiratia-de-luni-spala-i-dorele-ca-nu-stiu-ce-ti-fac","status":"publish","type":"post","link":"https:\/\/giurgiu-net.ro\/index.php\/2019\/07\/29\/inspiratia-de-luni-spala-i-dorele-ca-nu-stiu-ce-ti-fac\/","title":{"rendered":"InspiRa\u0163ia de luni: Spal\u0103-i, Dorele, c\u0103 nu \u015ftiu ce-\u0163i fac!"},"content":{"rendered":"\n<p class=\"wp-block-paragraph\"><strong>Luni, 29 iulie 2019. Giurgiu, sub Cod Galben de ploi, \u00eentre orele 07.40- 09.00.<\/strong><\/p>\n\n\n\n<p class=\"wp-block-paragraph\">Toat\u0103 lumea \u015ftia, am anun\u0163at \u015fi noi, de ieri, ca s\u0103 fie preg\u0103ti\u0163i giurgiuvenii care merg la serviciu sau la cump\u0103r\u0103turi.<\/p>\n\n\n\n<p class=\"wp-block-paragraph\"><strong>Luni, 29 iulie 2019. ora 07.30.<\/strong> &#8222;Dorel&#8221; f\u0103cea dezinsec\u0163ie terestr\u0103. Cu cel pu\u0163in dou\u0103 &#8222;ma\u015fin\u0103rii&#8221; g\u0103l\u0103gioase, specifice activit\u0103\u0163ii men\u0163ionate. \u00cen cartierul meu, pe demonstrate! V-a\u015f fi mul\u0163umit, pe cuv\u00e2nt, numai c\u0103&#8230; <strong>Ora 08.45. <\/strong><em><strong>La Giurgiu, ploua de rupea! <\/strong><\/em>Cum s-ar zice, <strong>ap\u0103 de ploaie dezinsec\u0163ia de azi<\/strong>, fra\u0163ilor. Bravo, nota 0, trece\u0163i acas\u0103!<\/p>\n\n\n\n<p class=\"wp-block-paragraph\">Cum s\u0103-i mai spunem, de data asta, domnule primar? Sabotaj? Nepricepere? Indolen\u0163\u0103? Sp\u0103lare de&#8230; \u0163\u00e2n\u0163ari? Sau a fost o b\u0103i\u0163\u0103 binemeritat\u0103, nevinovat\u0103, dup\u0103 zile caniculare, pentru bietele insecte care n-au nicio vin\u0103 c\u0103 exist\u0103? S\u0103 le mai sp\u0103l\u0103m \u015fi de jos \u00een sus, nu doar de sus \u00een jos, nu? M\u0103car \u0163\u00e2n\u0163arii s\u0103 fie cura\u0163i.<\/p>\n\n\n\n<p class=\"wp-block-paragraph\">Cum vre\u0163i s\u0103-i mai spunem?<\/p>\n\n\n\n<p class=\"wp-block-paragraph\">Dumneavoastr\u0103, oricum, \u00eei ve\u0163i spune cum dori\u0163i! \u00cens\u0103, adev\u0103rul este c\u0103 al\u0163i bani au fost cheltui\u0163i absolut inutil. Degeaba. S-au dus pe apa s\u00e2mbetei, putea\u0163i foarte bine s\u0103 \u00eei arunca\u0163i \u00een Dun\u0103re, \u00een loc de Crucea de Boboteaz\u0103!<\/p>\n\n\n\n<p class=\"wp-block-paragraph\">Acum, foarte serios, tot noi suntem r\u0103ut\u0103cio\u015fi?<\/p>\n\n\n\n<figure class=\"wp-block-image\"><img decoding=\"async\" src=\"https:\/\/giurgiu-net.ro\/wp-content\/uploads\/2019\/07\/67663351_2267854643298892_7685192674466332672_n.jpg\" alt=\"\" class=\"wp-image-68519\"\/><\/figure>\n\n\n\n<p class=\"wp-block-paragraph\">*<em>Fotografia este un trucaj-pamflet ce trebuie tratat ca atare! Niciun \u0163\u00e2n\u0163ar nu a fost r\u0103nit \u00een ultimele ore!<\/em><\/p>\n","protected":false},"excerpt":{"rendered":"<p>Luni, 29 iulie 2019. Giurgiu, sub Cod Galben de ploi, \u00eentre orele 07.40- 09.00. Toat\u0103 lumea \u015ftia, am anun\u0163at \u015fi noi, de ieri, ca s\u0103 fie preg\u0103ti\u0163i giurgiuvenii care merg la serviciu sau la cump\u0103r\u0103turi. Luni, 29 iulie 2019. ora 07.30. &#8222;Dorel&#8221; f\u0103cea dezinsec\u0163ie terestr\u0103. Cu cel pu\u0163in dou\u0103 &#8222;ma\u015fin\u0103rii&#8221; g\u0103l\u0103gioase, specifice activit\u0103\u0163ii men\u0163ionate. \u00cen [&hellip;]<\/p>\n","protected":false},"author":1,"featured_media":68519,"comment_status":"open","ping_status":"open","sticky":false,"template":"","format":"standard","meta":{"slim_seo":{"title":"InspiRa\u0163ia de luni: Spal\u0103-i, Dorele, c\u0103 nu \u015ftiu ce-\u0163i fac! - GIURGIU NET","description":"Luni, 29 iulie 2019. Giurgiu, sub Cod Galben de ploi, \u00eentre orele 07.40- 09.00. Toat\u0103 lumea \u015ftia, am anun\u0163at \u015fi noi, de ieri, ca s\u0103 fie preg\u0103ti\u0163i giurgiuvenii c"},"footnotes":""},"categories":[18,19,20,23,26,28],"tags":[2158],"class_list":["post-68518","post","type-post","status-publish","format-standard","has-post-thumbnail","category-actual","category-adm","category-edit","category-pam","category-soc","category-uo","tag-primaria-giurgiu"],"_links":{"self":[{"href":"https:\/\/giurgiu-net.ro\/index.php\/wp-json\/wp\/v2\/posts\/68518","targetHints":{"allow":["GET"]}}],"collection":[{"href":"https:\/\/giurgiu-net.ro\/index.php\/wp-json\/wp\/v2\/posts"}],"about":[{"href":"https:\/\/giurgiu-net.ro\/index.php\/wp-json\/wp\/v2\/types\/post"}],"author":[{"embeddable":true,"href":"https:\/\/giurgiu-net.ro\/index.php\/wp-json\/wp\/v2\/users\/1"}],"replies":[{"embeddable":true,"href":"https:\/\/giurgiu-net.ro\/index.php\/wp-json\/wp\/v2\/comments?post=68518"}],"version-history":[{"count":0,"href":"https:\/\/giurgiu-net.ro\/index.php\/wp-json\/wp\/v2\/posts\/68518\/revisions"}],"wp:attachment":[{"href":"https:\/\/giurgiu-net.ro\/index.php\/wp-json\/wp\/v2\/media?parent=68518"}],"wp:term":[{"taxonomy":"category","embeddable":true,"href":"https:\/\/giurgiu-net.ro\/index.php\/wp-json\/wp\/v2\/categories?post=68518"},{"taxonomy":"post_tag","embeddable":true,"href":"https:\/\/giurgiu-net.ro\/index.php\/wp-json\/wp\/v2\/tags?post=68518"}],"curies":[{"name":"wp","href":"https:\/\/api.w.org\/{rel}","templated":true}]}}