{"id":68510,"date":"2019-07-28T09:23:57","date_gmt":"2019-07-28T06:23:57","guid":{"rendered":"http:\/\/giurgiu-net.ro\/?p=68510"},"modified":"2019-07-28T09:23:57","modified_gmt":"2019-07-28T06:23:57","slug":"marti-sedinta-la-cj-giurgiu-ce-proiecte-vor-vota-consilierii-judeteni","status":"publish","type":"post","link":"https:\/\/giurgiu-net.ro\/index.php\/2019\/07\/28\/marti-sedinta-la-cj-giurgiu-ce-proiecte-vor-vota-consilierii-judeteni\/","title":{"rendered":"Mar\u0163i, \u015fedin\u0163\u0103 la CJ Giurgiu. Ce proiecte vor vota consilierii jude\u0163eni?"},"content":{"rendered":"\n<p class=\"wp-block-paragraph\">Mar\u0163i, 30 iulie, va avea loc \u015fedin\u0163a ordinar\u0103 a Consiliului Jude\u0163ean Giurgiu. Sunt 10 puncte pe ordinea de zi, dup\u0103 cum urmeaz\u0103:<\/p>\n\n\n\n<ol class=\"wp-block-list\"><li>Aprobarea procesului verbal al \u015fedin\u0163ei extraordinare publice din data de 16 iulie 2019 a Consiliului Jude\u021bean Giurgiu<\/li><li><strong>Proiect de hot\u0103r\u00e2re <\/strong>privind aprobarea organigramei \u0219i statului de func\u021bii ale aparatului de specialitate al Consiliului Jude\u021bean Giurgiu <\/li><li><strong>Proiect de hot\u0103r\u00e2re <\/strong>privind rectificarea bugetului propriu de venituri \u0219i cheltuieli al jude\u021bului Giurgiu pe anul 2019<\/li><li><strong>Proiect de hot\u0103r\u00e2re<\/strong> privind stabilirea cuantumului indemniza\u021biei lunare a consilierilor jude\u021beni<\/li><li><strong>Proiect de hot\u0103r\u00e2re <\/strong>privind aprobarea achizi\u0163iei de servicii juridice de consultan\u021b\u0103, asisten\u0163\u0103 \u015fi reprezentare<\/li><li><strong>Proiect de hot\u0103r\u00e2re<\/strong> privind aprobarea exercit\u0103rii de c\u0103tre Asocia\u021bia de Dezvoltare Intercomunitar\u0103 \u201dS\u0103n\u0103tate\u00a0 Asigurat\u0103 prin Ap\u0103 Curat\u0103\u201d a atribu\u021biilor de autoritate tutelar\u0103, \u00een numele \u0219i pe seama Jude\u021bului Giurgiu, \u00een rela\u021bia cu Operatorul Regional APA SERVICE S.A. Giurgiu \u00a0\u00a0 <\/li><li><strong>Proiect de hot\u0103r\u00e2re<\/strong> privind aprobarea Regulamentului aplicabil \u00eenchirierii prin licita\u021bie public\u0103 a bunurilor imobile (terenuri \u0219i construc\u021bii), apar\u021bin\u00e2nd domeniului public \u0219i privat al jude\u021bului Giurgiu<\/li><li><strong>Proiect de hot\u0103r\u00e2re<\/strong> privind aprobarea Regulamentului aplicabil concesionarii bunurilor aflate \u00een domeniul public \u0219i privat al jude\u021bului Giurgiu<\/li><li><strong>Proiect de hot\u0103r\u00e2re <\/strong>privind aprobarea documenta\u021biei tehnico-economice pentru obiectivul de investi\u021bii \u201eReabilitare DJ 413, DJ 603 &#8211; Halta CFR Mihai Bravu &#8211; DN 41, km 0+000 &#8211; 9+690; 9,690 km&#8221; \u00een faza Proiect tehnic \u0219i Detalii de execu\u021bie<\/li><li><strong>Proiect de hot\u0103r\u00e2re <\/strong>pentru modificarea Hot\u0103r\u00e2rii nr.167 din 31 august 2017 privind constituirea Comisiei pentru protec\u021bia copilului<\/li><\/ol>\n\n\n\n<p class=\"wp-block-paragraph\">Toate proiectele pot fi studiate <a href=\"https:\/\/www.cjgiurgiu.ro\/portal\/giurgiu\/cj\/portal.nsf\/AllByUNID?OpenView&amp;GetPage=\/portal%2Fgiurgiu%2Fcj%2Fstiri.nsf%2FvwStiri%2F4E8EE2FA078E3EA4C2258441003B917F%3FOpenDocument%7CTipDocument%3DSedinte\" target=\"_blank\" rel=\"noreferrer noopener\" aria-label=\"AIC (se deschide \u00eentr-o fil\u0103 nou\u0103)\">AIC<\/a>I<\/p>\n","protected":false},"excerpt":{"rendered":"<p>Mar\u0163i, 30 iulie, va avea loc \u015fedin\u0163a ordinar\u0103 a Consiliului Jude\u0163ean Giurgiu. Sunt 10 puncte pe ordinea de zi, dup\u0103 cum urmeaz\u0103: Aprobarea procesului verbal al \u015fedin\u0163ei extraordinare publice din data de 16 iulie 2019 a Consiliului Jude\u021bean Giurgiu Proiect de hot\u0103r\u00e2re privind aprobarea organigramei \u0219i statului de func\u021bii ale aparatului de specialitate al Consiliului [&hellip;]<\/p>\n","protected":false},"author":1,"featured_media":68364,"comment_status":"open","ping_status":"open","sticky":false,"template":"","format":"standard","meta":{"slim_seo":{"title":"Mar\u0163i, \u015fedin\u0163\u0103 la CJ Giurgiu. Ce proiecte vor vota consilierii jude\u0163eni? - GIURGIU NET","description":"Mar\u0163i, 30 iulie, va avea loc \u015fedin\u0163a ordinar\u0103 a Consiliului Jude\u0163ean Giurgiu. Sunt 10 puncte pe ordinea de zi, dup\u0103 cum urmeaz\u0103: Toate proiectele pot fi studiat"},"footnotes":""},"categories":[18,19,26,28],"tags":[],"class_list":["post-68510","post","type-post","status-publish","format-standard","has-post-thumbnail","category-actual","category-adm","category-soc","category-uo"],"_links":{"self":[{"href":"https:\/\/giurgiu-net.ro\/index.php\/wp-json\/wp\/v2\/posts\/68510","targetHints":{"allow":["GET"]}}],"collection":[{"href":"https:\/\/giurgiu-net.ro\/index.php\/wp-json\/wp\/v2\/posts"}],"about":[{"href":"https:\/\/giurgiu-net.ro\/index.php\/wp-json\/wp\/v2\/types\/post"}],"author":[{"embeddable":true,"href":"https:\/\/giurgiu-net.ro\/index.php\/wp-json\/wp\/v2\/users\/1"}],"replies":[{"embeddable":true,"href":"https:\/\/giurgiu-net.ro\/index.php\/wp-json\/wp\/v2\/comments?post=68510"}],"version-history":[{"count":0,"href":"https:\/\/giurgiu-net.ro\/index.php\/wp-json\/wp\/v2\/posts\/68510\/revisions"}],"wp:attachment":[{"href":"https:\/\/giurgiu-net.ro\/index.php\/wp-json\/wp\/v2\/media?parent=68510"}],"wp:term":[{"taxonomy":"category","embeddable":true,"href":"https:\/\/giurgiu-net.ro\/index.php\/wp-json\/wp\/v2\/categories?post=68510"},{"taxonomy":"post_tag","embeddable":true,"href":"https:\/\/giurgiu-net.ro\/index.php\/wp-json\/wp\/v2\/tags?post=68510"}],"curies":[{"name":"wp","href":"https:\/\/api.w.org\/{rel}","templated":true}]}}