{"id":68457,"date":"2019-07-25T12:29:30","date_gmt":"2019-07-25T09:29:30","guid":{"rendered":"http:\/\/giurgiu-net.ro\/?p=68457"},"modified":"2019-07-25T12:29:30","modified_gmt":"2019-07-25T09:29:30","slug":"inspiratia-de-joi-du-m-acasa-n-am-benzina-doar-sechestru-pe-masina","status":"publish","type":"post","link":"https:\/\/giurgiu-net.ro\/index.php\/2019\/07\/25\/inspiratia-de-joi-du-m-acasa-n-am-benzina-doar-sechestru-pe-masina\/","title":{"rendered":"InspiRa\u0163ia de joi: Du-m-acas\u0103, n-am benzin\u0103, doar sechestru&#8230; pe ma\u015fin\u0103!"},"content":{"rendered":"\n<p class=\"wp-block-paragraph\">Colegii de la <strong>Giurgiu Acum<\/strong> au postat, recent, un articol \u00een care anun\u0163\u0103 c\u0103: pe ma\u015finile Poli\u0163iei Locale ar fi fost pus sechestru de c\u0103tre executorii judec\u0103tore\u015fti.<\/p>\n\n\n\n<p class=\"wp-block-paragraph\">Bravo!, numai &#8222;ve\u015fti bune&#8221; din ora\u015ful \u0103sta, suntem cei mai tari din Rom\u00e2nia&#8230; Deci, un nou mega-&#8222;succes&#8221; al celor care au gestionat problema de la Local\u0103, cu primarul Nicolae Barbu \u00een frunte, se pare.<\/p>\n\n\n\n<p class=\"wp-block-paragraph\">Potrivit Giurgiu Acum, sechestrul are leg\u0103tur\u0103 cu neplata salariilor c\u0103tre 15 poli\u0163i\u015fti locali care au c\u00e2\u015ftigat, \u00een 2017, procesul cu Prim\u0103ria Giurgiu, dup\u0103 ce au fost disponibiliza\u0163i. \u00centreaga poveste, \u00een articolul pe care \u00eel pute\u0163i studia AICI:  <a rel=\"noreferrer noopener\" aria-label=\"https:\/\/www.giurgiu-acum.ro\/incredibil-masinile-politiei-locale-puse-sechestru-2\/  (se deschide \u00eentr-o fil\u0103 nou\u0103)\" href=\"https:\/\/www.giurgiu-acum.ro\/incredibil-masinile-politiei-locale-puse-sechestru-2\/\" target=\"_blank\">https:\/\/www.giurgiu-acum.ro\/incredibil-masinile-politiei-locale-puse-sechestru-2\/ <\/a><\/p>\n\n\n\n<p class=\"wp-block-paragraph\">Ca s\u0103 nu mearg\u0103, totu\u015fi, pe jos, pentru c\u0103 e foarte cald afar\u0103, iar seara sunt mul\u0163i \u0163\u00e2n\u0163ari, noi ne-am g\u00e2ndit s\u0103 propunem o solu\u0163ie care se potrive\u015fte de minune acestui smart, smart city:<\/p>\n\n\n\n<figure class=\"wp-block-image\"><img decoding=\"async\" src=\"https:\/\/giurgiu-net.ro\/wp-content\/uploads\/2019\/07\/67307285_351084179138425_6651823783566901248_n.jpg\" alt=\"\" class=\"wp-image-68458\"\/><\/figure>\n\n\n\n<p class=\"wp-block-paragraph\"><\/p>\n\n\n\n<ul class=\"wp-block-list\"><li>Par\u0163ial, acesta este un pamflet ce trebuie tratat ca atare!<\/li><\/ul>\n\n\n\n<p class=\"wp-block-paragraph\"><\/p>\n","protected":false},"excerpt":{"rendered":"<p>Colegii de la Giurgiu Acum au postat, recent, un articol \u00een care anun\u0163\u0103 c\u0103: pe ma\u015finile Poli\u0163iei Locale ar fi fost pus sechestru de c\u0103tre executorii judec\u0103tore\u015fti. Bravo!, numai &#8222;ve\u015fti bune&#8221; din ora\u015ful \u0103sta, suntem cei mai tari din Rom\u00e2nia&#8230; Deci, un nou mega-&#8222;succes&#8221; al celor care au gestionat problema de la Local\u0103, cu primarul [&hellip;]<\/p>\n","protected":false},"author":1,"featured_media":68458,"comment_status":"open","ping_status":"open","sticky":false,"template":"","format":"standard","meta":{"slim_seo":{"title":"InspiRa\u0163ia de joi: Du-m-acas\u0103, n-am benzin\u0103, doar sechestru... pe ma\u015fin\u0103! - GIURGIU NET","description":"Colegii de la Giurgiu Acum au postat, recent, un articol \u00een care anun\u0163\u0103 c\u0103: pe ma\u015finile Poli\u0163iei Locale ar fi fost pus sechestru de c\u0103tre executorii judec\u0103tore\u015f"},"footnotes":""},"categories":[18,19,23,28],"tags":[2158],"class_list":["post-68457","post","type-post","status-publish","format-standard","has-post-thumbnail","category-actual","category-adm","category-pam","category-uo","tag-primaria-giurgiu"],"_links":{"self":[{"href":"https:\/\/giurgiu-net.ro\/index.php\/wp-json\/wp\/v2\/posts\/68457","targetHints":{"allow":["GET"]}}],"collection":[{"href":"https:\/\/giurgiu-net.ro\/index.php\/wp-json\/wp\/v2\/posts"}],"about":[{"href":"https:\/\/giurgiu-net.ro\/index.php\/wp-json\/wp\/v2\/types\/post"}],"author":[{"embeddable":true,"href":"https:\/\/giurgiu-net.ro\/index.php\/wp-json\/wp\/v2\/users\/1"}],"replies":[{"embeddable":true,"href":"https:\/\/giurgiu-net.ro\/index.php\/wp-json\/wp\/v2\/comments?post=68457"}],"version-history":[{"count":0,"href":"https:\/\/giurgiu-net.ro\/index.php\/wp-json\/wp\/v2\/posts\/68457\/revisions"}],"wp:attachment":[{"href":"https:\/\/giurgiu-net.ro\/index.php\/wp-json\/wp\/v2\/media?parent=68457"}],"wp:term":[{"taxonomy":"category","embeddable":true,"href":"https:\/\/giurgiu-net.ro\/index.php\/wp-json\/wp\/v2\/categories?post=68457"},{"taxonomy":"post_tag","embeddable":true,"href":"https:\/\/giurgiu-net.ro\/index.php\/wp-json\/wp\/v2\/tags?post=68457"}],"curies":[{"name":"wp","href":"https:\/\/api.w.org\/{rel}","templated":true}]}}