{"id":68378,"date":"2019-07-22T08:19:36","date_gmt":"2019-07-22T05:19:36","guid":{"rendered":"http:\/\/giurgiu-net.ro\/?p=68378"},"modified":"2019-07-22T08:19:36","modified_gmt":"2019-07-22T05:19:36","slug":"prundu-o-femeie-a-murit-iar-un-barbat-a-fost-grav-ranit-dupa-ce-un-autoturism-a-intrat-intr-un-utilaj-agricol","status":"publish","type":"post","link":"https:\/\/giurgiu-net.ro\/index.php\/2019\/07\/22\/prundu-o-femeie-a-murit-iar-un-barbat-a-fost-grav-ranit-dupa-ce-un-autoturism-a-intrat-intr-un-utilaj-agricol\/","title":{"rendered":"PRUNDU: O femeie a murit, iar un b\u0103rbat a fost grav r\u0103nit, dup\u0103 ce un autoturism a intrat \u00eentr-un utilaj agricol"},"content":{"rendered":"\n<p>Accidentul s-a petrecut\nseara trecut\u0103, 21 iulie, \u00een jurul orei 22.20, pe Drumul Jude\u0163ean 512, comuna\nPrundu.<\/p>\n\n\n\n<p>Pompierii giurgiuveni\nanun\u0163\u0103 c\u0103 la fata locului au fost mobilizate o\nautospecial\u0103 de stingere cu ap\u0103 \u0219i spum\u0103 \u0219i o ambulan\u021b\u0103 SMURD din cadrul G\u0103rzii\nde Interven\u021bie Coliba\u0219i.&nbsp; <\/p>\n\n\n\n<p><em>\u201cAccidentul s-a produs \u00eentre un autoturism \u00een care se aflau patru persoane \u0219i un utilaj agricol. \u00cen urma impactului, 2 persoane au r\u0103mas \u00eencarcerate (femeie \u0219i b\u0103rbat de aproximativ 49 de ani). Echipajele de pompieri au ac\u021bionat pentru descarcerarea victimelor. S-a constatat faptul c\u0103 femeia nu prezenta semne vitale, iar\u00a0 barbatul a fost transportat de urgen\u021b\u0103 la spital de c\u0103tre un echipaj SAJ prezent la fata locului, semiconstient, cu leziuni la nivelul gatului\u201d,<\/em> se arat\u0103 \u00eentr-un comunicat al ISU Giurgiu.<\/p>\n\n\n\n<p>C\u00e2nd Poli\u0163ia va comunica mai multe informa\u0163ii despre cauzele producerii accidentului, vi le vom prezenta \u015fi noi.<\/p>\n\n\n\n<ul class=\"wp-block-gallery columns-3 is-cropped wp-block-gallery-1 is-layout-flex wp-block-gallery-is-layout-flex\"><li class=\"blocks-gallery-item\"><figure><img decoding=\"async\" src=\"https:\/\/giurgiu-net.ro\/wp-content\/uploads\/2019\/07\/accident-tractor-1-225x300.jpeg\" alt=\"\" data-id=\"68379\" data-link=\"https:\/\/giurgiu-net.ro\/?attachment_id=68379\" class=\"wp-image-68379\"\/><\/figure><\/li><li class=\"blocks-gallery-item\"><figure><img decoding=\"async\" src=\"https:\/\/giurgiu-net.ro\/wp-content\/uploads\/2019\/07\/accident-tractor-2-225x300.jpeg\" alt=\"\" data-id=\"68380\" data-link=\"https:\/\/giurgiu-net.ro\/?attachment_id=68380\" class=\"wp-image-68380\"\/><\/figure><\/li><li class=\"blocks-gallery-item\"><figure><img decoding=\"async\" src=\"https:\/\/giurgiu-net.ro\/wp-content\/uploads\/2019\/07\/accident-tractor-3-300x225.jpeg\" alt=\"\" data-id=\"68381\" data-link=\"https:\/\/giurgiu-net.ro\/?attachment_id=68381\" class=\"wp-image-68381\"\/><\/figure><\/li><li class=\"blocks-gallery-item\"><figure><img decoding=\"async\" src=\"https:\/\/giurgiu-net.ro\/wp-content\/uploads\/2019\/07\/accident-tractor-4-300x225.jpeg\" alt=\"\" data-id=\"68382\" data-link=\"https:\/\/giurgiu-net.ro\/?attachment_id=68382\" class=\"wp-image-68382\"\/><\/figure><\/li><\/ul>\n\n\n\n<p>Foto: ISU Giurgiu<\/p>\n","protected":false},"excerpt":{"rendered":"<p>Accidentul s-a petrecut seara trecut\u0103, 21 iulie, \u00een jurul orei 22.20, pe Drumul Jude\u0163ean 512, comuna Prundu. Pompierii giurgiuveni anun\u0163\u0103 c\u0103 la fata locului au fost mobilizate o autospecial\u0103 de stingere cu ap\u0103 \u0219i spum\u0103 \u0219i o ambulan\u021b\u0103 SMURD din cadrul G\u0103rzii de Interven\u021bie Coliba\u0219i.&nbsp; \u201cAccidentul s-a produs \u00eentre un autoturism \u00een care se aflau [&hellip;]<\/p>\n","protected":false},"author":1,"featured_media":68383,"comment_status":"open","ping_status":"open","sticky":false,"template":"","format":"standard","meta":{"slim_seo":{"title":"PRUNDU: O femeie a murit, iar un b\u0103rbat a fost grav r\u0103nit, dup\u0103 ce un autoturism a intrat \u00eentr-un utilaj agricol - GIURGIU NET","description":"Accidentul s-a petrecut seara trecut\u0103, 21 iulie, \u00een jurul orei 22.20, pe Drumul Jude\u0163ean 512, comuna Prundu. Pompierii giurgiuveni anun\u0163\u0103 c\u0103 la fata locului au"},"footnotes":""},"categories":[18,26,28],"tags":[],"class_list":{"0":"post-68378","1":"post","2":"type-post","3":"status-publish","4":"format-standard","5":"has-post-thumbnail","7":"category-actual","8":"category-soc","9":"category-uo"},"_links":{"self":[{"href":"https:\/\/giurgiu-net.ro\/index.php\/wp-json\/wp\/v2\/posts\/68378","targetHints":{"allow":["GET"]}}],"collection":[{"href":"https:\/\/giurgiu-net.ro\/index.php\/wp-json\/wp\/v2\/posts"}],"about":[{"href":"https:\/\/giurgiu-net.ro\/index.php\/wp-json\/wp\/v2\/types\/post"}],"author":[{"embeddable":true,"href":"https:\/\/giurgiu-net.ro\/index.php\/wp-json\/wp\/v2\/users\/1"}],"replies":[{"embeddable":true,"href":"https:\/\/giurgiu-net.ro\/index.php\/wp-json\/wp\/v2\/comments?post=68378"}],"version-history":[{"count":0,"href":"https:\/\/giurgiu-net.ro\/index.php\/wp-json\/wp\/v2\/posts\/68378\/revisions"}],"wp:featuredmedia":[{"embeddable":true,"href":"https:\/\/giurgiu-net.ro\/index.php\/wp-json\/"}],"wp:attachment":[{"href":"https:\/\/giurgiu-net.ro\/index.php\/wp-json\/wp\/v2\/media?parent=68378"}],"wp:term":[{"taxonomy":"category","embeddable":true,"href":"https:\/\/giurgiu-net.ro\/index.php\/wp-json\/wp\/v2\/categories?post=68378"},{"taxonomy":"post_tag","embeddable":true,"href":"https:\/\/giurgiu-net.ro\/index.php\/wp-json\/wp\/v2\/tags?post=68378"}],"curies":[{"name":"wp","href":"https:\/\/api.w.org\/{rel}","templated":true}]}}