{"id":68293,"date":"2019-07-09T11:00:53","date_gmt":"2019-07-09T08:00:53","guid":{"rendered":"http:\/\/giurgiu-net.ro\/?p=68293"},"modified":"2019-07-09T11:00:53","modified_gmt":"2019-07-09T08:00:53","slug":"legea-pensiilor-a-fost-promulgata-principalele-modificari-aici","status":"publish","type":"post","link":"https:\/\/giurgiu-net.ro\/index.php\/2019\/07\/09\/legea-pensiilor-a-fost-promulgata-principalele-modificari-aici\/","title":{"rendered":"Legea pensiilor a fost promulgat\u0103! Principalele modific\u0103ri, AICI!"},"content":{"rendered":"\n<p>Ministrul Economiei, giurgiuveanul Niculae B\u0103d\u0103l\u0103u, a postat, ieri, pe pagina sa de Facebook, un mesaj, dup\u0103 ce pre\u015fedintele \u0163\u0103rii a promulgat noua Lege a pensiilor.<\/p>\n\n\n\n<figure class=\"wp-block-image\"><img decoding=\"async\" src=\"https:\/\/giurgiu-net.ro\/wp-content\/uploads\/2019\/04\/badalau-300x300.jpg\" alt=\"\" class=\"wp-image-66716\"\/><\/figure>\n\n\n\n<p>&#8222;Noua lege prevede o cre\u0219tere a punctului de pensie care va intra \u00een vigoare treptat, \u00eencep\u00e2nd cu 1 septembrie 2019 \u0219i \u00eencheindu-se cu 1 septembrie 2021.<\/p>\n\n\n\n<p>Astfel, valorile punctului de pensie sunt urm\u0103toarele:<br \/>a) la data de 1 septembrie 2019 \u2013 1.265 lei;<br \/>b) la data de 1 septembrie 2020 \u2013 1.775 lei;<br \/>c) la data de 1 septembrie 2021 \u2013 1.875 lei.<\/p>\n\n\n\n<p>V\u00e2rsta standard de pensionare este de 65 de ani pentru b\u0103rba\u0163i \u015fi 63 de ani pentru femei. Stagiul minim de cotizare este de 15 ani, at\u00e2t pentru femei, c\u00e2t \u015fi pentru b\u0103rba\u0163i. Stagiul complet de cotizare, care cuprinde \u0219i perioadele asimilate, este de 35 de ani, at\u00e2t pentru femei, c\u00e2t \u015fi pentru b\u0103rba\u0163i.<\/p>\n\n\n\n<p>Legea pensiilor prevede faptul c\u0103 femeile care au realizat stagiul minim de cotizare \u0219i care au n\u0103scut 3 copii \u0219i i-au crescut p\u00e2n\u0103 la v\u00e2rsta de 16 ani beneficiaz\u0103, la cerere, de reducerea cu 6 ani a v\u00e2rstei de pensionare. La reducerea prev\u0103zut\u0103 se adaug\u0103 c\u00e2te un an \u00een plus \u00eencep\u00e2nd cu al patrulea copil. Reducerea v\u00e2rstei de pensionare se aplic\u0103 \u015fi \u00een cazul \u00een care num\u0103rul de copii cuprinde \u015fi copii adopta\u021bi \u0219i crescu\u021bi pe o perioad\u0103 de cel pu\u021bin 13 ani.<\/p>\n\n\n\n<p>Totodat\u0103, pensionarii de invaliditate \u00eencadra\u0163i \u00een gradul de invaliditate au dreptul, \u00een afara pensiei, la o indemniza\u0163ie pentru \u00eenso\u0163itor. Cuantumul indemniza\u021biei pentru \u00eenso\u021bitor reprezint\u0103 50% din salariul de baz\u0103 minim brut pe \u021bar\u0103 garantat \u00een plat\u0103.<\/p>\n\n\n\n<p>Promulgarea legii pensiilor reprezint\u0103 un beneficiu uria\u0219 pentru pensionarii din Rom\u00e2nia!&#8221;, a scris Niculae B\u0103d\u0103l\u0103u, pe Facebook.<\/p>\n","protected":false},"excerpt":{"rendered":"<p>Ministrul Economiei, giurgiuveanul Niculae B\u0103d\u0103l\u0103u, a postat, ieri, pe pagina sa de Facebook, un mesaj, dup\u0103 ce pre\u015fedintele \u0163\u0103rii a promulgat noua Lege a pensiilor. &#8222;Noua lege prevede o cre\u0219tere a punctului de pensie care va intra \u00een vigoare treptat, \u00eencep\u00e2nd cu 1 septembrie 2019 \u0219i \u00eencheindu-se cu 1 septembrie 2021. Astfel, valorile punctului de [&hellip;]<\/p>\n","protected":false},"author":1,"featured_media":68294,"comment_status":"open","ping_status":"open","sticky":false,"template":"","format":"standard","meta":{"slim_seo":{"title":"Legea pensiilor a fost promulgat\u0103! Principalele modific\u0103ri, AICI! - GIURGIU NET","description":"Ministrul Economiei, giurgiuveanul Niculae B\u0103d\u0103l\u0103u, a postat, ieri, pe pagina sa de Facebook, un mesaj, dup\u0103 ce pre\u015fedintele \u0163\u0103rii a promulgat noua Lege a pensi"},"footnotes":""},"categories":[18,25,26,28],"tags":[1514],"class_list":{"0":"post-68293","1":"post","2":"type-post","3":"status-publish","4":"format-standard","5":"has-post-thumbnail","7":"category-actual","8":"category-pol","9":"category-soc","10":"category-uo","11":"tag-legea-pensiilor"},"_links":{"self":[{"href":"https:\/\/giurgiu-net.ro\/index.php\/wp-json\/wp\/v2\/posts\/68293","targetHints":{"allow":["GET"]}}],"collection":[{"href":"https:\/\/giurgiu-net.ro\/index.php\/wp-json\/wp\/v2\/posts"}],"about":[{"href":"https:\/\/giurgiu-net.ro\/index.php\/wp-json\/wp\/v2\/types\/post"}],"author":[{"embeddable":true,"href":"https:\/\/giurgiu-net.ro\/index.php\/wp-json\/wp\/v2\/users\/1"}],"replies":[{"embeddable":true,"href":"https:\/\/giurgiu-net.ro\/index.php\/wp-json\/wp\/v2\/comments?post=68293"}],"version-history":[{"count":0,"href":"https:\/\/giurgiu-net.ro\/index.php\/wp-json\/wp\/v2\/posts\/68293\/revisions"}],"wp:featuredmedia":[{"embeddable":true,"href":"https:\/\/giurgiu-net.ro\/index.php\/wp-json\/"}],"wp:attachment":[{"href":"https:\/\/giurgiu-net.ro\/index.php\/wp-json\/wp\/v2\/media?parent=68293"}],"wp:term":[{"taxonomy":"category","embeddable":true,"href":"https:\/\/giurgiu-net.ro\/index.php\/wp-json\/wp\/v2\/categories?post=68293"},{"taxonomy":"post_tag","embeddable":true,"href":"https:\/\/giurgiu-net.ro\/index.php\/wp-json\/wp\/v2\/tags?post=68293"}],"curies":[{"name":"wp","href":"https:\/\/api.w.org\/{rel}","templated":true}]}}