{"id":68289,"date":"2019-07-08T14:21:40","date_gmt":"2019-07-08T11:21:40","guid":{"rendered":"http:\/\/giurgiu-net.ro\/?p=68289"},"modified":"2019-07-08T14:21:40","modified_gmt":"2019-07-08T11:21:40","slug":"inspiratia-de-luni-trusssst-in-meeee","status":"publish","type":"post","link":"https:\/\/giurgiu-net.ro\/index.php\/2019\/07\/08\/inspiratia-de-luni-trusssst-in-meeee\/","title":{"rendered":"InspiRa\u0163ia de luni: Trusssst in meeee&#8230;"},"content":{"rendered":"\n<p>Acest un fel de \u201eKaa\u201d al PNL-ului central, Rare\u015f Bogdan \u015fi-a b\u0103gat iar, m\u0103 scuza\u0163i, picioarele-n Ludovic Orban \u015fi-n to\u0163i prietenii lui. Mai nou, f\u0103r\u0103 st\u0103p\u00e2n la partid, de parc\u0103 i se cuvine totul acum, politic vorbind, \u201eKaa\u201d a luat vitez\u0103. <\/p>\n\n\n\n<p>Ap\u0103i, nu e de ici de colo ca, din \u201egur\u0103 mare\u201d la Realitatea, s\u0103 te treze\u015fti, fix peste noapte, cu jde mii de euro salariu, la Bruxelles&#8230;<\/p>\n\n\n\n<p>\u00centrebat, la o emisiune\nTV, dac\u0103 s-ar fi certat cu pre\u015fedintele Klaus Iohannis, Rare\u015f s-a ridicat la Orban\n&amp; Co. precum \u015farpele, \u00eenainte s\u0103 mu\u015fte: <\/p>\n\n\n\n<p>\u201c(&#8230;) Nu m-am certat cu d\u00e2nsul, m\u0103 \u00een\u0163eleg foarte bine, iar aceste zvonuri au fost lansate, din p\u0103cate, dintr-o <strong><em>anumit\u0103 zon\u0103 a unor oameni, pe care o s\u0103-i demasc \u00een cur\u00e2nd, care au cam mult\u0103 influen\u0163\u0103 pe l\u00e2ng\u0103 un lider de partid<\/em><\/strong>. dar o s\u0103 \u00eei demasc \u00een cur\u00e2nd pentru c\u0103 \u015fi-au luat nasul la purtare\u201d, a comentat Rare\u015f Bogdan, la Rom\u00e2nia Tv.<\/p>\n\n\n\n<p>El a fost \u00eentrebat dac\u0103 atunci c\u00e2nd face\nreferire la liderul de partid spune despre Ludovic Orban, Rare\u015f Bogdan a\nr\u0103spuns clar \u0219i f\u0103r\u0103 echivoc. \u201eDa, dar nu mai zic mai multe\u201d.<\/p>\n\n\n\n<p>\u201eNe preg\u0103tim de campanie \u015fi nu am de g\u00e2nd s\u0103\nm\u0103 cert nici cu pre\u015fedintele Iohannis, nici cu Orban. <strong><em>\u00cen schimb, o s\u0103 \u00eei iau de urechi\npe cei care \u00ee\u015fi bag\u0103 limba \u00een urechea unora sau a altora<\/em><\/strong>\u201d, a conchis\neuroparlamentarul PNL(surs\u0103 Capital.ro).<\/p>\n\n\n\n<p>Cu precizarea c\u0103 cei de la Capital l-au corectat. De fapt, <strong><em>Rare\u015f Bogdan a spus initial: \u201ccare \u00ee\u015fi bag\u0103 limba \u00een gur\u0103\u2026\u201d. <\/em><\/strong>Ca s\u0103 vede\u0163i subcon\u015ftientu&#8217; omului :)))<\/p>\n\n\n\n<p>Nah, \u015ftie el ce \u015ftie, c\u0103 ce-i mai place \u015fi lui Orban\u2026 \ud83d\ude00<\/p>\n\n\n\n<figure class=\"wp-block-image\"><img decoding=\"async\" src=\"https:\/\/giurgiu-net.ro\/wp-content\/uploads\/2019\/07\/rares-serpisorul.jpg\" alt=\"\" class=\"wp-image-68290\"\/><\/figure>\n","protected":false},"excerpt":{"rendered":"<p>Acest un fel de \u201eKaa\u201d al PNL-ului central, Rare\u015f Bogdan \u015fi-a b\u0103gat iar, m\u0103 scuza\u0163i, picioarele-n Ludovic Orban \u015fi-n to\u0163i prietenii lui. Mai nou, f\u0103r\u0103 st\u0103p\u00e2n la partid, de parc\u0103 i se cuvine totul acum, politic vorbind, \u201eKaa\u201d a luat vitez\u0103. Ap\u0103i, nu e de ici de colo ca, din \u201egur\u0103 mare\u201d la Realitatea, s\u0103 [&hellip;]<\/p>\n","protected":false},"author":1,"featured_media":68291,"comment_status":"open","ping_status":"open","sticky":false,"template":"","format":"standard","meta":{"slim_seo":{"title":"InspiRa\u0163ia de luni: Trusssst in meeee... - GIURGIU NET","description":"Acest un fel de \u201eKaa\u201d al PNL-ului central, Rare\u015f Bogdan \u015fi-a b\u0103gat iar, m\u0103 scuza\u0163i, picioarele-n Ludovic Orban \u015fi-n to\u0163i prietenii lui. Mai nou, f\u0103r\u0103 st\u0103p\u00e2n la"},"footnotes":""},"categories":[18,23,25,28],"tags":[],"class_list":{"0":"post-68289","1":"post","2":"type-post","3":"status-publish","4":"format-standard","5":"has-post-thumbnail","7":"category-actual","8":"category-pam","9":"category-pol","10":"category-uo"},"_links":{"self":[{"href":"https:\/\/giurgiu-net.ro\/index.php\/wp-json\/wp\/v2\/posts\/68289","targetHints":{"allow":["GET"]}}],"collection":[{"href":"https:\/\/giurgiu-net.ro\/index.php\/wp-json\/wp\/v2\/posts"}],"about":[{"href":"https:\/\/giurgiu-net.ro\/index.php\/wp-json\/wp\/v2\/types\/post"}],"author":[{"embeddable":true,"href":"https:\/\/giurgiu-net.ro\/index.php\/wp-json\/wp\/v2\/users\/1"}],"replies":[{"embeddable":true,"href":"https:\/\/giurgiu-net.ro\/index.php\/wp-json\/wp\/v2\/comments?post=68289"}],"version-history":[{"count":0,"href":"https:\/\/giurgiu-net.ro\/index.php\/wp-json\/wp\/v2\/posts\/68289\/revisions"}],"wp:featuredmedia":[{"embeddable":true,"href":"https:\/\/giurgiu-net.ro\/index.php\/wp-json\/"}],"wp:attachment":[{"href":"https:\/\/giurgiu-net.ro\/index.php\/wp-json\/wp\/v2\/media?parent=68289"}],"wp:term":[{"taxonomy":"category","embeddable":true,"href":"https:\/\/giurgiu-net.ro\/index.php\/wp-json\/wp\/v2\/categories?post=68289"},{"taxonomy":"post_tag","embeddable":true,"href":"https:\/\/giurgiu-net.ro\/index.php\/wp-json\/wp\/v2\/tags?post=68289"}],"curies":[{"name":"wp","href":"https:\/\/api.w.org\/{rel}","templated":true}]}}