{"id":68279,"date":"2019-07-08T07:51:19","date_gmt":"2019-07-08T04:51:19","guid":{"rendered":"http:\/\/giurgiu-net.ro\/?p=68279"},"modified":"2019-07-08T07:51:19","modified_gmt":"2019-07-08T04:51:19","slug":"ploi-aproape-toata-saptamana-si-la-giurgiu","status":"publish","type":"post","link":"https:\/\/giurgiu-net.ro\/index.php\/2019\/07\/08\/ploi-aproape-toata-saptamana-si-la-giurgiu\/","title":{"rendered":"Ploi, aproape toat\u0103 s\u0103pt\u0103m\u00e2na, \u015fi la Giurgiu"},"content":{"rendered":"\n<p>Vremea se va men\u0163ine instabil\u0103, zilele viitoare, anun\u0163\u0103 speciali\u015ftii, jude\u0163ul nostru fiind chiar sub avertizare Cod Galben de ploi, ast\u0103zi, toat\u0103 ziua.<\/p>\n\n\n\n<figure class=\"wp-block-image\"><img decoding=\"async\" src=\"https:\/\/giurgiu-net.ro\/wp-content\/uploads\/2019\/07\/vrem-1.jpg\" alt=\"\" class=\"wp-image-68280\"\/><\/figure>\n\n\n\n<p>Astfel, potrivit Administra\u021biei Na\u021bionale de Meteorologie, \u00een\nintervalul 8 iulie, ora 6.00- 8 iulie, ora 22.00, se vor \u00eenregistra manifest\u0103ri\nde instabilitate atmosferic\u0103 temporar accentuat\u0103.<\/p>\n\n\n\n<p>Astfel, se vor semnala averse ce vor avea \u0219i caracter toren\u021bial,\ndesc\u0103rc\u0103ri electrice, intensific\u0103ri ale v\u00e2ntului \u0219i, posibil, grindin\u0103.<\/p>\n\n\n\n<p>Cantit\u0103\u021bile de ap\u0103 vor dep\u0103\u0219i 20\u202625 l\/mp \u0219i izolat 40-50 l\/mp.<\/p>\n","protected":false},"excerpt":{"rendered":"<p>Vremea se va men\u0163ine instabil\u0103, zilele viitoare, anun\u0163\u0103 speciali\u015ftii, jude\u0163ul nostru fiind chiar sub avertizare Cod Galben de ploi, ast\u0103zi, toat\u0103 ziua. Astfel, potrivit Administra\u021biei Na\u021bionale de Meteorologie, \u00een intervalul 8 iulie, ora 6.00- 8 iulie, ora 22.00, se vor \u00eenregistra manifest\u0103ri de instabilitate atmosferic\u0103 temporar accentuat\u0103. Astfel, se vor semnala averse ce vor avea [&hellip;]<\/p>\n","protected":false},"author":1,"featured_media":42366,"comment_status":"open","ping_status":"open","sticky":false,"template":"","format":"standard","meta":{"slim_seo":{"title":"Ploi, aproape toat\u0103 s\u0103pt\u0103m\u00e2na, \u015fi la Giurgiu - GIURGIU NET","description":"Vremea se va men\u0163ine instabil\u0103, zilele viitoare, anun\u0163\u0103 speciali\u015ftii, jude\u0163ul nostru fiind chiar sub avertizare Cod Galben de ploi, ast\u0103zi, toat\u0103 ziua. Astfel,"},"footnotes":""},"categories":[18,26,28],"tags":[],"class_list":{"0":"post-68279","1":"post","2":"type-post","3":"status-publish","4":"format-standard","5":"has-post-thumbnail","7":"category-actual","8":"category-soc","9":"category-uo"},"_links":{"self":[{"href":"https:\/\/giurgiu-net.ro\/index.php\/wp-json\/wp\/v2\/posts\/68279","targetHints":{"allow":["GET"]}}],"collection":[{"href":"https:\/\/giurgiu-net.ro\/index.php\/wp-json\/wp\/v2\/posts"}],"about":[{"href":"https:\/\/giurgiu-net.ro\/index.php\/wp-json\/wp\/v2\/types\/post"}],"author":[{"embeddable":true,"href":"https:\/\/giurgiu-net.ro\/index.php\/wp-json\/wp\/v2\/users\/1"}],"replies":[{"embeddable":true,"href":"https:\/\/giurgiu-net.ro\/index.php\/wp-json\/wp\/v2\/comments?post=68279"}],"version-history":[{"count":0,"href":"https:\/\/giurgiu-net.ro\/index.php\/wp-json\/wp\/v2\/posts\/68279\/revisions"}],"wp:featuredmedia":[{"embeddable":true,"href":"https:\/\/giurgiu-net.ro\/index.php\/wp-json\/wp\/v2\/media\/42366"}],"wp:attachment":[{"href":"https:\/\/giurgiu-net.ro\/index.php\/wp-json\/wp\/v2\/media?parent=68279"}],"wp:term":[{"taxonomy":"category","embeddable":true,"href":"https:\/\/giurgiu-net.ro\/index.php\/wp-json\/wp\/v2\/categories?post=68279"},{"taxonomy":"post_tag","embeddable":true,"href":"https:\/\/giurgiu-net.ro\/index.php\/wp-json\/wp\/v2\/tags?post=68279"}],"curies":[{"name":"wp","href":"https:\/\/api.w.org\/{rel}","templated":true}]}}