{"id":68271,"date":"2019-07-08T10:38:24","date_gmt":"2019-07-08T07:38:24","guid":{"rendered":"http:\/\/giurgiu-net.ro\/?p=68271"},"modified":"2019-07-08T10:38:24","modified_gmt":"2019-07-08T07:38:24","slug":"opinie-iar-s-au-suparat-pe-noi-autoritatile-locale-giurgiuveni-de-data-asta-pentru-ca-n-am-verificat-insecticidul","status":"publish","type":"post","link":"https:\/\/giurgiu-net.ro\/index.php\/2019\/07\/08\/opinie-iar-s-au-suparat-pe-noi-autoritatile-locale-giurgiuveni-de-data-asta-pentru-ca-n-am-verificat-insecticidul\/","title":{"rendered":"OPINIE: Iar s-au sup\u0103rat pe noi autorit\u0103\u0163ile locale, giurgiuveni?! De data asta, pentru c\u0103 n-am verificat insecticidul&#8230;"},"content":{"rendered":"\n<p>\u00cen loc s\u0103 declare r\u0103zboi \u0163\u00e2n\u0163arilor, gropilor, gunoiului \u015fi a\u015fa mai departe, conducerea Prim\u0103riei Giurgiu se pare c\u0103 declar\u0103 r\u0103zboi&#8230; giurgiuvenilor.<\/p>\n\n\n\n<p>Dup\u0103 mai multe comentarii postate pe Facebook, unde se ia pur \u015fi simplu la har\u0163\u0103 cu cet\u0103\u0163enii &#8222;pufo\u015fi&#8221;, &#8222;Prim\u0103ria Municipiului Giurgiu\u201d se pare c\u0103 iar e sup\u0103rat\u0103 pe noi. Ce-i drept, n-a mai spus-o personal. A ap\u0103rut, \u00een schimb, un articol \u00eentr-un ziar ce promoveaz\u0103 intens activitatea institu\u0163iei cu pricina&#8230; <\/p>\n\n\n\n<p>Acolo, suntem tra\u015fi de urechi, noi, to\u0163i giurgiuvenii care am criticat e\u015fecul Prim\u0103riei Giurgiu \u00een lupta \u00eempotriva \u0163\u00e2n\u0163arilor, dar care n-am catadicsit s\u0103 ne trezim duminic\u0103, la ora 04.00, pentru a verifica solu\u0163ia cu care s-a stropit \u00eempotriva \u0163\u00e2n\u0163arilor&#8230;<\/p>\n\n\n\n<figure class=\"wp-block-image\"><img decoding=\"async\" src=\"https:\/\/giurgiu-net.ro\/wp-content\/uploads\/2019\/07\/pmg-2.jpg\" alt=\"\" class=\"wp-image-68272\"\/><\/figure>\n\n\n\n<p>Doamne, Dumnezeule, ori face\u0163i mi\u015fto de\nnoi, ori face\u0163i mi\u015fto&#8230; de voi!<\/p>\n\n\n\n<p>Adic\u0103, noi to\u0163i, chimi\u015fti fiind, ne duceam, desf\u0103ceam cutiile alea, gustam ni\u0163el sau cum dracului verificam dac\u0103 e respectat\u0103 re\u0163eta declarat\u0103? Veneam cu eprubetele de la laboratoarele de chimie ale \u015fcolilor copiilor no\u015ftri? Cum?<\/p>\n\n\n\n<p>O miroseam sau aduceam cu noi Protec\u0163ia\nConsumatorului, just in case?<\/p>\n\n\n\n<p>M\u0103i, fra\u0163ilor, ori e de la c\u0103ldur\u0103, ori\ne de la \u0163\u00e2n\u0163ari!<\/p>\n\n\n\n<p>Treaba noastr\u0103, a cet\u0103\u0163enilor, nu este s\u0103 mergem s\u0103 verific\u0103m re\u0163eta insecticidelor, a asfaltului, a solu\u0163iilor pentru epurarea apelor! Noi vedem rezultatele, nu ne face\u0163i &#8222;primari&#8221; odat\u0103 cu dumneavoastr\u0103, c\u0103 nu suntem!<\/p>\n\n\n\n<p>Dumneavoastr\u0103 trebuie s\u0103 verifica\u0163i, noi resim\u0163im efectele. Dac\u0103 substan\u0163a e inutil\u0103, ne m\u0103n\u00e2nc\u0103 \u0163\u00e2n\u0163arii. Dac\u0103 asfaltul e de proast\u0103 calitate, avem tot ora\u015ful plin de gropi. Dac\u0103 firma de gunoi e cum e&#8230;. zac gunoaiele pe l\u00e2ng\u0103 pubele. <\/p>\n\n\n\n<p>De c\u00e2nd cu Facebook-ul \u0103sta, s-a \u00eentors lumea cu susul \u00een jos&#8230;. Si, astfel,  am ajuns s\u0103 ne certe &#8222;autorit\u0103\u0163ile&#8221; pe noi, nu invers, c\u0103 nu verific\u0103m solu\u0163iile pentru un ora\u015f smart&#8230;<\/p>\n\n\n\n<figure class=\"wp-block-image\"><img decoding=\"async\" src=\"https:\/\/giurgiu-net.ro\/wp-content\/uploads\/2019\/07\/pmg-1.jpg\" alt=\"\" class=\"wp-image-68273\"\/><\/figure>\n\n\n\n<p>P.S.: E, o s\u0103 vin\u0103 \u015fi r\u00e2ndul nostru! \ud83d\ude00<\/p>\n","protected":false},"excerpt":{"rendered":"<p>\u00cen loc s\u0103 declare r\u0103zboi \u0163\u00e2n\u0163arilor, gropilor, gunoiului \u015fi a\u015fa mai departe, conducerea Prim\u0103riei Giurgiu se pare c\u0103 declar\u0103 r\u0103zboi&#8230; giurgiuvenilor. Dup\u0103 mai multe comentarii postate pe Facebook, unde se ia pur \u015fi simplu la har\u0163\u0103 cu cet\u0103\u0163enii &#8222;pufo\u015fi&#8221;, &#8222;Prim\u0103ria Municipiului Giurgiu\u201d se pare c\u0103 iar e sup\u0103rat\u0103 pe noi. Ce-i drept, n-a mai spus-o [&hellip;]<\/p>\n","protected":false},"author":1,"featured_media":68274,"comment_status":"open","ping_status":"open","sticky":false,"template":"","format":"standard","meta":{"slim_seo":{"title":"OPINIE: Iar s-au sup\u0103rat pe noi autorit\u0103\u0163ile locale, giurgiuveni?! De data asta, pentru c\u0103 n-am verificat insecticidul... - GIURGIU NET","description":"\u00cen loc s\u0103 declare r\u0103zboi \u0163\u00e2n\u0163arilor, gropilor, gunoiului \u015fi a\u015fa mai departe, conducerea Prim\u0103riei Giurgiu se pare c\u0103 declar\u0103 r\u0103zboi... giurgiuvenilor. Dup\u0103 mai"},"footnotes":""},"categories":[18,19,20,26,28],"tags":[],"class_list":{"0":"post-68271","1":"post","2":"type-post","3":"status-publish","4":"format-standard","5":"has-post-thumbnail","7":"category-actual","8":"category-adm","9":"category-edit","10":"category-soc","11":"category-uo"},"_links":{"self":[{"href":"https:\/\/giurgiu-net.ro\/index.php\/wp-json\/wp\/v2\/posts\/68271","targetHints":{"allow":["GET"]}}],"collection":[{"href":"https:\/\/giurgiu-net.ro\/index.php\/wp-json\/wp\/v2\/posts"}],"about":[{"href":"https:\/\/giurgiu-net.ro\/index.php\/wp-json\/wp\/v2\/types\/post"}],"author":[{"embeddable":true,"href":"https:\/\/giurgiu-net.ro\/index.php\/wp-json\/wp\/v2\/users\/1"}],"replies":[{"embeddable":true,"href":"https:\/\/giurgiu-net.ro\/index.php\/wp-json\/wp\/v2\/comments?post=68271"}],"version-history":[{"count":0,"href":"https:\/\/giurgiu-net.ro\/index.php\/wp-json\/wp\/v2\/posts\/68271\/revisions"}],"wp:featuredmedia":[{"embeddable":true,"href":"https:\/\/giurgiu-net.ro\/index.php\/wp-json\/"}],"wp:attachment":[{"href":"https:\/\/giurgiu-net.ro\/index.php\/wp-json\/wp\/v2\/media?parent=68271"}],"wp:term":[{"taxonomy":"category","embeddable":true,"href":"https:\/\/giurgiu-net.ro\/index.php\/wp-json\/wp\/v2\/categories?post=68271"},{"taxonomy":"post_tag","embeddable":true,"href":"https:\/\/giurgiu-net.ro\/index.php\/wp-json\/wp\/v2\/tags?post=68271"}],"curies":[{"name":"wp","href":"https:\/\/api.w.org\/{rel}","templated":true}]}}