{"id":68090,"date":"2019-06-28T11:59:11","date_gmt":"2019-06-28T08:59:11","guid":{"rendered":"http:\/\/giurgiu-net.ro\/?p=68090"},"modified":"2019-06-28T11:59:11","modified_gmt":"2019-06-28T08:59:11","slug":"foto-noul-sediu-renault-inaugurat-in-prezenta-premierului-si-ministrului-economiei","status":"publish","type":"post","link":"https:\/\/giurgiu-net.ro\/index.php\/2019\/06\/28\/foto-noul-sediu-renault-inaugurat-in-prezenta-premierului-si-ministrului-economiei\/","title":{"rendered":"FOTO: Noul sediu Renault, inaugurat \u00een prezen\u0163a premierului \u015fi ministrului Economiei"},"content":{"rendered":"\n<p class=\"wp-block-paragraph\">Ministrul Economiei, giurgiuveanul Niculae B\u0103d\u0103l\u0103u, a postat pe pagina sa de Facebook un mesaj referitor la evenimentul de ast\u0103zi:<\/p>\n\n\n\n<p class=\"wp-block-paragraph\"><em>&#8222;Ast\u0103zi, am participat la inaugurarea oficial\u0103 a sediului Renault Bucharest Connected, \u00een prezen\u021ba prim-ministrului, doamna Viorica D\u0103ncil\u0103, a ambasadorului Fran\u021bei \u00een Rom\u00e2nia, doamna Mich\u00e8le Ramis \u0219i a directorilor companiei.<\/em><\/p>\n\n\n\n<p class=\"wp-block-paragraph\"><em>Felicit\u0103ri celor din Grupul Renault care au construit pe o suprafa\u021b\u0103 de 47.000 metri p\u0103tra\u021bi un sediu modern, cu facilit\u0103\u021bi de top pentru cei 3500 de angaja\u021bi!&#8221;<\/em><\/p>\n\n\n\n<ul class=\"wp-block-gallery columns-3 is-cropped wp-block-gallery-1 is-layout-flex wp-block-gallery-is-layout-flex\"><li class=\"blocks-gallery-item\"><figure><img decoding=\"async\" src=\"https:\/\/giurgiu-net.ro\/wp-content\/uploads\/2019\/06\/65186179_946552965689266_1282188110272135168_n-300x225.jpg\" alt=\"\" data-id=\"68091\" data-link=\"https:\/\/giurgiu-net.ro\/?attachment_id=68091\" class=\"wp-image-68091\"\/><\/figure><\/li><li class=\"blocks-gallery-item\"><figure><img decoding=\"async\" src=\"https:\/\/giurgiu-net.ro\/wp-content\/uploads\/2019\/06\/65248143_946479712363258_4854612473950502912_n-300x225.jpg\" alt=\"\" data-id=\"68092\" data-link=\"https:\/\/giurgiu-net.ro\/?attachment_id=68092\" class=\"wp-image-68092\"\/><\/figure><\/li><li class=\"blocks-gallery-item\"><figure><img decoding=\"async\" src=\"https:\/\/giurgiu-net.ro\/wp-content\/uploads\/2019\/06\/65305294_946479499029946_5511756231313719296_n-300x225.jpg\" alt=\"\" data-id=\"68093\" data-link=\"https:\/\/giurgiu-net.ro\/?attachment_id=68093\" class=\"wp-image-68093\"\/><\/figure><\/li><li class=\"blocks-gallery-item\"><figure><img decoding=\"async\" src=\"https:\/\/giurgiu-net.ro\/wp-content\/uploads\/2019\/06\/65320231_946479549029941_49118117875417088_n-300x225.jpg\" alt=\"\" data-id=\"68094\" data-link=\"https:\/\/giurgiu-net.ro\/?attachment_id=68094\" class=\"wp-image-68094\"\/><\/figure><\/li><li class=\"blocks-gallery-item\"><figure><img decoding=\"async\" src=\"https:\/\/giurgiu-net.ro\/wp-content\/uploads\/2019\/06\/65371662_946479659029930_1090347975747567616_n-300x279.jpg\" alt=\"\" data-id=\"68095\" data-link=\"https:\/\/giurgiu-net.ro\/?attachment_id=68095\" class=\"wp-image-68095\"\/><\/figure><\/li><li class=\"blocks-gallery-item\"><figure><img decoding=\"async\" src=\"https:\/\/giurgiu-net.ro\/wp-content\/uploads\/2019\/06\/65476467_946552712355958_3733350564851875840_n-300x225.jpg\" alt=\"\" data-id=\"68096\" data-link=\"https:\/\/giurgiu-net.ro\/?attachment_id=68096\" class=\"wp-image-68096\"\/><\/figure><\/li><li class=\"blocks-gallery-item\"><figure><img decoding=\"async\" src=\"https:\/\/giurgiu-net.ro\/wp-content\/uploads\/2019\/06\/65892118_946552879022608_8025984156011855872_n-300x225.jpg\" alt=\"\" data-id=\"68097\" data-link=\"https:\/\/giurgiu-net.ro\/?attachment_id=68097\" class=\"wp-image-68097\"\/><\/figure><\/li><li class=\"blocks-gallery-item\"><figure><img decoding=\"async\" src=\"https:\/\/giurgiu-net.ro\/wp-content\/uploads\/2019\/06\/65915356_946552819022614_7201457414225264640_n-300x225.jpg\" alt=\"\" data-id=\"68098\" data-link=\"https:\/\/giurgiu-net.ro\/?attachment_id=68098\" class=\"wp-image-68098\"\/><\/figure><\/li><li class=\"blocks-gallery-item\"><figure><img decoding=\"async\" src=\"https:\/\/giurgiu-net.ro\/wp-content\/uploads\/2019\/06\/65924828_946552749022621_6156318186925981696_n-300x225.jpg\" alt=\"\" data-id=\"68099\" data-link=\"https:\/\/giurgiu-net.ro\/?attachment_id=68099\" class=\"wp-image-68099\"\/><\/figure><\/li><li class=\"blocks-gallery-item\"><figure><img decoding=\"async\" src=\"https:\/\/giurgiu-net.ro\/wp-content\/uploads\/2019\/06\/65936753_946479765696586_5439601639734378496_n-300x225.jpg\" alt=\"\" data-id=\"68100\" data-link=\"https:\/\/giurgiu-net.ro\/?attachment_id=68100\" class=\"wp-image-68100\"\/><\/figure><\/li><\/ul>\n","protected":false},"excerpt":{"rendered":"<p>Ministrul Economiei, giurgiuveanul Niculae B\u0103d\u0103l\u0103u, a postat pe pagina sa de Facebook un mesaj referitor la evenimentul de ast\u0103zi: &#8222;Ast\u0103zi, am participat la inaugurarea oficial\u0103 a sediului Renault Bucharest Connected, \u00een prezen\u021ba prim-ministrului, doamna Viorica D\u0103ncil\u0103, a ambasadorului Fran\u021bei \u00een Rom\u00e2nia, doamna Mich\u00e8le Ramis \u0219i a directorilor companiei. Felicit\u0103ri celor din Grupul Renault care au [&hellip;]<\/p>\n","protected":false},"author":1,"featured_media":68101,"comment_status":"open","ping_status":"open","sticky":false,"template":"","format":"standard","meta":{"slim_seo":{"title":"FOTO: Noul sediu Renault, inaugurat \u00een prezen\u0163a premierului \u015fi ministrului Economiei - GIURGIU NET","description":"Ministrul Economiei, giurgiuveanul Niculae B\u0103d\u0103l\u0103u, a postat pe pagina sa de Facebook un mesaj referitor la evenimentul de ast\u0103zi: \"Ast\u0103zi, am participat la ina"},"footnotes":""},"categories":[18,19,22,26,28],"tags":[],"class_list":["post-68090","post","type-post","status-publish","format-standard","has-post-thumbnail","category-actual","category-adm","category-nt","category-soc","category-uo"],"_links":{"self":[{"href":"https:\/\/giurgiu-net.ro\/index.php\/wp-json\/wp\/v2\/posts\/68090","targetHints":{"allow":["GET"]}}],"collection":[{"href":"https:\/\/giurgiu-net.ro\/index.php\/wp-json\/wp\/v2\/posts"}],"about":[{"href":"https:\/\/giurgiu-net.ro\/index.php\/wp-json\/wp\/v2\/types\/post"}],"author":[{"embeddable":true,"href":"https:\/\/giurgiu-net.ro\/index.php\/wp-json\/wp\/v2\/users\/1"}],"replies":[{"embeddable":true,"href":"https:\/\/giurgiu-net.ro\/index.php\/wp-json\/wp\/v2\/comments?post=68090"}],"version-history":[{"count":0,"href":"https:\/\/giurgiu-net.ro\/index.php\/wp-json\/wp\/v2\/posts\/68090\/revisions"}],"wp:attachment":[{"href":"https:\/\/giurgiu-net.ro\/index.php\/wp-json\/wp\/v2\/media?parent=68090"}],"wp:term":[{"taxonomy":"category","embeddable":true,"href":"https:\/\/giurgiu-net.ro\/index.php\/wp-json\/wp\/v2\/categories?post=68090"},{"taxonomy":"post_tag","embeddable":true,"href":"https:\/\/giurgiu-net.ro\/index.php\/wp-json\/wp\/v2\/tags?post=68090"}],"curies":[{"name":"wp","href":"https:\/\/api.w.org\/{rel}","templated":true}]}}