{"id":68086,"date":"2019-06-28T13:44:26","date_gmt":"2019-06-28T10:44:26","guid":{"rendered":"http:\/\/giurgiu-net.ro\/?p=68086"},"modified":"2019-06-28T13:44:26","modified_gmt":"2019-06-28T10:44:26","slug":"inspiratia-de-vineri-4","status":"publish","type":"post","link":"https:\/\/giurgiu-net.ro\/index.php\/2019\/06\/28\/inspiratia-de-vineri-4\/","title":{"rendered":"InspiRa\u0163ia de vineri: &#8222;Hei, copii, nu ati aflat?  Azi e prima zi de scoala&#8230;&#8221;"},"content":{"rendered":"\n<p class=\"wp-block-paragraph\">&#8222;<em>Nicu\u015for e suparat:  El ar vrea sa-nvete-afara&#8230;&#8221;<\/em>&#8211; <strong>Poezii pentru \u015fcoal\u0103<\/strong><\/p>\n\n\n\n<p class=\"wp-block-paragraph\">Nicu\u015for Iacob, consilier jude\u0163ean din partea PNL, e plin de talente. Serios! Iar cel mai \u015fmecher dintre acestea e \u0103la \u00een care reu\u015fe\u015fte s\u0103-i scoat\u0103 din s\u0103rite pe colegi. Fie c\u0103 vorbim despre colegii din acela\u015fi partid, fie din celelalte&#8230;<\/p>\n\n\n\n<p class=\"wp-block-paragraph\">Azi, Nicu\u015for l-a scos din s\u0103rite, din nou, pe Constantin Basangiac(ALDE), \u00een \u015fedin\u0163a ordinar\u0103 a Consiliului Jude\u0163ean Giurgiu. La un proiect privind conducerea Direc\u0163iei pentru Protec\u0163ia Copilului Giurgiu, Nicu\u015for o \u0163inea langa cu aceast\u0103 \u00eentrebare: &#8222;deci, nu s-a prezentat la concurs?&#8221;.<\/p>\n\n\n\n<p class=\"wp-block-paragraph\">O zice o dat\u0103, de dou\u0103 ori, de trei ori, oamenii izbucnesc \u00een r\u00e2s pe la a 4-a, iar Constantin Basangiac \u00eei strig\u0103: &#8211; &#8222;Domnule, dar unde suntem aici, la clasa I \u015fi facem fixarea lec\u0163iei?&#8221; :)))<\/p>\n\n\n\n<p class=\"wp-block-paragraph\">Domnule Basangiac(mul\u0163umim pentru inspira\u0163ie!), s\u0103 vede\u0163i cum e la &#8222;spaniol\u0103&#8221;, c\u00e2nd i se spune Vaya con Dios!<\/p>\n\n\n\n<p class=\"wp-block-paragraph\">Poftim! S\u0103 mai zice\u0163i c\u0103 avem noi ceva \u00eempotriva t\u00e2n\u0103rului consilier Nicu\u015for Iacob. <br \/>\u00centreb\u0103ri pe l\u00e2ng\u0103 subiect, \u00eentreb\u0103ri pe l\u00e2ng\u0103 administra\u0163ie&#8230; Concluzii f\u0103r\u0103 leg\u0103tur\u0103 cu punctul de plecare, ce mai, la &#8222;administra\u0163ie public\u0103&#8221; e&#8230; a\u015fa, cam ca-n clasa I (sau preg\u0103titoare?)<\/p>\n\n\n\n<p class=\"wp-block-paragraph\">At\u00e2t.<\/p>\n\n\n\n<figure class=\"wp-block-image\"><img decoding=\"async\" src=\"https:\/\/giurgiu-net.ro\/wp-content\/uploads\/2019\/06\/nicusor-2.jpg\" alt=\"\" class=\"wp-image-68087\"\/><\/figure>\n\n\n\n<p class=\"wp-block-paragraph\"><em>Doamna profesoar\u0103<\/em><\/p>\n\n\n\n<p class=\"wp-block-paragraph\">*Acesta un pamflet ce trebuie tratat ca atare, iar fotografia, Doamne, este un trucaj, da! <\/p>\n","protected":false},"excerpt":{"rendered":"<p>&#8222;Nicu\u015for e suparat: El ar vrea sa-nvete-afara&#8230;&#8221;&#8211; Poezii pentru \u015fcoal\u0103 Nicu\u015for Iacob, consilier jude\u0163ean din partea PNL, e plin de talente. Serios! Iar cel mai \u015fmecher dintre acestea e \u0103la \u00een care reu\u015fe\u015fte s\u0103-i scoat\u0103 din s\u0103rite pe colegi. Fie c\u0103 vorbim despre colegii din acela\u015fi partid, fie din celelalte&#8230; Azi, Nicu\u015for l-a scos din [&hellip;]<\/p>\n","protected":false},"author":1,"featured_media":68087,"comment_status":"open","ping_status":"open","sticky":false,"template":"","format":"standard","meta":{"slim_seo":{"title":"InspiRa\u0163ia de vineri: \"Hei, copii, nu ati aflat? Azi e prima zi de scoala...\" - GIURGIU NET","description":"\" Nicu\u015for e suparat: El ar vrea sa-nvete-afara...\" - Poezii pentru \u015fcoal\u0103 Nicu\u015for Iacob, consilier jude\u0163ean din partea PNL, e plin de talente. Serios! Iar cel m"},"footnotes":""},"categories":[18,23,25,28],"tags":[],"class_list":["post-68086","post","type-post","status-publish","format-standard","has-post-thumbnail","category-actual","category-pam","category-pol","category-uo"],"_links":{"self":[{"href":"https:\/\/giurgiu-net.ro\/index.php\/wp-json\/wp\/v2\/posts\/68086","targetHints":{"allow":["GET"]}}],"collection":[{"href":"https:\/\/giurgiu-net.ro\/index.php\/wp-json\/wp\/v2\/posts"}],"about":[{"href":"https:\/\/giurgiu-net.ro\/index.php\/wp-json\/wp\/v2\/types\/post"}],"author":[{"embeddable":true,"href":"https:\/\/giurgiu-net.ro\/index.php\/wp-json\/wp\/v2\/users\/1"}],"replies":[{"embeddable":true,"href":"https:\/\/giurgiu-net.ro\/index.php\/wp-json\/wp\/v2\/comments?post=68086"}],"version-history":[{"count":0,"href":"https:\/\/giurgiu-net.ro\/index.php\/wp-json\/wp\/v2\/posts\/68086\/revisions"}],"wp:attachment":[{"href":"https:\/\/giurgiu-net.ro\/index.php\/wp-json\/wp\/v2\/media?parent=68086"}],"wp:term":[{"taxonomy":"category","embeddable":true,"href":"https:\/\/giurgiu-net.ro\/index.php\/wp-json\/wp\/v2\/categories?post=68086"},{"taxonomy":"post_tag","embeddable":true,"href":"https:\/\/giurgiu-net.ro\/index.php\/wp-json\/wp\/v2\/tags?post=68086"}],"curies":[{"name":"wp","href":"https:\/\/api.w.org\/{rel}","templated":true}]}}