{"id":68051,"date":"2019-06-26T12:11:53","date_gmt":"2019-06-26T09:11:53","guid":{"rendered":"http:\/\/giurgiu-net.ro\/?p=68051"},"modified":"2019-06-26T12:11:53","modified_gmt":"2019-06-26T09:11:53","slug":"pamflet-primarul-care-m-au-votat-aia-sa-ma-cele-10-porunci-de-ale-lui-barbu","status":"publish","type":"post","link":"https:\/\/giurgiu-net.ro\/index.php\/2019\/06\/26\/pamflet-primarul-care-m-au-votat-aia-sa-ma-cele-10-porunci-de-ale-lui-barbu\/","title":{"rendered":"PAMFLET: Primarul \u201eCare m-au votat, \u0103ia s\u0103 m\u0103&#8230;\u201d. Cele 10 porunci (de-)ale lui Barbu!"},"content":{"rendered":"\n<p class=\"wp-block-paragraph\">V\u0103dit din ce \u00een ce mai \u00een\u0163elept, pe m\u0103sur\u0103 ce spore\u015fte num\u0103rul c\u0103l\u0103toriilor  la Muntele Athos sau, pur \u015fi simplu, \u00een locuri exotice, primarul municipiului Giurgiu, <strong>dl.<\/strong> Nicolae Barbu, ne cam &#8222;distreaz\u0103&#8221; cu &#8230;. #VorbeDeDuhNuFapteConcrete.<\/p>\n\n\n\n<p class=\"wp-block-paragraph\">\u00cen afar\u0103 de citate din diverse filme sau pove\u015fti de adormit copiii, c\u00e2nd vrea s\u0103 transmit\u0103 mesaje colegilor din partid, edilul \u015fef le are \u015fi cu pasatul public al responsabilit\u0103\u0163ii. De preferat, \u00een Gr\u0103dina Domnului, c\u0103 e inutil de tras la r\u0103spundere \u0102l de Sus, nu?<\/p>\n\n\n\n<p class=\"wp-block-paragraph\">\u00cen contextul invaziei de \u0163\u00e2n\u0163ari #rezisten\u0163i, o coleg\u0103 l-a \u00eentrebat recent <em>de ce e vegeta\u0163ia c\u00e2t casa \u00een tot ora\u015ful<\/em>, iar r\u0103spunsul <strong>dl.<\/strong> domniei sale ar fi fost, a spus ea, c\u0103 n-ar mai vrea nimeni s\u0103 munceasc\u0103\u2026 E, asta era pic\u0103tura care umple paharul, pe cuv\u00e2nt!<\/p>\n\n\n\n<p class=\"wp-block-paragraph\">Pornind de la \u201cprima porunc\u0103\u201d pe care o vede\u0163i mai jos, ne-am\ng\u00e2ndit s\u0103-i d\u0103m \u015fi alte idei de r\u0103spuns <strong>dl.<\/strong>\nprimar, dac\u0103-l mai trage cineva la r\u0103spundere cu privire la ora\u015ful \u0103sta:<\/p>\n\n\n\n<ol class=\"wp-block-list\"><li><strong>Z\u0103pada<\/strong>: Cine-a dat-o, \u0103la s\u0103 o ia(\u0103sta e citat!)<\/li><li><strong>Inunda\u0163iile \u00een ora\u015f:<\/strong> Cine le-a provocat, \u0103la s\u0103 evacueze apele!<\/li><li><strong>T\u00e2n\u0163arii<\/strong>: Cine i-a creat, \u0103la s\u0103-i st\u00e2rpeasc\u0103!<\/li><li><strong>Praf<\/strong>: Cine l-a f\u0103cut, \u0103la s\u0103-l spele!<\/li><li><strong>Parcuri ne\u00eengrijite<\/strong>: Cine le-a f\u0103cut, \u0103la s\u0103 le \u00eentre\u0163in\u0103!<\/li><li><strong>Gunoi<\/strong>: Cine-l face, \u0103la s\u0103-l duc\u0103 la depozitul ecologic!<\/li><li><strong>Apa de la robinet<\/strong>: Cine-a f\u0103cut-o, \u0103la s\u0103 o transforme \u00een ap\u0103 potabil\u0103! Sau agheasm\u0103.<\/li><li><strong>Lipsa investitorilor<\/strong>: Care i-a gonit prima oar\u0103, \u0103ia s\u0103-i aduc\u0103 \u00eenapoi!<\/li><li><strong>Gaze \u015fi canalizare<\/strong>: Care le-a inventat, \u0103la s\u0103 le bage \u00een restul ora\u015fului!<\/li><li><strong>Gropile de pe toate drumuri<\/strong>le: A, B\u0103d\u0103l\u0103u \u015fi Mina sunt de vin\u0103!(ah, sta\u0163i, \u015fi \u0103sta-i citat)<\/li><\/ol>\n\n\n\n<figure class=\"wp-block-image\"><img decoding=\"async\" src=\"https:\/\/giurgiu-net.ro\/wp-content\/uploads\/2019\/06\/barbu-athos.jpg\" alt=\"\" class=\"wp-image-68052\"\/><\/figure>\n\n\n\n<p class=\"wp-block-paragraph\">*<strong>Acesta este un pamflet ce trebuie tratat ca atare! Fotografia este un trucaj, desigur&#8230; \ud83d\ude00<\/strong><\/p>\n\n\n\n<p class=\"wp-block-paragraph\">(fotografia original\u0103 cu dl. primar \u00eei apar\u0163ine lui Vasile Arcanu)<\/p>\n","protected":false},"excerpt":{"rendered":"<p>V\u0103dit din ce \u00een ce mai \u00een\u0163elept, pe m\u0103sur\u0103 ce spore\u015fte num\u0103rul c\u0103l\u0103toriilor la Muntele Athos sau, pur \u015fi simplu, \u00een locuri exotice, primarul municipiului Giurgiu, dl. Nicolae Barbu, ne cam &#8222;distreaz\u0103&#8221; cu &#8230;. #VorbeDeDuhNuFapteConcrete. \u00cen afar\u0103 de citate din diverse filme sau pove\u015fti de adormit copiii, c\u00e2nd vrea s\u0103 transmit\u0103 mesaje colegilor din partid, [&hellip;]<\/p>\n","protected":false},"author":1,"featured_media":68052,"comment_status":"open","ping_status":"open","sticky":false,"template":"","format":"standard","meta":{"slim_seo":{"title":"PAMFLET: Primarul \u201eCare m-au votat, \u0103ia s\u0103 m\u0103...\u201d. Cele 10 porunci (de-)ale lui Barbu! - GIURGIU NET","description":"V\u0103dit din ce \u00een ce mai \u00een\u0163elept, pe m\u0103sur\u0103 ce spore\u015fte num\u0103rul c\u0103l\u0103toriilor la Muntele Athos sau, pur \u015fi simplu, \u00een locuri exotice, primarul municipiului Giurgi"},"footnotes":""},"categories":[18,19,23,25,28],"tags":[1831],"class_list":["post-68051","post","type-post","status-publish","format-standard","has-post-thumbnail","category-actual","category-adm","category-pam","category-pol","category-uo","tag-nicolae-barbu"],"_links":{"self":[{"href":"https:\/\/giurgiu-net.ro\/index.php\/wp-json\/wp\/v2\/posts\/68051","targetHints":{"allow":["GET"]}}],"collection":[{"href":"https:\/\/giurgiu-net.ro\/index.php\/wp-json\/wp\/v2\/posts"}],"about":[{"href":"https:\/\/giurgiu-net.ro\/index.php\/wp-json\/wp\/v2\/types\/post"}],"author":[{"embeddable":true,"href":"https:\/\/giurgiu-net.ro\/index.php\/wp-json\/wp\/v2\/users\/1"}],"replies":[{"embeddable":true,"href":"https:\/\/giurgiu-net.ro\/index.php\/wp-json\/wp\/v2\/comments?post=68051"}],"version-history":[{"count":0,"href":"https:\/\/giurgiu-net.ro\/index.php\/wp-json\/wp\/v2\/posts\/68051\/revisions"}],"wp:attachment":[{"href":"https:\/\/giurgiu-net.ro\/index.php\/wp-json\/wp\/v2\/media?parent=68051"}],"wp:term":[{"taxonomy":"category","embeddable":true,"href":"https:\/\/giurgiu-net.ro\/index.php\/wp-json\/wp\/v2\/categories?post=68051"},{"taxonomy":"post_tag","embeddable":true,"href":"https:\/\/giurgiu-net.ro\/index.php\/wp-json\/wp\/v2\/tags?post=68051"}],"curies":[{"name":"wp","href":"https:\/\/api.w.org\/{rel}","templated":true}]}}