{"id":67618,"date":"2019-05-29T12:28:50","date_gmt":"2019-05-29T09:28:50","guid":{"rendered":"http:\/\/giurgiu-net.ro\/?p=67618"},"modified":"2019-05-29T12:28:50","modified_gmt":"2019-05-29T09:28:50","slug":"bani-de-la-guvern-pentru-repararea-podului-de-la-crevedia","status":"publish","type":"post","link":"https:\/\/giurgiu-net.ro\/index.php\/2019\/05\/29\/bani-de-la-guvern-pentru-repararea-podului-de-la-crevedia\/","title":{"rendered":"Bani de la Guvern pentru repararea podului de la Crevedia"},"content":{"rendered":"\n<p>Rectificarea bugetului propriu de venituri \u015fi cheltuieli al jude\u0163ului Giurgiu pe 2019 a fost un alt proiect de hot\u0103r\u00e2re adoptat, azi, \u00een \u015fedin\u0163a ordinar\u0103 a Consiliului Jude\u0163ean Giurgiu.<\/p>\n\n\n\n<p>Vicepre\u015fedintele Lucian Corozel a anun\u0163at c\u0103 au fost alocate de la Guvern peste 5.400 de lei, bani ce vor fi folosi\u0163i pentru repararea Podului de peste Neajlov, de pe Drumul Jude\u0163ean 601, \u00een Crevedia Mare.<\/p>\n\n\n\n<p>&#8222;Este o sum\u0103 alocat\u0103 din Fondul de Rezerv\u0103 al Guvernului, mul\u0163umim pe aceast\u0103 cale pentru sprijin! Podul a fost construit \u00een 1955, se afl\u0103 \u00eentr-o stare de degradare avansat\u0103, se circul\u0103 pe o singur\u0103 band\u0103, \u00een prezent!&#8221; a subliniat Lucian Corozel.<\/p>\n","protected":false},"excerpt":{"rendered":"<p>Rectificarea bugetului propriu de venituri \u015fi cheltuieli al jude\u0163ului Giurgiu pe 2019 a fost un alt proiect de hot\u0103r\u00e2re adoptat, azi, \u00een \u015fedin\u0163a ordinar\u0103 a Consiliului Jude\u0163ean Giurgiu. Vicepre\u015fedintele Lucian Corozel a anun\u0163at c\u0103 au fost alocate de la Guvern peste 5.400 de lei, bani ce vor fi folosi\u0163i pentru repararea Podului de peste Neajlov, [&hellip;]<\/p>\n","protected":false},"author":1,"featured_media":67619,"comment_status":"open","ping_status":"open","sticky":false,"template":"","format":"standard","meta":{"slim_seo":{"title":"Bani de la Guvern pentru repararea podului de la Crevedia - GIURGIU NET","description":"Rectificarea bugetului propriu de venituri \u015fi cheltuieli al jude\u0163ului Giurgiu pe 2019 a fost un alt proiect de hot\u0103r\u00e2re adoptat, azi, \u00een \u015fedin\u0163a ordinar\u0103 a Cons"},"footnotes":""},"categories":[18,19,28],"tags":[606],"class_list":{"0":"post-67618","1":"post","2":"type-post","3":"status-publish","4":"format-standard","5":"has-post-thumbnail","7":"category-actual","8":"category-adm","9":"category-uo","10":"tag-cj-giurgiu"},"_links":{"self":[{"href":"https:\/\/giurgiu-net.ro\/index.php\/wp-json\/wp\/v2\/posts\/67618","targetHints":{"allow":["GET"]}}],"collection":[{"href":"https:\/\/giurgiu-net.ro\/index.php\/wp-json\/wp\/v2\/posts"}],"about":[{"href":"https:\/\/giurgiu-net.ro\/index.php\/wp-json\/wp\/v2\/types\/post"}],"author":[{"embeddable":true,"href":"https:\/\/giurgiu-net.ro\/index.php\/wp-json\/wp\/v2\/users\/1"}],"replies":[{"embeddable":true,"href":"https:\/\/giurgiu-net.ro\/index.php\/wp-json\/wp\/v2\/comments?post=67618"}],"version-history":[{"count":0,"href":"https:\/\/giurgiu-net.ro\/index.php\/wp-json\/wp\/v2\/posts\/67618\/revisions"}],"wp:featuredmedia":[{"embeddable":true,"href":"https:\/\/giurgiu-net.ro\/index.php\/wp-json\/"}],"wp:attachment":[{"href":"https:\/\/giurgiu-net.ro\/index.php\/wp-json\/wp\/v2\/media?parent=67618"}],"wp:term":[{"taxonomy":"category","embeddable":true,"href":"https:\/\/giurgiu-net.ro\/index.php\/wp-json\/wp\/v2\/categories?post=67618"},{"taxonomy":"post_tag","embeddable":true,"href":"https:\/\/giurgiu-net.ro\/index.php\/wp-json\/wp\/v2\/tags?post=67618"}],"curies":[{"name":"wp","href":"https:\/\/api.w.org\/{rel}","templated":true}]}}